{"id":8330,"date":"2018-10-02T02:25:00","date_gmt":"2018-10-02T02:25:00","guid":{"rendered":"http:\/\/fmriachuelo.com.ar\/?p=8330"},"modified":"2018-10-02T02:25:00","modified_gmt":"2018-10-02T02:25:00","slug":"si-ganan-los-trabajadores-gana-todo-el-movimiento-obrero","status":"publish","type":"post","link":"http:\/\/fmriachuelo.it10.com.ar\/index.php\/2018\/10\/02\/si-ganan-los-trabajadores-gana-todo-el-movimiento-obrero\/","title":{"rendered":"\u00abSI GANAN LOS TRABAJADORES GANA TODO EL MOVIMIENTO OBRERO\u00bb"},"content":{"rendered":"<p>[<strong>FM Riachuelo 01\/10\/2018]<\/strong> <strong>En el programa Mateando en el riachuelo, acompa\u00f1aron hoy a los trabajadores\u00a0 de Gaelle que realizaron una Asamblea abierta en la puerta de la f\u00e1brica.<\/strong><\/p>\n<p>Los Trabajadores\/as llevan meses de lucha en la defensa de sus puestos de trabajo, exigiendo el\u00a0 pago de indemnizaciones. Los due\u00f1os de la f\u00e1brica, de apellido L\u00f3pez, despidieron a gran parte del personal y se niegan a pagar deudas indemnizatorias y no se presentan en las instancias de negociaci\u00f3n en el Ministerio de Trabajo.<\/p>\n<p>Por eso, los damnificados comenzaron un plan de lucha apoyados por decenas de organizaciones solidarias con las que conformaron un comit\u00e9 de apoyo.<\/p>\n<p>El viernes 28 de septiembre realizaron una olla popular y tambi\u00e9n participaron del paro activo, asistiendo a la jornada en el puente Pueyrred\u00f3n. Los trabajadores convocan a la unidad y solidaridad con su lucha y\u00a0 con la de otros cientos de conflictos en curso, afectados directamente por el ajuste de Macri.<\/p>\n<p>Es por eso que este lunes 1 de octubre a las 9hs, llevaron a cabo una Asamblea abierta en\u00a0 Mario Bravo 1965, Pi\u00f1eyro ,Avellaneda, donde est\u00e1 ubicada la f\u00e1brica, para debatir c\u00f3mo seguir impulsando acciones de solidaridad.\u00a0 Asistieron a esta Asamblea organizaciones sociales, pol\u00edticas, de derechos humanos, estudiantiles y sindicales para apoyar a los compa\u00f1eros despedidos.<\/p>\n<p>Fm Riachuelo, estuvo presente acompa\u00f1ando y conversamos con Mar\u00eda Blanco, delegada, qui\u00e9n manifest\u00f3 <em><strong>\u201cHace un mes llegamos a la puerta de la f\u00e1brica y la encontramos cerrada, con un cartel\u00a0 que dec\u00eda: sin actividad\u201d<\/strong><\/em>. Mar\u00eda cont\u00f3 que comenzaron a gestionar\u00a0 las audiencias con el sindicato y el ministerio, pero viendo que el due\u00f1o nunca se present\u00f3 a estas audiencias les aconsejaron que buscasen abogados, por eso es que comenzaron a venir en el horario de la tarde y como no lograron ingresar para sus puestos de trabajo, est\u00e1n ahora bloqueando las salidas para que no puedan sacar las camionetas con producci\u00f3n.<\/p>\n<p><em><strong>\u201cSomos cincuenta lxs despedidxs y estamos\u00a0 ac\u00e1 con\u00a0 las\u00a0 organizaciones sociales que nos vinieron a ayudar\u00a0 para que\u00a0 no bajemos los brazos\u201d<\/strong><\/em>, dijo la delegada.<\/p>\n<p>Un nuevo recorte afecta a estos trabajadores que decidieron resistir organizados.<\/p>\n","protected":false},"excerpt":{"rendered":"<p>[FM Riachuelo 01\/10\/2018] En el programa Mateando en el riachuelo, acompa\u00f1aron hoy a los trabajadores\u00a0 de Gaelle que realizaron una Asamblea abierta en la puerta de la f\u00e1brica. Los Trabajadores\/as llevan meses de lucha en la defensa de sus puestos de trabajo, exigiendo el\u00a0 pago de indemnizaciones. Los due\u00f1os de la f\u00e1brica, de apellido L\u00f3pez, [&hellip;]<\/p>\n","protected":false},"author":5,"featured_media":8331,"comment_status":"open","ping_status":"open","sticky":false,"template":"","format":"standard","meta":{"_monsterinsights_skip_tracking":false,"_monsterinsights_sitenote_active":false,"_monsterinsights_sitenote_note":"","_monsterinsights_sitenote_category":0,"jnews-multi-image_gallery":[],"jnews_single_post":[],"jnews_primary_category":[],"_joinchat":[],"footnotes":""},"categories":[76,75],"tags":[],"class_list":["post-8330","post","type-post","status-publish","format-standard","has-post-thumbnail","hentry","category-salud-comunitaria","category-trabajo"],"_links":{"self":[{"href":"http:\/\/fmriachuelo.it10.com.ar\/index.php\/wp-json\/wp\/v2\/posts\/8330","targetHints":{"allow":["GET"]}}],"collection":[{"href":"http:\/\/fmriachuelo.it10.com.ar\/index.php\/wp-json\/wp\/v2\/posts"}],"about":[{"href":"http:\/\/fmriachuelo.it10.com.ar\/index.php\/wp-json\/wp\/v2\/types\/post"}],"author":[{"embeddable":true,"href":"http:\/\/fmriachuelo.it10.com.ar\/index.php\/wp-json\/wp\/v2\/users\/5"}],"replies":[{"embeddable":true,"href":"http:\/\/fmriachuelo.it10.com.ar\/index.php\/wp-json\/wp\/v2\/comments?post=8330"}],"version-history":[{"count":0,"href":"http:\/\/fmriachuelo.it10.com.ar\/index.php\/wp-json\/wp\/v2\/posts\/8330\/revisions"}],"wp:featuredmedia":[{"embeddable":true,"href":"http:\/\/fmriachuelo.it10.com.ar\/index.php\/wp-json\/"}],"wp:attachment":[{"href":"http:\/\/fmriachuelo.it10.com.ar\/index.php\/wp-json\/wp\/v2\/media?parent=8330"}],"wp:term":[{"taxonomy":"category","embeddable":true,"href":"http:\/\/fmriachuelo.it10.com.ar\/index.php\/wp-json\/wp\/v2\/categories?post=8330"},{"taxonomy":"post_tag","embeddable":true,"href":"http:\/\/fmriachuelo.it10.com.ar\/index.php\/wp-json\/wp\/v2\/tags?post=8330"}],"curies":[{"name":"wp","href":"https:\/\/api.w.org\/{rel}","templated":true}]}}