{"id":8325,"date":"2018-10-01T23:16:22","date_gmt":"2018-10-01T23:16:22","guid":{"rendered":"http:\/\/fmriachuelo.com.ar\/?p=8325"},"modified":"2018-10-01T23:16:22","modified_gmt":"2018-10-01T23:16:22","slug":"semana-de-lucha-contra-el-ajuste-del-fmi","status":"publish","type":"post","link":"http:\/\/fmriachuelo.it10.com.ar\/index.php\/2018\/10\/01\/semana-de-lucha-contra-el-ajuste-del-fmi\/","title":{"rendered":"SEMANA DE LUCHA CONTRA EL AJUSTE DEL FMI"},"content":{"rendered":"<p><strong>[FM RIACHUELO 01\/10\/2018]\u00a0Hoy frente al Congreso la CTA Aut\u00f3noma dio inicio a una nueva jornada de lucha \u00abcontra el Presupuesto del FMI; por Trabajo, Producci\u00f3n y Soberan\u00eda\u201d. El acampe que durar\u00e1 hasta el viernes tiene un cronograma que incluye la proyecci\u00f3n de documentales, muestras art\u00edsticas, y la presentaci\u00f3n de un documento cr\u00edtico al Presupuesto<\/strong>.<\/p>\n<p>El secretario de Derechos Humanos de la CTEP, Lito Borello estuvo presente y dialog\u00f3 con FM Riachuelo acerca de la jornada nacional de protesta del 24 y 25 de septiembre <em>\u201cmarcaron un punto de inflexi\u00f3n en el proceso de acumulaci\u00f3n de nuestro pueblo, creo que aunque hay mucha unidad por construir, mucha organizaci\u00f3n por fortalecer, nuestro pueblo mostro de punta a punta del pa\u00eds que est\u00e1 de pie y dispuesto a resistir\u201d. Y agreg\u00f3 que aunque el gobierno va a ser sordo a los reclamos \u201cel pueblo se ha decidido a construir un proyecto alternativo\u201d.<\/em><\/p>\n<p>El eje central del acampe gira en torno al rechazo del presupuesto que pretende aprobar el gobierno y que significar\u00e1 un brutal ajuste impuesto por el organismo internacional que dirige Christine Lagarde. Al respecto el dirigente sostuvo <em>\u201ces importante que durante el acampe se lleve adelante el debate de un tema que est\u00e1 bastante oculto a la sociedad, y que lo hacen dif\u00edcil a prop\u00f3sito para que no se entienda\u201d<\/em>. Y explic\u00f3 que <em>\u201cel presupuesto es como en una casa, es el dinero que define como vive una familia, por lo tanto ese debate lo tienen que llevar adelante los trabajadores y est\u00e1 perfecto que durante una semana, los que est\u00e1n adentro del palacio sepan que ac\u00e1 estamos construyendo entre todos un proyecto de presupuesto alternativo que intenta proponer un modelo de pa\u00eds diferente\u201d.<\/em><\/p>\n<p>Por su parte, el secretario de prensa de R\u00edo Turbio coment\u00f3: \u201c<em>es la \u00fanica forma que tenemos de protestar, de forma pac\u00edfica en el acampe, demostrando nuestro descontento\u201d.<\/em> Con respecto a la situaci\u00f3n de la empresa donde trabaja expres\u00f3: <em>\u201csi la cierran o privatizan quedar\u00edan muchas familias sin comer, son dos localidades, 28 de Noviembre y R\u00edo Turbio. Es preocupante la pol\u00edtica neoliberal de este gobierno con las empresas del estado\u201d.<\/em><\/p>\n<p><strong>Cronograma de actividades:<\/strong><\/p>\n<p><strong>El martes<\/strong>, se prev\u00e9 para las 10 una charla -debate sobre la situaci\u00f3n del sector aerocomercial; a las 12 una charla-debate sobre la situaci\u00f3n de los trabajadores de los ministerios que pasaron a ser Secretar\u00edas, y a las 13 instalar\u00e1n la carpa del Foro Feminista contra el G-20.<br \/>\nA las 14 presentar\u00e1n el documento cr\u00edtico contra el Presupuesto, con la presencia de diputados y senadores de diferentes bloques; dos horas m\u00e1s tarde habr\u00e1 una charla-debate sobre c\u00f3mo afecta el Presupuesto a las mujeres trabajadoras: cada vez menos presupuesto para pol\u00edticas de g\u00e9nero, y a las 19 el cierre tendr\u00e1 la murga \u201cPayasxs de Overol\u201d.<\/p>\n<p><strong>El mi\u00e9rcoles<\/strong> a las 10 se instalar\u00e1 la muestra art\u00edstica itinerante sobre Mercedes Sosa, y una hora despu\u00e9s presentar\u00e1n la mesa de impacto del Presupuesto en las provincias, con la presencia de legisladores provinciales y nacionales de diferentes distritos del pa\u00eds.<br \/>\nA las 15 del mi\u00e9rcoles, est\u00e1 prevista la charla-debate sobre la situaci\u00f3n de la Seguridad Social (ANSeS, PAMI, Pensiones y Discapacidad); a las 16 una charla-debate sobre la situaci\u00f3n de Astilleros, Fabricaciones Militares, V\u00edas Navegables, Talleres de las Fuerzas Armadas, Civiles e INTI; a las 18 exhibir\u00e1n la pel\u00edcula \u201cUna historia de Madres\u201d, con la presencia de Nora Corti\u00f1as y el director de la pel\u00edcula, Ernesto Gut; y a las 19 habr\u00e1 una actividad de los mineros de R\u00edo Turbio (Intersindical ATE, APSPyT, Luz y Fuerza, la Fraternidad), con el abrazo simb\u00f3lico al Congreso y marcha de antorchas.<\/p>\n<p><strong>El jueves<\/strong> a las 10 habr\u00e1 una charla-debate sobre la erradicaci\u00f3n de la pobreza y las pol\u00edticas sociales; a las 12 charla-debate sobre la producci\u00f3n nacional y la obra p\u00fablica, con la SITRAIC, trabajadores visitadores m\u00e9dicos, PyMEs, trabajadores del cuero, Correos Privados; y a las 13 habr\u00e1 una\u00a0<a href=\"https:\/\/www.cronica.com.ar\/tags\/marcha\">marcha<\/a>\u00a0del exministerio de Salud a Plaza de Mayo.<br \/>\nA las 14 har\u00e1n una clase p\u00fablica sobre Agroindustria y soberan\u00eda alimentaria (SENASA, INTA, Agricultura Familiar), a las 17 una charla sobre la problem\u00e1tica de la Salud, y a las 18 se prev\u00e9 el cierre con un homenaje a\u00a0Mercedes Sosa.<\/p>\n<p>La \u00faltima jornada es <strong>el viernes<\/strong>, dedicada a la \u201cEducaci\u00f3n, Ciencia y Tecnolog\u00eda\u201d. A las 10 habr\u00e1 charla-debate sobre la situaci\u00f3n de la ciencia y la tecnolog\u00eda: INTI, CNEA, CONEA, CONICET, ARSAT, telef\u00f3nicos de FOETRA; y una charla-debate sobre la situaci\u00f3n de la educaci\u00f3n: CONADU Hist\u00f3rica, CTERA, SUTEBA, ADEMyS, Federaciones Estudiantiles Secundarias y Universitarias. A las 14 habr\u00e1 una charla-debate sobre la situaci\u00f3n de los trabajadores nucleares y de la energ\u00eda: Atucha, PIAP (Planta Industrial Agua Pesada) y la Multisectorial de Z\u00e1rate-Campana (26 sindicatos de trabajadores de la energ\u00eda y nucleares). El acto de cierre ser\u00e1 a las 16.<\/p>\n<p>&nbsp;<\/p>\n","protected":false},"excerpt":{"rendered":"<p>[FM RIACHUELO 01\/10\/2018]\u00a0Hoy frente al Congreso la CTA Aut\u00f3noma dio inicio a una nueva jornada de lucha \u00abcontra el Presupuesto del FMI; por Trabajo, Producci\u00f3n y Soberan\u00eda\u201d. El acampe que durar\u00e1 hasta el viernes tiene un cronograma que incluye la proyecci\u00f3n de documentales, muestras art\u00edsticas, y la presentaci\u00f3n de un documento cr\u00edtico al Presupuesto. El [&hellip;]<\/p>\n","protected":false},"author":5,"featured_media":8326,"comment_status":"open","ping_status":"open","sticky":false,"template":"","format":"standard","meta":{"_monsterinsights_skip_tracking":false,"_monsterinsights_sitenote_active":false,"_monsterinsights_sitenote_note":"","_monsterinsights_sitenote_category":0,"jnews-multi-image_gallery":[],"jnews_single_post":[],"jnews_primary_category":[],"_joinchat":[],"footnotes":""},"categories":[78,76,75],"tags":[],"class_list":["post-8325","post","type-post","status-publish","format-standard","has-post-thumbnail","hentry","category-economia-popular","category-salud-comunitaria","category-trabajo"],"_links":{"self":[{"href":"http:\/\/fmriachuelo.it10.com.ar\/index.php\/wp-json\/wp\/v2\/posts\/8325","targetHints":{"allow":["GET"]}}],"collection":[{"href":"http:\/\/fmriachuelo.it10.com.ar\/index.php\/wp-json\/wp\/v2\/posts"}],"about":[{"href":"http:\/\/fmriachuelo.it10.com.ar\/index.php\/wp-json\/wp\/v2\/types\/post"}],"author":[{"embeddable":true,"href":"http:\/\/fmriachuelo.it10.com.ar\/index.php\/wp-json\/wp\/v2\/users\/5"}],"replies":[{"embeddable":true,"href":"http:\/\/fmriachuelo.it10.com.ar\/index.php\/wp-json\/wp\/v2\/comments?post=8325"}],"version-history":[{"count":0,"href":"http:\/\/fmriachuelo.it10.com.ar\/index.php\/wp-json\/wp\/v2\/posts\/8325\/revisions"}],"wp:featuredmedia":[{"embeddable":true,"href":"http:\/\/fmriachuelo.it10.com.ar\/index.php\/wp-json\/"}],"wp:attachment":[{"href":"http:\/\/fmriachuelo.it10.com.ar\/index.php\/wp-json\/wp\/v2\/media?parent=8325"}],"wp:term":[{"taxonomy":"category","embeddable":true,"href":"http:\/\/fmriachuelo.it10.com.ar\/index.php\/wp-json\/wp\/v2\/categories?post=8325"},{"taxonomy":"post_tag","embeddable":true,"href":"http:\/\/fmriachuelo.it10.com.ar\/index.php\/wp-json\/wp\/v2\/tags?post=8325"}],"curies":[{"name":"wp","href":"https:\/\/api.w.org\/{rel}","templated":true}]}}