{"id":831,"date":"2014-12-27T23:46:00","date_gmt":"2014-12-27T23:46:00","guid":{"rendered":"http:\/\/fmriachuelo.observatorioess.org.ar\/index.php\/2014\/12\/27\/la-situacion-en-palestina-relatada-por-una-periodista-espanola\/"},"modified":"2025-03-25T14:23:21","modified_gmt":"2025-03-25T17:23:21","slug":"la-situacion-en-palestina-relatada-por-una-periodista-espanola","status":"publish","type":"post","link":"http:\/\/fmriachuelo.it10.com.ar\/index.php\/2014\/12\/27\/la-situacion-en-palestina-relatada-por-una-periodista-espanola\/","title":{"rendered":"LA SITUACI\u00d3N EN PALESTINA RELATADA POR UNA PERIODISTA ESPA\u00d1OLA"},"content":{"rendered":"<div><strong><span style=\"color: red;font-family: Verdana, sans-serif;line-height: 115%\"><span style=\"font-size: large\">\u00abCUANDO CAE LA NOCHE EN GAZA, SABES QUE ERES CARNE DE CA\u00d1\u00d3N\u00bb<\/span><\/span><\/strong><\/div>\n<div style=\"clear: both;text-align: center\"><a href=\"http:\/\/3.bp.blogspot.com\/-BqwldGhGXH0\/VJ9EiY7umPI\/AAAAAAAACJ4\/kpt4Weqq2Gg\/s1600\/PALESTINA%2BLIBRE.jpg\" style=\"clear: left;float: left;margin-bottom: 1em;margin-right: 1em\"><img decoding=\"async\" border=\"0\" src=\"http:\/\/3.bp.blogspot.com\/-BqwldGhGXH0\/VJ9EiY7umPI\/AAAAAAAACJ4\/kpt4Weqq2Gg\/s1600\/PALESTINA%2BLIBRE.jpg\" \/><\/a><\/div>\n<p><span style=\"font-family: Verdana, sans-serif\">Carmen Rengel, corresponsal en Jerusal\u00e9n<\/span><span style=\"font-family: Verdana, sans-serif\">\u00abEstampas de dignidad, fortaleza y solidaridad\u00bb. As\u00ed describe la periodista Carmen Rengel su experiencia durante la ofensiva israel\u00ed sobre Gaza. La colaboradora de la Ser, <\/span><span style=\"font-family: Verdana, sans-serif\"> El Pa\u00eds<\/span><span style=\"font-family: Verdana, sans-serif\"> y <\/span><span style=\"font-family: Verdana, sans-serif\"> M\u00b4Sur<\/span><span style=\"font-family: Verdana, sans-serif\"> (medio asociado a <\/span><span style=\"font-family: Verdana, sans-serif\"> Eldiario Andaluc\u00eda<\/span><span style=\"font-family: Verdana, sans-serif\">) asegura que ha vivido la operaci\u00f3n militar \u00abcomo una pesadilla por el ritmo brutal de trabajo y por las noticias tan terribles que llegaban desde Gaza. Todav\u00eda me pregunto c\u00f3mo pude aguantar dos meses trabajando a pi\u00f1\u00f3n durante 12 o 14 horas al d\u00eda. Te aguantan las noticias y el \u00e1nimo de la gente que te quiere\u00bb.<\/span><br \/><a name='more'><\/a><span style=\"font-family: Verdana, sans-serif\">Durante los 50 d\u00edas que dur\u00f3 la operaci\u00f3n Margen Protector, murieron 67 israel\u00edes (casi todos, militares) y 2100 palestinos (civiles, la mayor\u00eda de ellos). Rengel considera que \u00abcon la ofensiva de Gaza se ha arrollado a una poblaci\u00f3n civil. Israel tiene tecnolog\u00eda para distinguir entre un objetivo civil y uno militar. Creo que la pulcritud que le ped\u00eda Naciones Unidas a la hora de seleccionar objetivos se podr\u00eda afinar mucho m\u00e1s\u00bb. La periodista recuerda que \u00abes cierto que los cohetes de las milicias [de Ham\u00e1s] est\u00e1n teniendo amedrentados a cinco millones de israel\u00edes, pero tambi\u00e9n lo es que Israel cuenta con un sistema de protecci\u00f3n que no existe en Gaza. Si vas a aquella tierra, forzosamente tienes que contar que hay una parte que sufre m\u00e1s que otra y que hay un statu quo que beneficia a Israel\u00bb.<\/span><br \/><span style=\"font-family: Verdana, sans-serif\">En este sentido, Rengel subraya que \u00aben Israel hay una palabra que se repite constantemente: \u2018bitajon\u2019. Significa seguridad. Cualquier cosa que se haga por una cuesti\u00f3n de seguridad est\u00e1 justificada para el gobierno y para su poblaci\u00f3n, que, en un 90%, ha avalado la ofensiva contra Gaza de este verano\u00bb. Eso s\u00ed, recuerda que \u00bb all\u00ed no hay buenos ni malos, hay gente que sufra m\u00e1s y gente que sufre menos\u00bb. Carmen subraya adem\u00e1s que, a pesar de las simpat\u00edas que despierta la causa palestina en nuestro pa\u00eds, \u00aben Espa\u00f1a hay bastante desconocimiento del conflicto. Los medios deber\u00edamos recordar sus claves m\u00e1s a menudo\u00bb.<\/p>\n<p><strong>La dos caras de la guerra<\/strong><br \/> A nivel personal, y tras cuatro a\u00f1os informando sobre el conflicto, ha llegado a la conclusi\u00f3n de que el t\u00f3pico es cierto: la guerra saca a flote lo peor y lo mejor del ser humano. Ha visto a once ni\u00f1os muertos tras un bombardeo israel\u00ed, pero tambi\u00e9n ha sido testigo de acciones heroicas cotidianas como \u00absalir en coche a las mil de la noche para ayudar a un hijo, un primo o un vecino, sabiendo que a esas horas Israel bombardea de manera indiscriminada\u00bb.<br \/> Como periodista, asegura que \u00abno pasas tanto miedo, porque las rutinas del trabajo te sirven como escudo. Te aferras a ellas y eso te ciega. En Gaza s\u00ed se pasa miedo cuando hay bombardeos. Cuando cae el sol y est\u00e1s en la calle apurando una historia, sabes que eres carne de ca\u00f1\u00f3n. La boca se te vuelve pastosa, las piernas flojean y piensas \u00abv\u00e1monos, v\u00e1monos, v\u00e1monos&#8230;\u00bb\u00bb. Hasta que no ha pisado el campo de batalla, no ha podido averiguar si, como dicen los m\u00e1s veteranos, la guerra es adictiva. \u00abLa guerra atrae por la adrenalina, te sale por la punta del pelo: tu vida vale lo mismo que la de la persona que tienes al lado y tienes la certeza de que se puede acabar muy pronto. Te demuestra que en un segundo puedes perderlo todo por un motivo que ni siquiera entiendes\u00bb, revela.<\/p>\n<p><strong>Convivir con la muerte<\/strong><br \/> Convivir con tanta muerte resulta \u00abcomplicado, pero lo terminas relativizando. Te aferras a tu rutina y te obligas a tener un trato exquisito con las familias que han tenido una p\u00e9rdida. Si dejas que todas, todas las historias te calen, te paralizas. El vaso se llena muy pronto y no puedes seguir all\u00ed\u00bb. Confiesa que \u00bb hay muchos momentos en los que sientes impotencia. Tratas de describir una situaci\u00f3n sangrante y la comunidad internacional no hace nada. Tambi\u00e9n me siento muy impotente cuando mi propia gente hace afirmaciones muy f\u00e1ciles sobre el conflicto. En esos momentos me pregunto qu\u00e9 estamos haciendo mal los periodistas\u00bb.<br \/> Eso, cuenta, se ve compensado por la gratitud que recibe de las personas que viven en zonas de conflicto. \u00abLa gente te agradece que vayas hasta all\u00ed a contarlo. Eso es impagable\u00bb. Asegura adem\u00e1s que \u00bb ser mujer me ha dado m\u00e1s alegr\u00edas que tristezas. Te ven m\u00e1s como un profesional que como un sexo determinado. Es verdad que te puedes encontrar con un se\u00f1or ultraortodoxo que no te quiere ni rozar o con un se\u00f1or super radical que te obliga a cubrirte la cabeza. Tambi\u00e9n es verdad que ha habido miradas de repudio, pero lo bueno es que se te abre la otra mitad de la poblaci\u00f3n\u00bb. Por ejemplo, durante el entierro de los once ni\u00f1os que murieron bajo bombardeo israel\u00ed, \u00ablas mujeres me dieron unos testimonios que los hombres no me iban a ofrecer nunca\u00bb.<br \/> Carmen, que so\u00f1aba de ni\u00f1a con vivir aventuras en pa\u00edses lejanos, ha aprendido que la felicidad tambi\u00e9n puede ser disfrutar de cuatro p\u00e1ginas de un libro, mientras te tomas un caf\u00e9 y un rayito de sol entra por la ventana. En una estaci\u00f3n de servicio de Israel, tras una dura jornada en Gaza y a tan solo un kil\u00f3metro de la frontera. \u00bb Incluso estos ratos est\u00e1n contaminados. A veces lo disfrutas con mala conciencia y te flagelas, pero entonces te dices que t\u00fa tambi\u00e9n necesitas ox\u00edgeno\u2026 porque \u00e9ste, en el fondo, no es tu conflicto\u00bb, concluye<\/span>.<br \/><b><span style=\"color: #0b5394;font-family: Verdana, sans-serif;font-size: x-small\">FUENTE: PALESTINA LIBRE, PRODUCCI\u00d3N RIACHUELO<\/span><\/b><br \/><b><span style=\"color: #0b5394;font-family: Verdana, sans-serif;font-size: x-small\"><a href=\"http:\/\/3.bp.blogspot.com\/-VB9e-3wPYdY\/VJ9EuHwp5jI\/AAAAAAAACKA\/u-DUKyNo1Zk\/s1600\/COOP%2BRIACHIUELO%2BPRODUCCIONES.jpg\" style=\"clear: left;margin-bottom: 1em;margin-right: 1em;text-align: center\"><img loading=\"lazy\" decoding=\"async\" border=\"0\" src=\"http:\/\/3.bp.blogspot.com\/-VB9e-3wPYdY\/VJ9EuHwp5jI\/AAAAAAAACKA\/u-DUKyNo1Zk\/s1600\/COOP%2BRIACHIUELO%2BPRODUCCIONES.jpg\" height=\"58\" width=\"200\" \/><\/a><\/span><\/b><\/p>\n","protected":false},"excerpt":{"rendered":"<p>\u00abCUANDO CAE LA NOCHE EN GAZA, SABES QUE ERES CARNE DE CA\u00d1\u00d3N\u00bb Carmen Rengel, corresponsal en Jerusal\u00e9n\u00abEstampas de dignidad, fortaleza y solidaridad\u00bb. As\u00ed describe la periodista Carmen Rengel su experiencia durante la ofensiva israel\u00ed sobre Gaza. La colaboradora de la Ser, El Pa\u00eds y M\u00b4Sur (medio asociado a Eldiario Andaluc\u00eda) asegura que ha vivido la [&hellip;]<\/p>\n","protected":false},"author":4,"featured_media":0,"comment_status":"open","ping_status":"open","sticky":false,"template":"","format":"standard","meta":{"_monsterinsights_skip_tracking":false,"_monsterinsights_sitenote_active":false,"_monsterinsights_sitenote_note":"","_monsterinsights_sitenote_category":0,"jnews-multi-image_gallery":[],"jnews_single_post":{"format":"standard"},"jnews_primary_category":[],"_joinchat":[],"footnotes":""},"categories":[58],"tags":[167],"class_list":["post-831","post","type-post","status-publish","format-standard","hentry","category-noticiariachuelo","tag-politica-internacional"],"_links":{"self":[{"href":"http:\/\/fmriachuelo.it10.com.ar\/index.php\/wp-json\/wp\/v2\/posts\/831","targetHints":{"allow":["GET"]}}],"collection":[{"href":"http:\/\/fmriachuelo.it10.com.ar\/index.php\/wp-json\/wp\/v2\/posts"}],"about":[{"href":"http:\/\/fmriachuelo.it10.com.ar\/index.php\/wp-json\/wp\/v2\/types\/post"}],"author":[{"embeddable":true,"href":"http:\/\/fmriachuelo.it10.com.ar\/index.php\/wp-json\/wp\/v2\/users\/4"}],"replies":[{"embeddable":true,"href":"http:\/\/fmriachuelo.it10.com.ar\/index.php\/wp-json\/wp\/v2\/comments?post=831"}],"version-history":[{"count":1,"href":"http:\/\/fmriachuelo.it10.com.ar\/index.php\/wp-json\/wp\/v2\/posts\/831\/revisions"}],"predecessor-version":[{"id":22088,"href":"http:\/\/fmriachuelo.it10.com.ar\/index.php\/wp-json\/wp\/v2\/posts\/831\/revisions\/22088"}],"wp:attachment":[{"href":"http:\/\/fmriachuelo.it10.com.ar\/index.php\/wp-json\/wp\/v2\/media?parent=831"}],"wp:term":[{"taxonomy":"category","embeddable":true,"href":"http:\/\/fmriachuelo.it10.com.ar\/index.php\/wp-json\/wp\/v2\/categories?post=831"},{"taxonomy":"post_tag","embeddable":true,"href":"http:\/\/fmriachuelo.it10.com.ar\/index.php\/wp-json\/wp\/v2\/tags?post=831"}],"curies":[{"name":"wp","href":"https:\/\/api.w.org\/{rel}","templated":true}]}}