{"id":8305,"date":"2018-09-29T16:12:06","date_gmt":"2018-09-29T16:12:06","guid":{"rendered":"http:\/\/fmriachuelo.com.ar\/?p=8305"},"modified":"2018-09-29T16:12:06","modified_gmt":"2018-09-29T16:12:06","slug":"tenemos-que-proponer-que-haya-tierra-para-los-movimientos-populares-para-poder-garantizar-la-soberania-alimentaria","status":"publish","type":"post","link":"http:\/\/fmriachuelo.it10.com.ar\/index.php\/2018\/09\/29\/tenemos-que-proponer-que-haya-tierra-para-los-movimientos-populares-para-poder-garantizar-la-soberania-alimentaria\/","title":{"rendered":"\u00abHAY QUE EMPEZAR A  DISCUTIR UN MODELO DE PAIS Y CONSTRUIR ALTERNATIVAS  A LA ECONOMIA DE MERCADO"},"content":{"rendered":"<p><strong>[Poetas Sociales &#8211; FM Riachuelo 29\/09\/2018]\u00a0Desde \u00abPoetas Sociales\u00bb\u00a0 (que se emite todos los viernes de 17 a 18) entrevistaron a Esteban \u201cGringo\u201d Castro, Secretario General de la Confederaci\u00f3n de Trabajadores de la \u00a0Econom\u00eda Popular, para balancear sobre las jornadas \u00a0de lucha del 24 y 25, \u00a0que llevaron adelante los movimientos populares y sindicales en contra de las pol\u00edticas del gobierno de Macri. <\/strong><\/p>\n<p><strong>Poetas Sociales: \u00bfQu\u00e9 balance \u00a0haces de las jornadas de lucha de esta semana, m\u00e1s precisamente los d\u00edas 24 y 25?<\/strong><\/p>\n<p><strong>Gringo Castro:<\/strong> Mi balance es positivo en t\u00e9rminos de movilizaci\u00f3n y de profundizaci\u00f3n del debate en el marco de una situaci\u00f3n muy complicada, sobre todo para los trabajadores de la Econom\u00eda Popular. \u00a0Entonces vi\u00e9ndolo as\u00ed, no lo puedo plantear del todo como positivo. Lo que se nota es que cada movilizaci\u00f3n que hacemos, vienen m\u00e1s, hay una decisi\u00f3n de salir a la calle muy fuerte. Y eso est\u00e1 claro, por eso, pasamos por el puente Pueyrred\u00f3n, por la resistencia de los compa\u00f1eros\u00a0 en el lugar y aunque lamentablemente se gener\u00f3 una disputa, por la lucha en la calle, pudimos pasar y hacer el acto en Plaza de Mayo. Fue un acto muy importante y muy numeroso, que le da a lo que fue el 25, un paro que claramente expres\u00f3 que hay much\u00edsima gente desconforme con este gobierno.<\/p>\n<p><strong>PS:<\/strong> <strong>Vos se\u00f1alabas al principio y lo se\u00f1alaste en tu discurso el otro d\u00eda en la plaza: que hay una situaci\u00f3n compleja y que el gobierno ha acelerado no solo la crisis, sino tambi\u00e9n el saqueo. Por otro lado, algunos sostienen, de hecho lo expresan cada vez m\u00e1s sectores, que el ciclo del macrismo est\u00e1 acabado. \u00bfC\u00f3mo lees eso? Teniendo en cuenta que la situaci\u00f3n es cada vez m\u00e1s dram\u00e1tica para los sectores populares.<\/strong><\/p>\n<p><strong>GC:<\/strong> Dicen que est\u00e1 acabado porque no tiene salida positiva para el pueblo, pero no est\u00e1 acabado en t\u00e9rminos de seguir saqueando. Es un proceso que hace ver que siempre se puede estar peor. Por lo tanto, lo que m\u00e1s nos preocupa a nosotros, es una instancia de mayores niveles de violencia social, que por lo general se profundiza, cuando existen mayores niveles de precarizaci\u00f3n laboral y mayores niveles de marginalidad. La cuesti\u00f3n del narcotr\u00e1fico como un ej\u00e9rcito de ocupaci\u00f3n territorial y de las grandes corporaciones, sobre todo del capital financiero internacional, porque la plata del narcotr\u00e1fico se termina lavando en los grandes bancos transnacionales para los cuales trabajaron muchos de los ministros.<\/p>\n<p><strong>PS: Muchos pensamos a o vemos una similitud con lo que fueron los 90&#8242; esa \u00e9poca de saqueo que se fue profundizando y que llegando al 2001 estall\u00f3. \u00a0\u00bfVes que hay mayor organizaci\u00f3n popular que en aquel momento? \u00bfC\u00f3mo se organiza la resistencia ante esta escala del ajuste?<\/strong><\/p>\n<p><strong>\u00a0<\/strong><strong>GC:<\/strong> Y ahora con mayor velocidad, porque para llegar al 2001 ven\u00eda del 76\u00b4 el saqueo, y ahora en dos a\u00f1os y medio estamos yendo para el mismo lugar. Hay mayor nivel de organizaci\u00f3n popular, la CTA, la CGT. Hay mayor nivel de capacidad para la lucha gremial, aunque me parece que falta para la profundizaci\u00f3n que tiene que generarse en el movimiento de los trabajadores en relaci\u00f3n a un proyecto estrat\u00e9gico de pa\u00eds.<\/p>\n<p>Me parece que es el momento de empezar a discutir un proyecto de pa\u00eds y salirse del concepto de la econom\u00eda de mercado. Ante la concentraci\u00f3n econ\u00f3mica\u00a0 y la decisi\u00f3n de no m\u00e1s de 10 empresas trasnacionales, que nadie vot\u00f3 en la Argentina pero que est\u00e1n y deciden quien come y quien no come, no podemos proponer como proponen algunos, el control de precios. Por eso, tenemos que proponer que haya tierra para los movimientos populares para poder garantizar la soberan\u00eda alimentaria, porque nosotros no estamos pensando en la ganancia. Estamos muy preocupados por la alimentaci\u00f3n, por la salud\u00a0 y la educaci\u00f3n. Yo veo hechos y desarrollo de organizaci\u00f3n en algunas regiones donde se aplicaron las organizaciones populares, con los sectores gremiales que son muy auspiciosas, pero me parece que nos falta profundizar para discutir un proyecto estrat\u00e9gico de pa\u00eds.<\/p>\n<p><strong>PS: \u00bfC\u00f3mo podemos proponer una alternativa cuando este gobierno se agote y se vaya? Con este nivel de zaqueo que se va a expresar en este endeudamiento y las condiciones de vida absolutamente destrozadas de un mont\u00f3n de compatriotas.<\/strong><\/p>\n<p><strong>GC:<\/strong> Es el debate que tenemos\u00a0 que dar, pero lo venimos dando en forma\u00a0 en forma fragmentada y en definitiva es como lo necesita el poder que nos propone la econom\u00eda del mercado, que est\u00e1 todo el tiempo proponiendo el saqueo y la desidia.<\/p>\n<p><span style=\"color: #ff0000\"><strong><a href=\"https:\/\/radiocut.fm\/audiocut\/hay-una-decision-de-salir-a-la-calle-muy-fuerte\/#f=show&amp;l=popular\"><span style=\"color: #ff0000\">Escucha la Entrevista Completa<\/span><\/a><\/strong><\/span><\/p>\n","protected":false},"excerpt":{"rendered":"<p>[Poetas Sociales &#8211; FM Riachuelo 29\/09\/2018]\u00a0Desde \u00abPoetas Sociales\u00bb\u00a0 (que se emite todos los viernes de 17 a 18) entrevistaron a Esteban \u201cGringo\u201d Castro, Secretario General de la Confederaci\u00f3n de Trabajadores de la \u00a0Econom\u00eda Popular, para balancear sobre las jornadas \u00a0de lucha del 24 y 25, \u00a0que llevaron adelante los movimientos populares y sindicales en contra [&hellip;]<\/p>\n","protected":false},"author":5,"featured_media":8307,"comment_status":"open","ping_status":"open","sticky":false,"template":"","format":"standard","meta":{"_monsterinsights_skip_tracking":false,"_monsterinsights_sitenote_active":false,"_monsterinsights_sitenote_note":"","_monsterinsights_sitenote_category":0,"jnews-multi-image_gallery":[],"jnews_single_post":[],"jnews_primary_category":[],"_joinchat":[],"footnotes":""},"categories":[79,76,75],"tags":[],"class_list":["post-8305","post","type-post","status-publish","format-standard","has-post-thumbnail","hentry","category-nadie-se-salva-solo","category-salud-comunitaria","category-trabajo"],"_links":{"self":[{"href":"http:\/\/fmriachuelo.it10.com.ar\/index.php\/wp-json\/wp\/v2\/posts\/8305","targetHints":{"allow":["GET"]}}],"collection":[{"href":"http:\/\/fmriachuelo.it10.com.ar\/index.php\/wp-json\/wp\/v2\/posts"}],"about":[{"href":"http:\/\/fmriachuelo.it10.com.ar\/index.php\/wp-json\/wp\/v2\/types\/post"}],"author":[{"embeddable":true,"href":"http:\/\/fmriachuelo.it10.com.ar\/index.php\/wp-json\/wp\/v2\/users\/5"}],"replies":[{"embeddable":true,"href":"http:\/\/fmriachuelo.it10.com.ar\/index.php\/wp-json\/wp\/v2\/comments?post=8305"}],"version-history":[{"count":0,"href":"http:\/\/fmriachuelo.it10.com.ar\/index.php\/wp-json\/wp\/v2\/posts\/8305\/revisions"}],"wp:featuredmedia":[{"embeddable":true,"href":"http:\/\/fmriachuelo.it10.com.ar\/index.php\/wp-json\/"}],"wp:attachment":[{"href":"http:\/\/fmriachuelo.it10.com.ar\/index.php\/wp-json\/wp\/v2\/media?parent=8305"}],"wp:term":[{"taxonomy":"category","embeddable":true,"href":"http:\/\/fmriachuelo.it10.com.ar\/index.php\/wp-json\/wp\/v2\/categories?post=8305"},{"taxonomy":"post_tag","embeddable":true,"href":"http:\/\/fmriachuelo.it10.com.ar\/index.php\/wp-json\/wp\/v2\/tags?post=8305"}],"curies":[{"name":"wp","href":"https:\/\/api.w.org\/{rel}","templated":true}]}}