{"id":830,"date":"2014-12-29T18:12:00","date_gmt":"2014-12-29T18:12:00","guid":{"rendered":"http:\/\/fmriachuelo.observatorioess.org.ar\/index.php\/2014\/12\/29\/incendio-en-la-boca\/"},"modified":"2025-03-25T14:26:46","modified_gmt":"2025-03-25T17:26:46","slug":"incendio-en-la-boca","status":"publish","type":"post","link":"http:\/\/fmriachuelo.it10.com.ar\/index.php\/2014\/12\/29\/incendio-en-la-boca\/","title":{"rendered":"INCENDIO EN LA BOCA"},"content":{"rendered":"<div style=\"text-align: left\"><b><span>VEINTE FAMILIAS AFECTADAS POR EL INCENDIO EN LA BOCA RECLAMAN UNA SOLUCI\u00d3N<\/span><\/b><br \/><a href=\"http:\/\/4.bp.blogspot.com\/-dafn_6ee5H0\/VKGZFMne04I\/AAAAAAAACKc\/PD777CisCt4\/s1600\/marcha%2Bla%2Bboca.jpg\" style=\"clear: left;float: left;margin-bottom: 1em;margin-right: 1em\"><img loading=\"lazy\" decoding=\"async\" border=\"0\" src=\"http:\/\/4.bp.blogspot.com\/-dafn_6ee5H0\/VKGZFMne04I\/AAAAAAAACKc\/PD777CisCt4\/s1600\/marcha%2Bla%2Bboca.jpg\" height=\"180\" width=\"320\" \/><\/a><\/div>\n<div style=\"text-align: center\">\n<div style=\"text-align: left\"><span style=\"font-family: Verdana, sans-serif\">Pasadas las 13 horas, los vecinos damnificados dieron una conferencia de prensa con el fin de presentar un petitorio al Gobierno de la Ciudad para que reconozca su situaci\u00f3n habitacional.<\/span><\/div>\n<p><a name='more'><\/a><\/div>\n<div><span style=\"font-family: Verdana, sans-serif\">M\u00e1s temprano y en horas de la ma\u00f1ana, se hicieron presentes en el lugar del incidente, operadores de calle del Ministerio de Desarrollo Social&nbsp;ofreciendo&nbsp;lo mismo que en el d\u00eda del incendio.<br \/>Recordemos que desde hace tres d\u00edas, veinte familias que viv\u00edan en los conventillos incendiados en el barrio de La Boca, acampan frente a los escombros de lo que era su hogar exigiendo al Gobierno porte\u00f1o una soluci\u00f3n habitacional.<br \/>El fuego se inici\u00f3 el d\u00eda martes en un conventillo ubicado en California 1140 y se extendi\u00f3 hacia el inmueble lindero, en California 1134. Desde entonces, las familias resisten en la calle esperando una respuesta que no llega; el PRO les ofreci\u00f3 un subsidio habitacional de 1800 pesos por 6 meses, que no resuelve de manera alguna la falta de vivienda de los vecinos afectados por el incendio.<\/span><\/p>\n<div><span style=\"font-family: Verdana, sans-serif;font-size: 10pt\"><span style=\"color: #0b5394\"><b>FUENTE: PACO URONDO, PRODUCCI\u00d3N RIACHUELO<\/b><\/span><\/span><br \/><a href=\"http:\/\/3.bp.blogspot.com\/-kv19n9CSStI\/VKGYdecp1lI\/AAAAAAAACKU\/ULwnzDstwTo\/s1600\/COOP%2BRIACHIUELO%2BPRODUCCIONES.jpg\" style=\"clear: left;margin-bottom: 1em;margin-right: 1em\"><img loading=\"lazy\" decoding=\"async\" border=\"0\" src=\"http:\/\/3.bp.blogspot.com\/-kv19n9CSStI\/VKGYdecp1lI\/AAAAAAAACKU\/ULwnzDstwTo\/s1600\/COOP%2BRIACHIUELO%2BPRODUCCIONES.jpg\" height=\"58\" width=\"200\" \/><\/a><\/div>\n<div><\/div>\n<\/div>\n","protected":false},"excerpt":{"rendered":"<p>VEINTE FAMILIAS AFECTADAS POR EL INCENDIO EN LA BOCA RECLAMAN UNA SOLUCI\u00d3N Pasadas las 13 horas, los vecinos damnificados dieron una conferencia de prensa con el fin de presentar un petitorio al Gobierno de la Ciudad para que reconozca su situaci\u00f3n habitacional. M\u00e1s temprano y en horas de la ma\u00f1ana, se hicieron presentes en el [&hellip;]<\/p>\n","protected":false},"author":4,"featured_media":0,"comment_status":"open","ping_status":"open","sticky":false,"template":"","format":"standard","meta":{"_monsterinsights_skip_tracking":false,"_monsterinsights_sitenote_active":false,"_monsterinsights_sitenote_note":"","_monsterinsights_sitenote_category":0,"jnews-multi-image_gallery":[],"jnews_single_post":{"format":"standard"},"jnews_primary_category":[],"_joinchat":[],"footnotes":""},"categories":[58],"tags":[147],"class_list":["post-830","post","type-post","status-publish","format-standard","hentry","category-noticiariachuelo","tag-habitat"],"_links":{"self":[{"href":"http:\/\/fmriachuelo.it10.com.ar\/index.php\/wp-json\/wp\/v2\/posts\/830","targetHints":{"allow":["GET"]}}],"collection":[{"href":"http:\/\/fmriachuelo.it10.com.ar\/index.php\/wp-json\/wp\/v2\/posts"}],"about":[{"href":"http:\/\/fmriachuelo.it10.com.ar\/index.php\/wp-json\/wp\/v2\/types\/post"}],"author":[{"embeddable":true,"href":"http:\/\/fmriachuelo.it10.com.ar\/index.php\/wp-json\/wp\/v2\/users\/4"}],"replies":[{"embeddable":true,"href":"http:\/\/fmriachuelo.it10.com.ar\/index.php\/wp-json\/wp\/v2\/comments?post=830"}],"version-history":[{"count":1,"href":"http:\/\/fmriachuelo.it10.com.ar\/index.php\/wp-json\/wp\/v2\/posts\/830\/revisions"}],"predecessor-version":[{"id":22089,"href":"http:\/\/fmriachuelo.it10.com.ar\/index.php\/wp-json\/wp\/v2\/posts\/830\/revisions\/22089"}],"wp:attachment":[{"href":"http:\/\/fmriachuelo.it10.com.ar\/index.php\/wp-json\/wp\/v2\/media?parent=830"}],"wp:term":[{"taxonomy":"category","embeddable":true,"href":"http:\/\/fmriachuelo.it10.com.ar\/index.php\/wp-json\/wp\/v2\/categories?post=830"},{"taxonomy":"post_tag","embeddable":true,"href":"http:\/\/fmriachuelo.it10.com.ar\/index.php\/wp-json\/wp\/v2\/tags?post=830"}],"curies":[{"name":"wp","href":"https:\/\/api.w.org\/{rel}","templated":true}]}}