{"id":829,"date":"2014-12-30T17:32:00","date_gmt":"2014-12-30T17:32:00","guid":{"rendered":"http:\/\/fmriachuelo.observatorioess.org.ar\/index.php\/2014\/12\/30\/cromanon-homenaje-memoria-y-pedidio-de-justicia\/"},"modified":"2025-03-25T14:30:43","modified_gmt":"2025-03-25T17:30:43","slug":"cromanon-homenaje-memoria-y-pedidio-de-justicia","status":"publish","type":"post","link":"http:\/\/fmriachuelo.it10.com.ar\/index.php\/2014\/12\/30\/cromanon-homenaje-memoria-y-pedidio-de-justicia\/","title":{"rendered":"CROMA\u00d1\u00d3N: HOMENAJE, MEMORIA Y PEDIDIO DE JUSTICIA"},"content":{"rendered":"<div><span style=\"color: red;font-family: Verdana, sans-serif;font-size: large\"><b>ACTIVIDADES PARA RECORDAR LOS 10 A\u00d1OS DE LA MASACRE<\/b><\/span><br \/><a href=\"https:\/\/images-blogger-opensocial.googleusercontent.com\/gadgets\/proxy?url=http%3A%2F%2F3.bp.blogspot.com%2F-B7W89IutcLI%2FVKLhAe0Eo-I%2FAAAAAAAACKs%2F_XNK5jlT9XM%2Fs1600%2F10%252Ba%25C3%25B1os%252Bde%252Bcroma%25C3%25B1on.jpg&amp;container=blogger&amp;gadget=a&amp;rewriteMime=image%2F*\" style=\"clear: left;float: left;margin-bottom: 1em;margin-right: 1em\"><img loading=\"lazy\" decoding=\"async\" border=\"0\" height=\"240\" src=\"https:\/\/images-blogger-opensocial.googleusercontent.com\/gadgets\/proxy?url=http%3A%2F%2F3.bp.blogspot.com%2F-B7W89IutcLI%2FVKLhAe0Eo-I%2FAAAAAAAACKs%2F_XNK5jlT9XM%2Fs1600%2F10%252Ba%25C3%25B1os%252Bde%252Bcroma%25C3%25B1on.jpg&amp;container=blogger&amp;gadget=a&amp;rewriteMime=image%2F*\" width=\"320\" \/><\/a><span style=\"font-family: Verdana, sans-serif\">A 10 a\u00f1os de la Masacre de Croma\u00f1on, familiares, sobrevivientes y amigos de las v\u00edctimas de diferentes grupos se articularon para organizar una extensa jornada de actividades para homenajear, recordar y pedir justicia por los 194 pibes que murieron en la noche del 30 de diciembre del 2004.<\/span><br \/><span style=\"font-family: Verdana, sans-serif\">En el d\u00eda de hoy se realizar\u00e1n varias actividades como homenajes y pedidos de justicia por el episodio ocurrido.<\/span><br \/><span style=\"font-family: Verdana, sans-serif\"><\/span><br \/><a name='more'><\/a>A partir de las 10 de la ma\u00f1ana funciona una radio abierta, que durar\u00e1 todo el d\u00eda desde el santuario.<\/div>\n<div>\n<div style=\"clear: left;float: left;margin-bottom: 1em;margin-right: 1em\"><span style=\"clear: left;float: left;font-family: Verdana, sans-serif;margin-bottom: 1em;margin-right: 1em\">En el horario de las 12 y hasta las 18 horas, en Plaza de Mayo se realizar\u00e1n charlas y tocar\u00e1n bandas, cerrando con una misa por la memoria de las 194 victimas de la tragedia.<br \/>Una vez terminado se leer\u00e1 un documento y dar\u00e1 inicio de una marcha a Once. Se estima que ser\u00e1 en el horario de las 20 horas.<br \/>Para finalizar a las 22 horas habr\u00e1 un acto de cierre y a las 22:50 (horario de la tragedia) se soltar\u00e1 194 globos con los nombres de cada uno de los fallecidos.<br \/><b><span style=\"color: #0b5394;font-size: x-small\">FUENTE: FM RIACHUELO<\/span><\/b><\/span><span style=\"clear: left;float: left;font-family: Verdana, sans-serif;margin-bottom: 1em;margin-right: 1em\"><a href=\"https:\/\/images-blogger-opensocial.googleusercontent.com\/gadgets\/proxy?url=http%3A%2F%2F4.bp.blogspot.com%2F-BXoKLuFSUQo%2FVKLhQRI7AaI%2FAAAAAAAACK0%2FZvfac1qNSAo%2Fs1600%2FCOOP%252BRIACHIUELO%252BPRODUCCIONES.jpg&amp;container=blogger&amp;gadget=a&amp;rewriteMime=image%2F*\" style=\"clear: left;margin-bottom: 1em;margin-right: 1em\"><img loading=\"lazy\" decoding=\"async\" border=\"0\" height=\"58\" src=\"https:\/\/images-blogger-opensocial.googleusercontent.com\/gadgets\/proxy?url=http%3A%2F%2F4.bp.blogspot.com%2F-BXoKLuFSUQo%2FVKLhQRI7AaI%2FAAAAAAAACK0%2FZvfac1qNSAo%2Fs1600%2FCOOP%252BRIACHIUELO%252BPRODUCCIONES.jpg&amp;container=blogger&amp;gadget=a&amp;rewriteMime=image%2F*\" width=\"200\" \/><\/a><\/span><a href=\"http:\/\/4.bp.blogspot.com\/-BXoKLuFSUQo\/VKLhQRI7AaI\/AAAAAAAACK0\/Zvfac1qNSAo\/s1600\/COOP%2BRIACHIUELO%2BPRODUCCIONES.jpg\" style=\"clear: left;float: left;margin-bottom: 1em;margin-right: 1em\"><span style=\"font-family: Verdana, sans-serif\"><\/span><\/a><\/div>\n<\/div>\n","protected":false},"excerpt":{"rendered":"<p>ACTIVIDADES PARA RECORDAR LOS 10 A\u00d1OS DE LA MASACREA 10 a\u00f1os de la Masacre de Croma\u00f1on, familiares, sobrevivientes y amigos de las v\u00edctimas de diferentes grupos se articularon para organizar una extensa jornada de actividades para homenajear, recordar y pedir justicia por los 194 pibes que murieron en la noche del 30 de diciembre del [&hellip;]<\/p>\n","protected":false},"author":4,"featured_media":0,"comment_status":"open","ping_status":"open","sticky":false,"template":"","format":"standard","meta":{"_monsterinsights_skip_tracking":false,"_monsterinsights_sitenote_active":false,"_monsterinsights_sitenote_note":"","_monsterinsights_sitenote_category":0,"jnews-multi-image_gallery":[],"jnews_single_post":{"format":"standard"},"jnews_primary_category":[],"_joinchat":[],"footnotes":""},"categories":[58],"tags":[119],"class_list":["post-829","post","type-post","status-publish","format-standard","hentry","category-noticiariachuelo","tag-derechos-humanos"],"_links":{"self":[{"href":"http:\/\/fmriachuelo.it10.com.ar\/index.php\/wp-json\/wp\/v2\/posts\/829","targetHints":{"allow":["GET"]}}],"collection":[{"href":"http:\/\/fmriachuelo.it10.com.ar\/index.php\/wp-json\/wp\/v2\/posts"}],"about":[{"href":"http:\/\/fmriachuelo.it10.com.ar\/index.php\/wp-json\/wp\/v2\/types\/post"}],"author":[{"embeddable":true,"href":"http:\/\/fmriachuelo.it10.com.ar\/index.php\/wp-json\/wp\/v2\/users\/4"}],"replies":[{"embeddable":true,"href":"http:\/\/fmriachuelo.it10.com.ar\/index.php\/wp-json\/wp\/v2\/comments?post=829"}],"version-history":[{"count":1,"href":"http:\/\/fmriachuelo.it10.com.ar\/index.php\/wp-json\/wp\/v2\/posts\/829\/revisions"}],"predecessor-version":[{"id":22090,"href":"http:\/\/fmriachuelo.it10.com.ar\/index.php\/wp-json\/wp\/v2\/posts\/829\/revisions\/22090"}],"wp:attachment":[{"href":"http:\/\/fmriachuelo.it10.com.ar\/index.php\/wp-json\/wp\/v2\/media?parent=829"}],"wp:term":[{"taxonomy":"category","embeddable":true,"href":"http:\/\/fmriachuelo.it10.com.ar\/index.php\/wp-json\/wp\/v2\/categories?post=829"},{"taxonomy":"post_tag","embeddable":true,"href":"http:\/\/fmriachuelo.it10.com.ar\/index.php\/wp-json\/wp\/v2\/tags?post=829"}],"curies":[{"name":"wp","href":"https:\/\/api.w.org\/{rel}","templated":true}]}}