{"id":828,"date":"2014-12-30T18:17:00","date_gmt":"2014-12-30T18:17:00","guid":{"rendered":"http:\/\/fmriachuelo.observatorioess.org.ar\/index.php\/2014\/12\/30\/aun-sin-fallo-judicial-en-la-tragedia-de-cromanon\/"},"modified":"2025-03-25T14:36:31","modified_gmt":"2025-03-25T17:36:31","slug":"aun-sin-fallo-judicial-en-la-tragedia-de-cromanon","status":"publish","type":"post","link":"http:\/\/fmriachuelo.it10.com.ar\/index.php\/2014\/12\/30\/aun-sin-fallo-judicial-en-la-tragedia-de-cromanon\/","title":{"rendered":"A\u00daN SIN FALLO JUDICIAL EN LA TRAGEDIA DE CROMA\u00d1ON"},"content":{"rendered":"<div style=\"margin-bottom: .0001pt;margin: 0cm\"><span style=\"font-family: Verdana, sans-serif;font-size: large\"><b><span style=\"color: red\">A 10 A\u00d1OS Y SIN SENTENCIA FIRME<\/span><\/b><\/span><\/div>\n<p><a href=\"http:\/\/3.bp.blogspot.com\/-GYZbGYP8nZU\/VKLrtoAi9MI\/AAAAAAAACLE\/_UTUzScQgGE\/s1600\/54a1375dcb3b5_800x533.jpg\" style=\"clear: left;float: left;margin-bottom: 1em;margin-right: 1em\"><span style=\"font-family: Verdana, sans-serif\"><img loading=\"lazy\" decoding=\"async\" border=\"0\" src=\"http:\/\/3.bp.blogspot.com\/-GYZbGYP8nZU\/VKLrtoAi9MI\/AAAAAAAACLE\/_UTUzScQgGE\/s1600\/54a1375dcb3b5_800x533.jpg\" height=\"213\" width=\"320\" \/><\/span><\/a><span style=\"font-family: Verdana, sans-serif\"><b>\u00abPasaron 10 a\u00f1os de Croma\u00f1\u00f3n. Nadie pensaba que en 10 a\u00f1os no iba a haber una sentencia firme.<\/b> Los padres todav\u00eda no pueden hacer el duelo porque los imputados no tienen condena firme\u00bb, afirm\u00f3 el letrado, Patricio Poplasky, abogado representante de familiares de las v\u00edctimas, &nbsp;al cumplirse un nuevo aniversario del incendio del boliche de Once.<\/span><\/p>\n<div><a name='more'><\/a><span style=\"font-family: Verdana, sans-serif\">Precis\u00f3 que en la causa \u00abhay casi 30 imputados\u00bb y advirti\u00f3 que la justicia argentina \u00abno est\u00e1 preparada para dilucidar hechos como Croma\u00f1\u00f3n y los atentados a la embajada de Israel y a la AMIA porque todav\u00eda contamos con un C\u00f3digo del siglo 18\u00bb.<\/span><\/p>\n<div><span style=\"font-family: Verdana, sans-serif\">Poplasky manifest\u00f3 que no sabe si quien prendi\u00f3 la bengala que origin\u00f3 el incendio est\u00e1 vivo o no, pero resalt\u00f3 que \u00bb esa persona lo \u00fanico que hizo fue prender la mecha de una bomba que ya estaba preparada\u00bb.<\/span><\/div>\n<div><span style=\"font-family: Verdana, sans-serif\">El abogado neg\u00f3 que el ex l\u00edder de Callejeros, Patricio Fontanet, le haya pedido a sus seguidores que no arrojen bengalas y asegur\u00f3 que \u00e9l y los dem\u00e1s m\u00fasicos \u00abpreparaban al p\u00fablico para lo que ocurri\u00f3\u00bb.<br \/>Admiti\u00f3 que el grupo no tuvo intenci\u00f3n de matar a nadie pero compar\u00f3 con lo que hace un automovilista \u00abque conduce a su familia a alta velocidad: no quiere hacerle da\u00f1o a su familia pero es consciente del riesgo que est\u00e1 tomando\u00bb.<\/span><\/p>\n<div><span style=\"color: #0b5394;font-family: Verdana, sans-serif;font-size: x-small\"><b>FUENTE: TELAM, COPRODUCCIONES FM RIACHUELO<\/b><\/span><br \/><a href=\"http:\/\/4.bp.blogspot.com\/-BXoKLuFSUQo\/VKLhQRI7AaI\/AAAAAAAACK0\/Zvfac1qNSAo\/s1600\/COOP%2BRIACHIUELO%2BPRODUCCIONES.jpg\" style=\"clear: left;margin-bottom: 1em;margin-right: 1em;text-align: center\"><span style=\"font-family: Verdana, sans-serif\"><img loading=\"lazy\" decoding=\"async\" border=\"0\" src=\"http:\/\/4.bp.blogspot.com\/-BXoKLuFSUQo\/VKLhQRI7AaI\/AAAAAAAACK0\/Zvfac1qNSAo\/s1600\/COOP%2BRIACHIUELO%2BPRODUCCIONES.jpg\" height=\"58\" width=\"200\" \/><\/span><\/a><\/div>\n<div><span style=\"font-family: Verdana, sans-serif\"><br \/><\/span><\/div>\n<\/div>\n<\/div>\n","protected":false},"excerpt":{"rendered":"<p>A 10 A\u00d1OS Y SIN SENTENCIA FIRME \u00abPasaron 10 a\u00f1os de Croma\u00f1\u00f3n. Nadie pensaba que en 10 a\u00f1os no iba a haber una sentencia firme. Los padres todav\u00eda no pueden hacer el duelo porque los imputados no tienen condena firme\u00bb, afirm\u00f3 el letrado, Patricio Poplasky, abogado representante de familiares de las v\u00edctimas, &nbsp;al cumplirse un [&hellip;]<\/p>\n","protected":false},"author":4,"featured_media":0,"comment_status":"open","ping_status":"open","sticky":false,"template":"","format":"standard","meta":{"_monsterinsights_skip_tracking":false,"_monsterinsights_sitenote_active":false,"_monsterinsights_sitenote_note":"","_monsterinsights_sitenote_category":0,"jnews-multi-image_gallery":[],"jnews_single_post":{"format":"standard"},"jnews_primary_category":[],"_joinchat":[],"footnotes":""},"categories":[58],"tags":[119],"class_list":["post-828","post","type-post","status-publish","format-standard","hentry","category-noticiariachuelo","tag-derechos-humanos"],"_links":{"self":[{"href":"http:\/\/fmriachuelo.it10.com.ar\/index.php\/wp-json\/wp\/v2\/posts\/828","targetHints":{"allow":["GET"]}}],"collection":[{"href":"http:\/\/fmriachuelo.it10.com.ar\/index.php\/wp-json\/wp\/v2\/posts"}],"about":[{"href":"http:\/\/fmriachuelo.it10.com.ar\/index.php\/wp-json\/wp\/v2\/types\/post"}],"author":[{"embeddable":true,"href":"http:\/\/fmriachuelo.it10.com.ar\/index.php\/wp-json\/wp\/v2\/users\/4"}],"replies":[{"embeddable":true,"href":"http:\/\/fmriachuelo.it10.com.ar\/index.php\/wp-json\/wp\/v2\/comments?post=828"}],"version-history":[{"count":1,"href":"http:\/\/fmriachuelo.it10.com.ar\/index.php\/wp-json\/wp\/v2\/posts\/828\/revisions"}],"predecessor-version":[{"id":22091,"href":"http:\/\/fmriachuelo.it10.com.ar\/index.php\/wp-json\/wp\/v2\/posts\/828\/revisions\/22091"}],"wp:attachment":[{"href":"http:\/\/fmriachuelo.it10.com.ar\/index.php\/wp-json\/wp\/v2\/media?parent=828"}],"wp:term":[{"taxonomy":"category","embeddable":true,"href":"http:\/\/fmriachuelo.it10.com.ar\/index.php\/wp-json\/wp\/v2\/categories?post=828"},{"taxonomy":"post_tag","embeddable":true,"href":"http:\/\/fmriachuelo.it10.com.ar\/index.php\/wp-json\/wp\/v2\/tags?post=828"}],"curies":[{"name":"wp","href":"https:\/\/api.w.org\/{rel}","templated":true}]}}