{"id":8274,"date":"2018-09-28T00:06:43","date_gmt":"2018-09-28T00:06:43","guid":{"rendered":"http:\/\/fmriachuelo.com.ar\/?p=8274"},"modified":"2018-09-28T00:06:43","modified_gmt":"2018-09-28T00:06:43","slug":"taller-de-huerta-en-plaza-matheu","status":"publish","type":"post","link":"http:\/\/fmriachuelo.it10.com.ar\/index.php\/2018\/09\/28\/taller-de-huerta-en-plaza-matheu\/","title":{"rendered":"TALLER DE HUERTA EN PLAZA MATHEU"},"content":{"rendered":"<div align=\"left\">\n<p dir=\"ltr\"><strong>[FM Riachuelo 27\/09\/2018] En el marco del trabajo que vienen realizando distintas organizaciones populares en el barrio de la Boca,este jueves se realiz\u00f3 un Taller de Huerta urbana en Plaza Matheu. Con la intenci\u00f3n de formar, capacitar y fortalecer en temas vinculados a la\u00a0 Economia Popular y la Soberania Alimentaria.<\/strong><\/p>\n<p dir=\"ltr\"><img loading=\"lazy\" decoding=\"async\" class=\"alignnone size-full wp-image-8278\" src=\"http:\/\/fmriachuelo.com.ar\/wp-content\/uploads\/2018\/09\/42730909_1937286619659877_824798510137212928_o-1.jpg\" alt=\"\" width=\"2048\" height=\"1367\" \/><\/p>\n<\/div>\n<div align=\"left\">\n<p dir=\"ltr\">Este taller es pensado como continuaci\u00f3n del espacio\u00a0 en Soberania Alimentar\u00eda que brinda la Casa Popular El Patio.La Huerta se\u00a0 realiz\u00f3 en el terreno que la Casa de la Ni\u00f1ez tiene en Plaza Matheu.<\/p>\n<\/div>\n<div align=\"left\">\n<p dir=\"ltr\">Este taller viene a complementar otras\u00a0 actividades que impulsan desde la articulaci\u00f3n con otros espacios como ser: taller de Plantas Medicinales y Arom\u00e1ticas realizado junto con el CESAC 9 y Prohuerta del INTA. Con el objetivo de avanzar con este complemento insustituible del derecho a la alimentaci\u00f3n de nuestro pueblo. Recuperando as\u00ed saberes populares, rutina de trabajo, capacidad de organizaci\u00f3n, participaci\u00f3n y protagonismo en nuestros espacios p\u00fablicos.<\/p>\n<\/div>\n<div align=\"left\">\n<p dir=\"ltr\"><img loading=\"lazy\" decoding=\"async\" class=\"alignnone size-full wp-image-8276\" src=\"http:\/\/fmriachuelo.com.ar\/wp-content\/uploads\/2018\/09\/42641618_1937286466326559_1815897776018423808_o.jpg\" alt=\"\" width=\"2048\" height=\"1367\" \/><\/p>\n<p dir=\"ltr\">FM Riachuelo estuvo en la plaza durante la actividad, convers\u00f3 con Camila de Pro Huerta qui\u00e9n asegur\u00f3 que : \u00abes importante este espacio para empezar a cuestionarnos que producimos y que alimentos queremos\u00bb.<\/p>\n<\/div>\n<div align=\"left\">\n<p dir=\"ltr\">El taller se realizar\u00e1 todos los jueves a partir de las 12 del mediod\u00eda, la participaci\u00f3n es gratuita y abierta a todo el barrio.<\/p>\n<\/div>\n","protected":false},"excerpt":{"rendered":"<p>[FM Riachuelo 27\/09\/2018] En el marco del trabajo que vienen realizando distintas organizaciones populares en el barrio de la Boca,este jueves se realiz\u00f3 un Taller de Huerta urbana en Plaza Matheu. Con la intenci\u00f3n de formar, capacitar y fortalecer en temas vinculados a la\u00a0 Economia Popular y la Soberania Alimentaria. Este taller es pensado como [&hellip;]<\/p>\n","protected":false},"author":5,"featured_media":8275,"comment_status":"open","ping_status":"open","sticky":false,"template":"","format":"standard","meta":{"_monsterinsights_skip_tracking":false,"_monsterinsights_sitenote_active":false,"_monsterinsights_sitenote_note":"","_monsterinsights_sitenote_category":0,"jnews-multi-image_gallery":[],"jnews_single_post":[],"jnews_primary_category":[],"_joinchat":[],"footnotes":""},"categories":[78,80,76],"tags":[],"class_list":["post-8274","post","type-post","status-publish","format-standard","has-post-thumbnail","hentry","category-economia-popular","category-educacion","category-salud-comunitaria"],"_links":{"self":[{"href":"http:\/\/fmriachuelo.it10.com.ar\/index.php\/wp-json\/wp\/v2\/posts\/8274","targetHints":{"allow":["GET"]}}],"collection":[{"href":"http:\/\/fmriachuelo.it10.com.ar\/index.php\/wp-json\/wp\/v2\/posts"}],"about":[{"href":"http:\/\/fmriachuelo.it10.com.ar\/index.php\/wp-json\/wp\/v2\/types\/post"}],"author":[{"embeddable":true,"href":"http:\/\/fmriachuelo.it10.com.ar\/index.php\/wp-json\/wp\/v2\/users\/5"}],"replies":[{"embeddable":true,"href":"http:\/\/fmriachuelo.it10.com.ar\/index.php\/wp-json\/wp\/v2\/comments?post=8274"}],"version-history":[{"count":0,"href":"http:\/\/fmriachuelo.it10.com.ar\/index.php\/wp-json\/wp\/v2\/posts\/8274\/revisions"}],"wp:featuredmedia":[{"embeddable":true,"href":"http:\/\/fmriachuelo.it10.com.ar\/index.php\/wp-json\/"}],"wp:attachment":[{"href":"http:\/\/fmriachuelo.it10.com.ar\/index.php\/wp-json\/wp\/v2\/media?parent=8274"}],"wp:term":[{"taxonomy":"category","embeddable":true,"href":"http:\/\/fmriachuelo.it10.com.ar\/index.php\/wp-json\/wp\/v2\/categories?post=8274"},{"taxonomy":"post_tag","embeddable":true,"href":"http:\/\/fmriachuelo.it10.com.ar\/index.php\/wp-json\/wp\/v2\/tags?post=8274"}],"curies":[{"name":"wp","href":"https:\/\/api.w.org\/{rel}","templated":true}]}}