{"id":827,"date":"2015-01-01T21:42:00","date_gmt":"2015-01-01T21:42:00","guid":{"rendered":"http:\/\/fmriachuelo.observatorioess.org.ar\/index.php\/2015\/01\/01\/maduro-saluda-a-cuba\/"},"modified":"2025-03-25T14:38:52","modified_gmt":"2025-03-25T17:38:52","slug":"maduro-saluda-a-cuba","status":"publish","type":"post","link":"http:\/\/fmriachuelo.it10.com.ar\/index.php\/2015\/01\/01\/maduro-saluda-a-cuba\/","title":{"rendered":"MADURO SALUDA A CUBA"},"content":{"rendered":"<div style=\"border: 0px;color: #222222;font-family: Arimo, sans-serif;font-size: 14px;line-height: 22px;margin-bottom: 10px;padding: 0px;vertical-align: baseline\"><a href=\"http:\/\/3.bp.blogspot.com\/-pTrj0KkVquU\/VKW-R4sLmKI\/AAAAAAAACLg\/r7KQJ1CEtJk\/s1600\/maduro.jpg\" style=\"clear: left;float: left;margin-bottom: 1em;margin-right: 1em;text-align: center\"><img loading=\"lazy\" decoding=\"async\" border=\"0\" src=\"http:\/\/3.bp.blogspot.com\/-pTrj0KkVquU\/VKW-R4sLmKI\/AAAAAAAACLg\/r7KQJ1CEtJk\/s1600\/maduro.jpg\" height=\"181\" width=\"320\" \/><\/a><span style=\"clear: left;font-family: Verdana, sans-serif;font-size: xx-small;margin-bottom: 1em;margin-right: 1em;text-align: center\"><b><span style=\"color: red;font-family: Verdana, sans-serif;font-size: large\">VENEZUELA SALUDA A CUBA POR SU 56 ANIVERSARIO DE LA REVOLUCI\u00d3N<\/span><\/b><\/span><\/div>\n<div style=\"text-align: center\">\n<div style=\"text-align: left\"><b><span style=\"font-family: Verdana, sans-serif\">El presidente venezolano, Nicol\u00e1s Maduro, felicit\u00f3 al pueblo cubano por el aniversario 56\u00b0 de la Revoluci\u00f3n Cubana, que con el liderazgo de Fidel Castro han reivindicado a ese pa\u00eds caribe\u00f1o, tras la f\u00e9rrea dictadura de Fulgencio Batista.<\/span><\/b><\/div>\n<\/div>\n<p><span style=\"font-family: Verdana, sans-serif\">\u201cEl pueblo cubano celebra su m\u00e1s gloriosa fecha en compa\u00f1\u00eda de los cinco h\u00e9roes, quienes han dado al mundo un ejemplo de integridad a la altura de la Revoluci\u00f3n, que han defendido a costa de su propia libertad\u201d, expres\u00f3 Maduro mediante un comunicado, respecto a la liberaci\u00f3n de<a href=\"http:\/\/telesurtv.net\/news\/Los-Cinco-de-Cuba-agradecen-apoyo-a-Maduro-20141229-0020.html\"> <span style=\"color: black\">los tres antiterroristas cubanos<\/span><\/a> que estaban encarcelados injustamente en EE.UU.<\/span><br \/><a name='more'><\/a><span style=\"font-family: Verdana, sans-serif\">Los antiterroristas fueron liberados el pasado 17 de diciembre, despu\u00e9s del restablecimiento de relaciones entre Cuba y EE.UU.<br \/>Asimismo, reiter\u00f3 el dese\u00f3 de integraci\u00f3n de los pueblos en Am\u00e9rica Latina y el Caribe para profundizar el socialismo. \u201cAfirmamos que hoy m\u00e1s que nunca estamos llamados a profundizar los esfuerzos para la definitiva consolidaci\u00f3n de la verdadera uni\u00f3n de todos los pueblos de Am\u00e9rica Latina y el Caribe, en un solo camino de solidaridad y hermandad, materializado en la Alianza Bolivariana para los Pueblos de Nuestra Am\u00e9rica (ALBA-TCP), el Acuerdo de PETROCARIBE y la Comunidad de Estados Latinoamericanos y Caribe\u00f1os (CELAC)\u201d.<\/span><\/p>\n<div><span style=\"color: #0b5394;font-family: Verdana, sans-serif\"><b>FUENTE: TELESUR,&nbsp;PRODUCCI\u00d3N FM RIACHUELO<\/b><\/span><\/div>\n<div><a href=\"http:\/\/3.bp.blogspot.com\/-cd0NuRFi7Lw\/VGllaXO4LaI\/AAAAAAAABX8\/TdrpYKhp5E0\/s1600\/COOP%2BRIACHIUELO%2BPRODUCCIONES.jpg\" style=\"clear: left;float: left;margin-bottom: 1em;margin-right: 1em\"><span style=\"font-family: Verdana, sans-serif\"><img loading=\"lazy\" decoding=\"async\" border=\"0\" src=\"http:\/\/3.bp.blogspot.com\/-cd0NuRFi7Lw\/VGllaXO4LaI\/AAAAAAAABX8\/TdrpYKhp5E0\/s1600\/COOP%2BRIACHIUELO%2BPRODUCCIONES.jpg\" height=\"58\" width=\"200\" \/><\/span><\/a><\/div>\n","protected":false},"excerpt":{"rendered":"<p>VENEZUELA SALUDA A CUBA POR SU 56 ANIVERSARIO DE LA REVOLUCI\u00d3N El presidente venezolano, Nicol\u00e1s Maduro, felicit\u00f3 al pueblo cubano por el aniversario 56\u00b0 de la Revoluci\u00f3n Cubana, que con el liderazgo de Fidel Castro han reivindicado a ese pa\u00eds caribe\u00f1o, tras la f\u00e9rrea dictadura de Fulgencio Batista. \u201cEl pueblo cubano celebra su m\u00e1s gloriosa [&hellip;]<\/p>\n","protected":false},"author":4,"featured_media":0,"comment_status":"open","ping_status":"open","sticky":false,"template":"","format":"standard","meta":{"_monsterinsights_skip_tracking":false,"_monsterinsights_sitenote_active":false,"_monsterinsights_sitenote_note":"","_monsterinsights_sitenote_category":0,"jnews-multi-image_gallery":[],"jnews_single_post":{"format":"standard"},"jnews_primary_category":[],"_joinchat":[],"footnotes":""},"categories":[58],"tags":[70,72],"class_list":["post-827","post","type-post","status-publish","format-standard","hentry","category-noticiariachuelo","tag-de-la-patria-grande","tag-historia-de-la-lucha-de-los-pueblos"],"_links":{"self":[{"href":"http:\/\/fmriachuelo.it10.com.ar\/index.php\/wp-json\/wp\/v2\/posts\/827","targetHints":{"allow":["GET"]}}],"collection":[{"href":"http:\/\/fmriachuelo.it10.com.ar\/index.php\/wp-json\/wp\/v2\/posts"}],"about":[{"href":"http:\/\/fmriachuelo.it10.com.ar\/index.php\/wp-json\/wp\/v2\/types\/post"}],"author":[{"embeddable":true,"href":"http:\/\/fmriachuelo.it10.com.ar\/index.php\/wp-json\/wp\/v2\/users\/4"}],"replies":[{"embeddable":true,"href":"http:\/\/fmriachuelo.it10.com.ar\/index.php\/wp-json\/wp\/v2\/comments?post=827"}],"version-history":[{"count":1,"href":"http:\/\/fmriachuelo.it10.com.ar\/index.php\/wp-json\/wp\/v2\/posts\/827\/revisions"}],"predecessor-version":[{"id":22092,"href":"http:\/\/fmriachuelo.it10.com.ar\/index.php\/wp-json\/wp\/v2\/posts\/827\/revisions\/22092"}],"wp:attachment":[{"href":"http:\/\/fmriachuelo.it10.com.ar\/index.php\/wp-json\/wp\/v2\/media?parent=827"}],"wp:term":[{"taxonomy":"category","embeddable":true,"href":"http:\/\/fmriachuelo.it10.com.ar\/index.php\/wp-json\/wp\/v2\/categories?post=827"},{"taxonomy":"post_tag","embeddable":true,"href":"http:\/\/fmriachuelo.it10.com.ar\/index.php\/wp-json\/wp\/v2\/tags?post=827"}],"curies":[{"name":"wp","href":"https:\/\/api.w.org\/{rel}","templated":true}]}}