{"id":826,"date":"2015-01-03T01:10:00","date_gmt":"2015-01-03T01:10:00","guid":{"rendered":"http:\/\/fmriachuelo.observatorioess.org.ar\/index.php\/2015\/01\/03\/noticias-indigenas-de-argentina-anuario-2014\/"},"modified":"2025-03-25T14:39:57","modified_gmt":"2025-03-25T17:39:57","slug":"noticias-indigenas-de-argentina-anuario-2014","status":"publish","type":"post","link":"http:\/\/fmriachuelo.it10.com.ar\/index.php\/2015\/01\/03\/noticias-indigenas-de-argentina-anuario-2014\/","title":{"rendered":"NOTICIAS IND\u00cdGENAS DE ARGENTINA: ANUARIO 2014"},"content":{"rendered":"<div style=\"clear: both;text-align: left\"><span style=\"clear: left;font-family: Verdana, sans-serif;font-size: small;margin-bottom: 1em;margin-right: 1em\"><strong><span style=\"color: red;font-family: Verdana, sans-serif;font-size: large\">RESE\u00d1A DE ALGUNO DE LOS HECHOS M\u00c1S IMPORTANTES<\/span><\/strong><\/span><\/div>\n<div style=\"clear: both;text-align: left\"><a href=\"http:\/\/2.bp.blogspot.com\/-xkHpx6geMZI\/VKc3nUbMwfI\/AAAAAAAACMI\/G19BwsmxIqk\/s1600\/O.jpg\" style=\"clear: left;float: left;margin-bottom: 1em;margin-right: 1em\"><img decoding=\"async\" border=\"0\" src=\"http:\/\/2.bp.blogspot.com\/-xkHpx6geMZI\/VKc3nUbMwfI\/AAAAAAAACMI\/G19BwsmxIqk\/s1600\/O.jpg\" \/><\/a><span style=\"clear: left;font-family: Verdana, sans-serif;font-size: small;margin-bottom: 1em;margin-right: 1em\"><\/span><\/div>\n<p><span style=\"font-family: Verdana, sans-serif\">El Observatorio de Derechos Humanos de los Pueblos Indigenas resalt\u00f3 los sucesos m\u00e1s relevantes del a\u00f1o 2014: Fallos judiciales. Vaca Muerta. Rally Dakar y Pueblo Kolla. Cristian Ferreyra. Comunidad qom La Primavera de Formosa. Pueblo Mapuche. Desalojos y resistencias. Veinte a\u00f1os de la Reforma Constitucional. Tehuelches. Extractivismo. Wich\u00eds presos. Racismo. Repsol, YPF y Chevron. Diaguitas de Tucum\u00e1n. Paichil Antriao y el despojo hist\u00f3rico. Justicia ind\u00edgena. Desmontes. Derechos Humanos. Naciones Unidas<\/span><br \/><a name='more'><\/a><span style=\"font-family: Verdana, sans-serif\">Reprimieron a comunidad ind\u00edgena para que pase el Rally Dakar (12 enero)<\/span><br \/><span style=\"font-family: Verdana, sans-serif\">Comunidades del Pueblo Kolla repudiaron el accionar violento de la polic\u00eda de Jujuy, cuerpo de infanter\u00eda y del fiscal de turno en la comunidad de Rumi Cruz.&nbsp;<\/span><a href=\"http:\/\/prensajujuy.com\/2014\/01\/14\/dakar-las-comunidades-cuentan-como-fue-la-golpiza-en-rumi-cruz-contundente-comunicado\/\"><span style=\"color: blue;font-family: Verdana, sans-serif\">http:\/\/prensajujuy.com\/2014\/01\/14\/dakar-las-comunidades-cuentan-como-fue-la-golpiza-en-rumi-cruz-contundente-comunicado\/<\/span><\/a><br \/><span style=\"font-family: Verdana, sans-serif\">Jorge Sapag: \u201cTrabajan 100 personas y 100 mapuches\u201d (28 enero)<\/span><br \/><span style=\"font-family: Verdana, sans-serif\">As\u00ed se refiri\u00f3 el gobernador de Neuqu\u00e9n a la ayuda que reciben los brigadistas para apagar el fuego en Ruca Choroi. El \u201cfurcio\u201d del mandatario ya cosech\u00f3 varios repudios y tuvo una gran presencia en las redes sociales.<\/span><br \/><a href=\"http:\/\/odhpi.org\/2014\/01\/jorge-sapag-trabajan-100-personas-y-100-\"><span style=\"color: blue;font-family: Verdana, sans-serif\">http:\/\/odhpi.org\/2014\/01\/jorge-sapag-trabajan-100-personas-y-100-<\/span><\/a><br \/><span style=\"color: blue;font-family: Verdana, sans-serif\">mapuches\/<\/span><br \/><span style=\"font-family: Verdana, sans-serif\">\u201cSe fue Repsol pero la contaminaci\u00f3n queda en el cuerpo y en la tierra Mapuche\u201d (27 febrero)<\/span><br \/><span style=\"font-family: Verdana, sans-serif\">El Gobierno indemniza a Repsol con 5000 millones de d\u00f3lares. YPF compra la petrolera Apache. Las tres empresas extraen hidrocarburos en territorios ind\u00edgenas. Comunicado de la Confederaci\u00f3n Mapuche de Neuqu\u00e9n.<\/span><br \/><a href=\"http:\/\/odhpi.org\/2014\/02\/se-fue-repsol-pero-la-contaminacion-queda-en-el-cuerpo-y-en-la-tierra-mapuche\/\"><span style=\"color: blue;font-family: Verdana, sans-serif\">http:\/\/odhpi.org\/2014\/02\/se-fue-repsol-pero-la-contaminacion-queda-en-el-cuerpo-y-en-la-tierra-mapuche\/<\/span><\/a><br \/><span style=\"font-family: Verdana, sans-serif\">Rev\u00e9s judicial para una petrolera y el gobierno de Neuqu\u00e9n (13 marzo)<\/span><br \/><span style=\"font-family: Verdana, sans-serif\">El m\u00e1ximo tribunal provincial rechaz\u00f3 un pedido de la empresa Piedra del \u00c1guila y del Gobierno por un conflicto territorial. Beneficia a una comunidad mapuche.<\/span><br \/><a href=\"http:\/\/odhpi.org\/2014\/03\/reves-judicial-para-una-petrolera-y-el-gobierno-de-neuquen\/\"><span style=\"color: blue;font-family: Verdana, sans-serif\">http:\/\/odhpi.org\/2014\/03\/reves-judicial-para-una-petrolera-y-el-gobierno-de-neuquen\/<\/span><\/a><br \/><span style=\"font-family: Verdana, sans-serif\">IV Parlamento Ind\u00edgena Juan Calchaqu\u00ed en Amaicha del Valle (5 abril)<\/span><br \/><span style=\"font-family: Verdana, sans-serif\">El 28 y 29 de marzo se realiz\u00f3 en la provincia de Tucum\u00e1n el IV Parlamento con la participaci\u00f3n de m\u00e1s de 350 integrantes de Comunidades Ind\u00edgenas de Tucum\u00e1n, Jujuy, Salta, Catamarca, Santiago del Estero, La Rioja y Mendoza.<\/span><br \/><a href=\"http:\/\/odhpi.org\/2014\/04\/iv-parlamento-indigena-juan-calchaqui-en-amaicha-del-valle\/\"><span style=\"color: blue;font-family: Verdana, sans-serif\">http:\/\/odhpi.org\/2014\/04\/iv-parlamento-indigena-juan-calchaqui-en-amaicha-del-valle\/<\/span><\/a><br \/><span style=\"font-family: Verdana, sans-serif\">Voces originarias (10 abril)<\/span><br \/><span style=\"font-family: Verdana, sans-serif\">El Consejo Plurinacional Ind\u00edgena emiti\u00f3 una proclama sobre territorio, extractivismo, autonom\u00eda, Ley de Medios, gobiernos, Chevron, YPF, derechos violados, balances y luchas por venir.<\/span><br \/><a href=\"http:\/\/odhpi.org\/2014\/04\/voces-originarias\/\"><span style=\"background-color: white;color: blue;font-family: Verdana, sans-serif\">http:\/\/odhpi.org\/2014\/04\/voces-originarias\/<\/span><\/a><br \/><span style=\"font-family: Verdana, sans-serif\">Niegan derechos territoriales a comunidad Qom La Primavera (6 mayo)<\/span><br \/><span style=\"font-family: Verdana, sans-serif\">Repudio de la Mesa de Garantes a la deficiente ejecuci\u00f3n del relevamiento t\u00e9cnico jur\u00eddico catastral del territorio de la comunidad Qom Potae Napocna Navogoh.<\/span><br \/><a href=\"http:\/\/odhpi.org\/2014\/05\/niegan-derechos-territoriales-a-comunidad-qom-la-primavera\/\"><span style=\"color: blue;font-family: Verdana, sans-serif\">http:\/\/odhpi.org\/2014\/05\/niegan-derechos-territoriales-a-comunidad-qom-la-primavera\/<\/span><\/a><br \/><span style=\"font-family: Verdana, sans-serif\">Personer\u00eda jur\u00eddica de comunidades ind\u00edgenas: un fallo clave (8 mayo)<\/span><br \/><span style=\"font-family: Verdana, sans-serif\">An\u00e1lisis de la sentencia de la Corte Suprema de Justicia de la Naci\u00f3n que declar\u00f3 inconstitucional el decreto 1184\/02 de la provincia de Neuqu\u00e9n.<\/span><br \/><a href=\"http:\/\/odhpi.org\/2014\/05\/personeria-juridica-de-comunidades-indigenas-un-fallo-clave\/\"><span style=\"color: blue;font-family: Verdana, sans-serif\">http:\/\/odhpi.org\/2014\/05\/personeria-juridica-de-comunidades-indigenas-un-fallo-clave\/<\/span><\/a><br \/><span style=\"font-family: Verdana, sans-serif\">Primero el petr\u00f3leo (8 mayo)<\/span><br \/><span style=\"font-family: Verdana, sans-serif\">El Congreso Nacional aprob\u00f3 el pacto con Repsol por la expropiaci\u00f3n del 51 por ciento de YPF. Tres voces mapuches expusieron ante los senadores. La contaminaci\u00f3n, el Estado que sanciona leyes y las incumple, y qui\u00e9n paga el costo de un supuesto progreso.<\/span><br \/><a href=\"http:\/\/odhpi.org\/2014\/05\/primero-el-petroleo\/\" style=\"font-family: Verdana, sans-serif\"><span style=\"color: blue\">http:\/\/odhpi.org\/2014\/05\/primero-el-petroleo\/<\/span><\/a><br \/><span style=\"font-family: Verdana, sans-serif\">F\u00e9lix D\u00edaz y la Comunidad Qom: De v\u00edctimas a victimarios (6 junio)<\/span><br \/><span style=\"font-family: Verdana, sans-serif\">Ante el nuevo procesamiento del Qarashe F\u00e9lix D\u00edaz y el embargo de sus bienes por un monto de $10000, el Presidente del Servicio Paz y Justicia, Adolfo P\u00e9rez Esquivel, expres\u00f3 su en\u00e9rgico repudio<\/span><br \/><a href=\"http:\/\/odhpi.org\/2014\/06\/felix-diaz-y-la-comunidad-qom-de-victimas-a-victimarios\/\"><span style=\"color: blue;font-family: Verdana, sans-serif\">http:\/\/odhpi.org\/2014\/06\/felix-diaz-y-la-comunidad-qom-de-victimas-a-victimarios\/<\/span><\/a><br \/><span style=\"font-family: Verdana, sans-serif\">Adolfo P\u00e9rez Esquivel escribi\u00f3 a Miguel Galuccio por la situaci\u00f3n del Pueblo Mapuche (22 junio)<\/span><br \/><span style=\"font-family: Verdana, sans-serif\">El Premio Nobel de la Paz le expres\u00f3 su preocupaci\u00f3n al CEO de YPF por la vulneraci\u00f3n<br \/>\n de derechos de la comunidad mapuche Campo Maripe, situada en Vaca Muerta. \u201cSe\u00f1or Galuccio, solicito a usted consulte al \u00f3rgano competente del Estado para que adopte las medidas necesarias y favorezca el di\u00e1logo, al que las comunidades mapuche siempre se han mostrado dispuestas\u201d, se\u00f1al\u00f3 P\u00e9rez Esquivel.<\/span><br \/><a href=\"http:\/\/odhpi.org\/2014\/07\/adolfo-perez-esquivel-escribio-a-miguel-galuccio-por-la-situacion-del-pueblo-mapuche\/\" style=\"font-family: Verdana, sans-serif\"><span style=\"color: blue\">http:\/\/odhpi.org\/2014\/07\/adolfo-perez-esquivel-escribio-a-miguel-galuccio-por-la-situacion-del-pueblo-mapuche\/<\/span><\/a><span style=\"font-family: Verdana, sans-serif\">&nbsp;<\/span><br \/><span style=\"font-family: Verdana, sans-serif\">\u201cLa comunidad Paichil Antriao es emblema del despojo territorial\u201d (24 junio)<\/span><br \/><span style=\"font-family: Verdana, sans-serif\">Se present\u00f3 el relevamiento territorial e hist\u00f3rico de la comunidad de Villa la Angostura. Entre las conclusiones se destac\u00f3 que la comunidad Paichil Antriao perdi\u00f3 500 hect\u00e1reas en 100 a\u00f1os.<\/span><br \/><a href=\"http:\/\/odhpi.org\/2014\/06\/la-comunidad-paichil-antriao-es-emblema-del-despojo-territorial\/\"><span style=\"color: blue;font-family: Verdana, sans-serif\">http:\/\/odhpi.org\/2014\/06\/la-comunidad-paichil-antriao-es-emblema-del-despojo-territorial\/<\/span><\/a><br \/><span style=\"font-family: Verdana, sans-serif\">Comunidades wich\u00ed se movilizan contra los desmontes en Salta (18 julio)<\/span><br \/><span style=\"font-family: Verdana, sans-serif\">Comunidades wich\u00ed del municipio de Embarcaci\u00f3n decidieron acampar a la vera de la ruta 81 para detener los desmontes en su territorio.<\/span><a href=\"http:\/\/www.primerafuente.com.ar\/noticia\/688279-comunidades-wichi-se-movilizan-contra-los-desmontes-en-salta\" style=\"font-family: Verdana, sans-serif\"><\/a><a href=\"http:\/\/www.primerafuente.com.ar\/noticia\/688279-comunidades-wichi-se-movilizan-contra-los-desmontes-en-salta\" style=\"font-family: Verdana, sans-serif\"><span style=\"color: blue\">http:\/\/www.primerafuente.com.ar\/noticia\/688279-comunidades-wichi-se-movilizan-contra-los-desmontes-en-salta<\/span><\/a><br \/><span style=\"font-family: Verdana, sans-serif\">Veinte a\u00f1os de la reforma de la Constituci\u00f3n y los derechos ind\u00edgenas (25 agosto)<\/span><br \/><span style=\"font-family: Verdana, sans-serif\">En agosto de 1994 se promulg\u00f3 la nueva Constituci\u00f3n Nacional, luego de tres meses de deliberaciones. El movimiento ind\u00edgena se hizo presente en los debates y fruto de su trabajo y persistencia logr\u00f3 la inclusi\u00f3n de un art\u00edculo que contempla sus derechos.<\/span><a href=\"http:\/\/odhpi.org\/2014\/08\/veinte-anos-de-la-reforma-de-la-constitucion-y-los-derechos-indigenas\/\"><span style=\"color: blue;font-family: Verdana, sans-serif\">http:\/\/odhpi.org\/2014\/08\/veinte-anos-de-la-reforma-de-la-constitucion-y-los-derechos-indigenas\/<\/span><\/a><br \/><span style=\"font-family: Verdana, sans-serif\">Neuqu\u00e9n: reconocen la justicia ind\u00edgena (23 septiembre)<\/span><br \/><span style=\"font-family: Verdana, sans-serif\">Comunidades mapuches podr\u00e1n resolver internamente conflictos vinculados al derecho penal. Es un hecho in\u00e9dito para el pa\u00eds y un paso adelante en la conquista de los derechos ind\u00edgenas.<\/span><a href=\"http:\/\/odhpi.org\/2014\/09\/neuquen-reconocen-la-justicia-indigena\/\"><span style=\"color: blue;font-family: Verdana, sans-serif\">http:\/\/odhpi.org\/2014\/09\/neuquen-reconocen-la-justicia-indigena\/<\/span><\/a><br \/><span style=\"font-family: Verdana, sans-serif\">El Pueblo Mapuche y el estigma de los medios de comunicaci\u00f3n (29 septiembre)<\/span><br \/><span style=\"font-family: Verdana, sans-serif\">Posicionamiento de investigadores respecto al tratamiento de la cuesti\u00f3n mapuche en el diario La Naci\u00f3n.<\/span><a href=\"http:\/\/odhpi.org\/2014\/09\/el-pueblo-mapuche-y-el-estigma-de-los-medios-de-comunicacion\/\"><span style=\"color: blue;font-family: Verdana, sans-serif\">http:\/\/odhpi.org\/2014\/09\/el-pueblo-mapuche-y-el-estigma-de-los-medios-de-comunicacion\/<\/span><\/a><br \/><span style=\"font-family: Verdana, sans-serif\">ONU: Documento aprobado sobre Pueblos Ind\u00edgenas (30 septiembre)<\/span><br \/><span style=\"font-family: Verdana, sans-serif\">Documento aprobado por consenso por los Estados en la Conferencia Mundial sobre Pueblos Ind\u00edgenas (CMPI) de Naciones Unidas.<\/span><a href=\"http:\/\/odhpi.org\/2014\/09\/onu-documento-aprobado-sobre-pueblos-indigenas\/\"><span style=\"color: blue;font-family: Verdana, sans-serif\">http:\/\/odhpi.org\/2014\/09\/onu-documento-aprobado-sobre-pueblos-indigenas\/<\/span><\/a><br \/><span style=\"font-family: Verdana, sans-serif\">Acci\u00f3n directa Mapuche: cierre de caminos en Vaca Muerta (9 octubre)<\/span><br \/><span style=\"font-family: Verdana, sans-serif\">La comunidad mapuche Campo Maripe junto a la Zonal Xawvnko de la Confederaci\u00f3n Mapuche de Neuqu\u00e9n han decidido bloquear el acceso al yacimiento Loma Campana, pleno territorio comunitario mapuche. La raz\u00f3n es que el nivel de destrucci\u00f3n de las tierras ha llegado a un l\u00edmite intolerable.<\/span><a href=\"http:\/\/odhpi.org\/2014\/10\/accion-directa-mapuche-cierre-de-caminos-en-vaca-muerta\/\"><span style=\"color: blue;font-family: Verdana, sans-serif\">http:\/\/odhpi.org\/2014\/10\/accion-directa-mapuche-cierre-de-caminos-en-vaca-muerta\/<\/span><\/a><br \/><span style=\"font-family: Verdana, sans-serif\">Presos por defender el territorio (10 octubre)<\/span><br \/><span style=\"font-family: Verdana, sans-serif\">Liberaron a los hermanos Tejada, detenidos desde el 28 de julio por una causa armada por un criollo, en complicidad con la polic\u00eda. Los hermanos wich\u00ed estuvieron presos m\u00e1s de 70 d\u00edas.<\/span><a href=\"http:\/\/www.anred.org\/spip.php?article8648\"><span style=\"color: blue;font-family: Verdana, sans-serif\">http:\/\/www.anred.org\/spip.php?article8648<\/span><\/a><br \/><span style=\"font-family: Verdana, sans-serif\">La Corte Suprema fall\u00f3 a favor del Pueblo Mapuche Tehuelche (20 octubre)<\/span><br \/><span style=\"font-family: Verdana, sans-serif\">El m\u00e1ximo tribunal del pa\u00eds reconoci\u00f3 los derechos de comunidades ind\u00edgenas de Chubut y anul\u00f3 una sentencia del Superior Tribunal de Justicia provincial.<\/span><a href=\"http:\/\/odhpi.org\/2014\/10\/la-corte-suprema-fallo-a-favor-del-pueblo-mapuche-tehuelche\/\"><span style=\"color: blue;font-family: Verdana, sans-serif\">http:\/\/odhpi.org\/2014\/10\/la-corte-suprema-fallo-a-favor-del-pueblo-mapuche-tehuelche\/<\/span><\/a><br \/><span style=\"font-family: Verdana, sans-serif\">Triunfo Mapuche en Vaca Muerta (25 octubre)<\/span><br \/><span style=\"font-family: Verdana, sans-serif\">El Gobierno neuquino inscribi\u00f3 la personer\u00eda jur\u00eddica de la Comunidad Mapuche Campo Maripe. En 90 d\u00edas se debe relevar el territorio comunitario.<\/span><a href=\"http:\/\/odhpi.org\/2014\/10\/triunfo-mapuche-en-vaca-muerta\/\"><span style=\"color: blue;font-family: Verdana, sans-serif\">http:\/\/odhpi.org\/2014\/10\/triunfo-mapuche-en-vaca-muerta\/<\/span><\/a><br \/><span style=\"font-family: Verdana, sans-serif\">Chaco: ratificaron la propiedad de cinco mil hect\u00e1reas de una comunidad moqoit (4 noviembre)<\/span><br \/><span style=\"font-family: Verdana, sans-serif\">El m\u00e1ximo tribunal judicial del Chaco desestim\u00f3 un recurso de inconstitucionalidad de la empresa Bajo Hondo Agropecuaria. Qued\u00f3 firme un fallo de segunda instancia que orden\u00f3 a esa firma devolver a una comunidad ind\u00edgena moqoit cinco mil hect\u00e1reas<\/span><a href=\"http:\/\/www.chacodiapordia.com\/judiciales\/noticia\/92033\/el-stj-ratifico-la-propiedad-de-cinco-mil-hectareas-de-una-comunidad-moqoit\"><span style=\"color: blue;font-family: Verdana, sans-serif\">http:\/\/www.chacodiapordia.com\/judiciales\/noticia\/92033\/el-stj-ratifico-la-propiedad-de-cinco-mil-hectareas-de-una-comunidad-moqoit<\/span><\/a><br \/><span style=\"font-family: Verdana, sans-serif\">Violencia institucional y tiros contra comunidad mapuche de Neuqu\u00e9n (18 noviembre)<\/span><br \/><span style=\"font-family: Verdana, sans-serif\">Comunicado de la Confederaci\u00f3n Mapuche de Neuqu\u00e9n y la comunidad Wirkaleu.<\/span><a href=\"http:\/\/odhpi.org\/2014\/11\/violencia-institucional-y-tiros-contra-comunidad-mapuche-de-neuquen\/\"><span style=\"color: blue;font-family: Verdana, sans-serif\">http:\/\/odhpi.org\/2014\/11\/violencia-institucional-y-tiros-contra-comunidad-mapuche-de-neuquen\/<\/span><\/a><br \/><span style=\"font-family: Verdana, sans-serif\">Juicio por Cristian Ferreyra: absuelven al empresario y condenan a diez a\u00f1os de prisi\u00f3n al autor del disparo (9 diciembre)<\/span><br \/><span style=\"font-family: Verdana, sans-serif\">\u201cSe consum\u00f3 la impunidad\u201d, dijo el abogado del Mocase-V\u00eda Campesina, Oscar Rodr\u00edguez, tras conocerse la sentencia que absolvi\u00f3 a Jorge Ciccioli, el empresario acusado de ser el autor intelectual del asesinato del campesino-ind\u00edgena Cristian Ferreyra. Francisco Ju\u00e1rez, el autor del disparo fue condenado a diez a\u00f1os de prisi\u00f3n.<\/span><a href=\"http:\/\/www.infojusnoticias.gov.ar\/provinciales\/ferreyra-absuelven-al-empresario-y-condenan-a-10-anos-al-autor-del-disparo-2477.HTML\"><span style=\"color: blue;font-family: Verdana, sans-serif\">http:\/\/www.infojusnoticias.gov.ar\/provinciales\/ferreyra-absuelven-al-empresario-y-condenan-a-10-anos-al-autor-del-disparo-2477.HTML<\/span><\/a><br \/><span style=\"font-family: Verdana, sans-serif\">D\u00eda de los Derechos Humanos. Izan la bandera Mapuche (Wenu Foye) en San Mart\u00edn de los Andes (10 diciembre)<\/span><br \/><span style=\"font-family: Verdana, sans-serif\">Se iz\u00f3 la bandera mapuche en Neuqu\u00e9n, luego de un largo reclamo de las comunidades, que celebraron este acontecimiento. Vecinos de la ciudad, con acusaciones racistas, insultaron a los miembros de las comunidades presentes en el acto.<\/span><a href=\"http:\/\/www.laizquierdadiario.com\/Izaron-la-bandera-mapuche-en-San-Martin-de-los-Andes\"><span style=\"color: blue;font-family: Verdana, sans-serif\">http:\/\/www.laizquierdadiario.com\/Izaron-la-bandera-mapuche-en-San-Martin-de-los-Andes<\/span><\/a><br \/><span style=\"font-family: Verdana, sans-serif\">Cr\u00edtica situaci\u00f3n de inseguridad en la comunidad qom La Primavera (Formosa). Atacaron al hijo menor de F\u00e9lix D\u00edaz (29 diciembre)<\/span><br \/><span style=\"font-family: Verdana, sans-serif\">\u201cVenimos denunciando en la Secretar\u00eda DDHH de Mart\u00edn Fresneda. El CELS tiene conocimiento, la Defensor\u00eda General de la Naci\u00f3n tambi\u00e9n, pero no tenemos novedad. Tambi\u00e9n el doctor Langevin tiene conocimiento. Nos preocupa este silencio que nos genera mucho miedo\u201d.<\/span><a href=\"http:\/\/comunidadlaprimavera.blogspot.com.ar\/2014\/12\/critica-inseguridad-en-nuestra-comunidad.HTML\"><span style=\"color: blue;font-family: Verdana, sans-serif\">http:\/\/comunidadlaprimavera.blogspot.com.ar\/2014\/12\/critica-inseguridad-en-nuestra-comunidad.HTML<\/span><\/a><br \/><span style=\"font-family: Verdana, sans-serif\"><\/span><\/p>\n<div><span style=\"font-family: Verdana, sans-serif\"><\/span><\/div>\n<p><span style=\"font-family: Verdana, sans-serif\"><\/span><\/p>\n<div><span style=\"font-family: Verdana, sans-serif\"><\/span><\/div>\n<p><span style=\"color: #0b5394;font-family: Verdana, sans-serif\"><b>FUENTE: OBSERVATORIO DE DERECHOS HUMANOS DE PUEBLOS INDIGENAS, ODHPI, PRODUCCI\u00d3N RIACHUELO<\/b><\/span><br \/><a href=\"http:\/\/2.bp.blogspot.com\/-acoai-VXN1g\/VKdBO-PXADI\/AAAAAAAACMU\/IA5SH1vH80w\/s1600\/COOP%2BRIACHIUELO%2BPRODUCCIONES.jpg\" style=\"clear: left;margin-bottom: 1em;margin-right: 1em;text-align: center\"><span style=\"font-family: Verdana, sans-serif\"><img loading=\"lazy\" decoding=\"async\" border=\"0\" src=\"http:\/\/2.bp.blogspot.com\/-acoai-VXN1g\/VKdBO-PXADI\/AAAAAAAACMU\/IA5SH1vH80w\/s1600\/COOP%2BRIACHIUELO%2BPRODUCCIONES.jpg\" height=\"58\" width=\"200\" \/><\/span><\/a><\/p>\n","protected":false},"excerpt":{"rendered":"<p>RESE\u00d1A DE ALGUNO DE LOS HECHOS M\u00c1S IMPORTANTES El Observatorio de Derechos Humanos de los Pueblos Indigenas resalt\u00f3 los sucesos m\u00e1s relevantes del a\u00f1o 2014: Fallos judiciales. Vaca Muerta. Rally Dakar y Pueblo Kolla. Cristian Ferreyra. Comunidad qom La Primavera de Formosa. Pueblo Mapuche. Desalojos y resistencias. Veinte a\u00f1os de la Reforma Constitucional. Tehuelches. Extractivismo. [&hellip;]<\/p>\n","protected":false},"author":4,"featured_media":0,"comment_status":"open","ping_status":"open","sticky":false,"template":"","format":"standard","meta":{"_monsterinsights_skip_tracking":false,"_monsterinsights_sitenote_active":false,"_monsterinsights_sitenote_note":"","_monsterinsights_sitenote_category":0,"jnews-multi-image_gallery":[],"jnews_single_post":{"format":"standard"},"jnews_primary_category":[],"_joinchat":[],"footnotes":""},"categories":[58],"tags":[174,119],"class_list":["post-826","post","type-post","status-publish","format-standard","hentry","category-noticiariachuelo","tag-cultura-originaria","tag-derechos-humanos"],"_links":{"self":[{"href":"http:\/\/fmriachuelo.it10.com.ar\/index.php\/wp-json\/wp\/v2\/posts\/826","targetHints":{"allow":["GET"]}}],"collection":[{"href":"http:\/\/fmriachuelo.it10.com.ar\/index.php\/wp-json\/wp\/v2\/posts"}],"about":[{"href":"http:\/\/fmriachuelo.it10.com.ar\/index.php\/wp-json\/wp\/v2\/types\/post"}],"author":[{"embeddable":true,"href":"http:\/\/fmriachuelo.it10.com.ar\/index.php\/wp-json\/wp\/v2\/users\/4"}],"replies":[{"embeddable":true,"href":"http:\/\/fmriachuelo.it10.com.ar\/index.php\/wp-json\/wp\/v2\/comments?post=826"}],"version-history":[{"count":1,"href":"http:\/\/fmriachuelo.it10.com.ar\/index.php\/wp-json\/wp\/v2\/posts\/826\/revisions"}],"predecessor-version":[{"id":22093,"href":"http:\/\/fmriachuelo.it10.com.ar\/index.php\/wp-json\/wp\/v2\/posts\/826\/revisions\/22093"}],"wp:attachment":[{"href":"http:\/\/fmriachuelo.it10.com.ar\/index.php\/wp-json\/wp\/v2\/media?parent=826"}],"wp:term":[{"taxonomy":"category","embeddable":true,"href":"http:\/\/fmriachuelo.it10.com.ar\/index.php\/wp-json\/wp\/v2\/categories?post=826"},{"taxonomy":"post_tag","embeddable":true,"href":"http:\/\/fmriachuelo.it10.com.ar\/index.php\/wp-json\/wp\/v2\/tags?post=826"}],"curies":[{"name":"wp","href":"https:\/\/api.w.org\/{rel}","templated":true}]}}