{"id":8258,"date":"2018-09-27T15:39:45","date_gmt":"2018-09-27T15:39:45","guid":{"rendered":"http:\/\/fmriachuelo.com.ar\/?p=8258"},"modified":"2018-09-27T15:39:45","modified_gmt":"2018-09-27T15:39:45","slug":"8258","status":"publish","type":"post","link":"http:\/\/fmriachuelo.it10.com.ar\/index.php\/2018\/09\/27\/8258\/","title":{"rendered":"\u201cLOS NI\u00d1OS SON LOS MAS D\u00c9BILES Y HAY QUE PROTEGERLOS\u201d"},"content":{"rendered":"<p><b>[FM Riachuelo 27\/09\/2018] En el d\u00eda nacional de los derechos de las ni\u00f1as,ni\u00f1os y adolescentes, en el marco de la profundizaci\u00f3n de la crisis econ\u00f3mica que golpea fuertemente a los m\u00e1s desprotegidos. FM Riachuelo entrevist\u00f3 a Juan Carlos Sanchez\u00a0\u00a0de La<\/b><strong>\u00a0Paz, Entre R\u00edos, que forma parte de la 19-20 CTEP , que en el d\u00eda de hoy lanzaron en conjunto con otras organizaciones la Campa\u00f1a \u201cPromoci\u00f3n de derechos y cultura de los ni\u00f1os\u201d, con el objetivo de promover acciones que\u00a0 contengan a los y las ni\u00f1xs.<\/strong><\/p>\n<p>Juan Carlos S\u00e1nchez\u00a0 durante la entrevista telef\u00f3nica\u00a0 habl\u00f3 sobre la importancia de organizarse y luchar por los m\u00e1s d\u00e9biles. \u00a0\u201cestamos resistiendo y construyendo, ac\u00e1 es muy grave la situaci\u00f3n econ\u00f3mica. No alcanza con tener merenderos, comedores, en realidad la situaci\u00f3n es mucho m\u00e1s compleja, \u00a0porque hay un dif\u00edcil con la obra p\u00fablica, la vivienda. Y a esa gravedad nosotros le ponemos el cuerpo en cada barrio. \u00a0Y esto nos llevo a trabajar con el sistema de protecci\u00f3n y promoci\u00f3n de los ni\u00f1xs. Porque si el presente nuestro es jodido el futuro de ellos ser\u00e1 igual.<\/p>\n<p>\u00abEs un tema importante\u00a0 tambi\u00e9n pensar como avanza la represi\u00f3n del Estado hacia los j\u00f3venes y adolescentes. Por eso el d\u00eda 12 de octubre vamos a estar hablando con Lito Borello secretario de Derechos Humanos de la CTEP\u00bb coment\u00f3 a FM Riachuelo.<\/p>\n<p>Esta campa\u00f1a es impulsada por el Frente Barrial Pocho Lapratti 19-20 de la CTEP, el Sindicato de Empleados y Obreros Municipales, la Corriente nacional \u201cPrimero la patria\u201d, la Juventud sindical ladrillera, la Cooperativa de trabajo F\u00e1tima, \u201cMujeres ten\u00edan que ser\u201d, CTA de los trabajadores \u201cMesa La Paz\u201d, \u00a0el Foro por la ni\u00f1ez y\u00a0 Agrupaci\u00f3n \u201cRa\u00edces Peronistas\u201d.<\/p>\n<p><strong>Compartimos las actividades a realizarse en los pr\u00f3ximos d\u00edas:<\/strong><\/p>\n<p>El 12 de octubre a las cinco de la tarde se realizara talleres y charla en el marco al Tercer Encuentro Nacional por la ni\u00f1ez. El 13 de octubre a las cuatro de la tarde habr\u00e1 una jornada cultural en el polideportivo municipal en donde se podr\u00e1 disfrutar de show de t\u00edteres, murgas y mucho m\u00e1s.<\/p>\n","protected":false},"excerpt":{"rendered":"<p>[FM Riachuelo 27\/09\/2018] En el d\u00eda nacional de los derechos de las ni\u00f1as,ni\u00f1os y adolescentes, en el marco de la profundizaci\u00f3n de la crisis econ\u00f3mica que golpea fuertemente a los m\u00e1s desprotegidos. FM Riachuelo entrevist\u00f3 a Juan Carlos Sanchez\u00a0\u00a0de La\u00a0Paz, Entre R\u00edos, que forma parte de la 19-20 CTEP , que en el d\u00eda de [&hellip;]<\/p>\n","protected":false},"author":5,"featured_media":8262,"comment_status":"open","ping_status":"open","sticky":false,"template":"","format":"standard","meta":{"_monsterinsights_skip_tracking":false,"_monsterinsights_sitenote_active":false,"_monsterinsights_sitenote_note":"","_monsterinsights_sitenote_category":0,"jnews-multi-image_gallery":[],"jnews_single_post":[],"jnews_primary_category":[],"_joinchat":[],"footnotes":""},"categories":[79,76,77],"tags":[],"class_list":["post-8258","post","type-post","status-publish","format-standard","has-post-thumbnail","hentry","category-nadie-se-salva-solo","category-salud-comunitaria","category-soberania"],"_links":{"self":[{"href":"http:\/\/fmriachuelo.it10.com.ar\/index.php\/wp-json\/wp\/v2\/posts\/8258","targetHints":{"allow":["GET"]}}],"collection":[{"href":"http:\/\/fmriachuelo.it10.com.ar\/index.php\/wp-json\/wp\/v2\/posts"}],"about":[{"href":"http:\/\/fmriachuelo.it10.com.ar\/index.php\/wp-json\/wp\/v2\/types\/post"}],"author":[{"embeddable":true,"href":"http:\/\/fmriachuelo.it10.com.ar\/index.php\/wp-json\/wp\/v2\/users\/5"}],"replies":[{"embeddable":true,"href":"http:\/\/fmriachuelo.it10.com.ar\/index.php\/wp-json\/wp\/v2\/comments?post=8258"}],"version-history":[{"count":0,"href":"http:\/\/fmriachuelo.it10.com.ar\/index.php\/wp-json\/wp\/v2\/posts\/8258\/revisions"}],"wp:featuredmedia":[{"embeddable":true,"href":"http:\/\/fmriachuelo.it10.com.ar\/index.php\/wp-json\/"}],"wp:attachment":[{"href":"http:\/\/fmriachuelo.it10.com.ar\/index.php\/wp-json\/wp\/v2\/media?parent=8258"}],"wp:term":[{"taxonomy":"category","embeddable":true,"href":"http:\/\/fmriachuelo.it10.com.ar\/index.php\/wp-json\/wp\/v2\/categories?post=8258"},{"taxonomy":"post_tag","embeddable":true,"href":"http:\/\/fmriachuelo.it10.com.ar\/index.php\/wp-json\/wp\/v2\/tags?post=8258"}],"curies":[{"name":"wp","href":"https:\/\/api.w.org\/{rel}","templated":true}]}}