{"id":8253,"date":"2018-09-26T18:41:26","date_gmt":"2018-09-26T18:41:26","guid":{"rendered":"http:\/\/fmriachuelo.com.ar\/?p=8253"},"modified":"2018-09-26T18:41:26","modified_gmt":"2018-09-26T18:41:26","slug":"aunque-el-gobierno-profundiza-el-ajuste-en-todos-lados-encuentra-lucha-y-resistencia-popular","status":"publish","type":"post","link":"http:\/\/fmriachuelo.it10.com.ar\/index.php\/2018\/09\/26\/aunque-el-gobierno-profundiza-el-ajuste-en-todos-lados-encuentra-lucha-y-resistencia-popular\/","title":{"rendered":"\u201cAUNQUE EL GOBIERNO PROFUNDIZA EL AJUSTE EN TODOS LADOS ENCUENTRA LUCHA Y RESISTENCIA POPULAR\u201d"},"content":{"rendered":"<p><strong>[FM Riachuelo 26\/09\/2018]<\/strong> <strong>El programa Rompe el Cerco Informativo entrevisto a Lito Borello, Secretario de Derechos Humanos de la CTEP y referente de la Organizaci\u00f3n Los Pibes, que realiz\u00f3 un an\u00e1lisis de las dos jornadas de lucha del 24 y 25 de Septiembre, de la que participaron Movimientos sociales y sindicales.<\/strong><\/p>\n<p><strong>RCI: <\/strong>Lito,podes hacer\u00a0 un resumen \u00a0a modo de balance, de estas dos jornadas que atravesamos, que son muy importantes para el Campo Popular.<\/p>\n<p><strong>Lito Borello: <\/strong>Las primeras ideas de una jornada de casi dos d\u00edas de un paro nacional que se convirti\u00f3 de hecho en un paro nacional activo, en una jornada nacional de protesta y resistencia de punta a punta del pa\u00eds y que es mucho m\u00e1s que las actividades centrales que se hicieron porque a veces cometemos el error de hacer un recorte\u00a0 muy circunscripto\u00a0 a los 20 dirigentes principales que terminan siendo las voces que manifiestan las cosas m\u00e1s escuchadas. Me parece que\u00a0 nuevamente como viene pasando en muchos de los hechos que terminan siendo batallas callejeras, el sin n\u00famero de actividades y de formas en que nuestro pueblo de diferentes maneras\u00a0 expres\u00f3 en estos dos d\u00edas, la bronca, el cansancio, el hartazgo de estas pol\u00edticas, marcan la esperanza de un nivel de conciencia alcanzado por la gente de nuestro pueblo; que por un lado se da de un modo \u00a0multicolor y multisectorial, de construir en distintas actividades. Movimientos sindicales, sociales, culturales y territoriales, creo que cada uno fue encontrando alg\u00fan espacio en donde poder sumar al grito de protesta, de dos d\u00edas muy intensos de lucha y esto habla de que si bien el gobierno radicaliza y profundiza\u00a0 la mirada pol\u00edtico ideol\u00f3gica de los intereses que defienden, tambi\u00e9n encuentra la resistencia de nuestro pueblo y por cierto que le preocupa. No es en vano que algunos periodistas se encargan de decir\u201d\u00bfY ma\u00f1ana qu\u00e9?, \u00bf y que lograron?\u201d y creo que el logro tiene que ver con que este paro haya servido como escal\u00f3n en el proceso de unidad y de organizaci\u00f3n de nuestro pueblo. Un proceso de unidad que tambi\u00e9n se va dando al mismo tiempo que se da un nuevo vertebramiento, porque todas las estructuras\u00a0 est\u00e1n en crisis y por lo tanto\u00a0 en cada una de ellas se da un fuerte debate y un fuerte reacomodamiento a la realidad que vamos y es una realidad que si bien el gobierno est\u00e1 decidido a profundizar, creo que este paro anuncia que nos pusimos de pie y en grande. Creo que este paro va a ser un punto de inflexi\u00f3n en las condiciones de un nivel de acumulaci\u00f3n en donde empieza a avizorarse un panorama com\u00fan y en donde adem\u00e1s empieza avizorarse que no solamente estamos resistiendo , sino que tambi\u00e9n estamos creando y construyendo las condiciones\u00a0 para otra alternativa de pa\u00eds.<\/p>\n<p><strong>RCI: <\/strong>Me parece importante remarcar eso, que quiz\u00e1s no se visibilizan todas las luchas que encontramos en la calle y por ah\u00ed, la voz de esta gente que tal vez lo hicieron como un paro dominguero e incluir al otro campo que estuvo en la calle.<\/p>\n<p><strong>Lito Borello: <\/strong>Si, hay una fuerte intervenci\u00f3n de los medios hegem\u00f3nicos, donde a\u00fan los que parecieran ser m\u00e1s amigos, no terminan m\u00e1s que recortando a\u00a0 los 10 dirigentes principales y me parece que solamente la comunicaci\u00f3n y los medios alternativos\u00a0 son los que se encargan de poner la voz de verdad. Esos comedores, esas organizaciones sociales, esas comisiones internas, seos gremios, que lejos de estar en los grandes escenarios han preferido estar tambi\u00e9n\u00a0 en el lugar donde se combati\u00f3 durante todo el d\u00eda de ayer y de hoy, marcando un camino de unidad, encontrando denominadores comunes y no prefiriendo destacar las diferencias, sino priorizando un camino de unidad. Esto es alentador y creo que tambi\u00e9n se va a llevar puesta a cierta deidad y a algunas actitudes liberales de vedetismo de algunos dirigentes y creo que vamos en camino del proceso de unidad en donde se va gestando tambi\u00e9n una nueva camada que son los que van a estar a la altura de las circunstancias.<\/p>\n<p><strong>RCI: <\/strong>Terminando el paro del d\u00eda de hoy, este plan de lucha que se hab\u00eda propuesto desde la CTEP, con las diferentes actividades que se hicieron durante todo el mes, podr\u00edamos decir que tiene un punto culminante hoy. A partir de ma\u00f1ana \u00bfCu\u00e1l es la actividad\u00a0 que tiene que seguir desarrollando la econom\u00eda popular?<\/p>\n<p><strong>Lito Borello: <\/strong>Por un lado creo que a nivel macro hay dos temas centrales que van a tener prioridad, que es por un lado el debate del presupuesto porque claramente el gobierno presenta un presupuesto del Fondo Monetario, un presupuesto del ajuste y del zaqueo. Un presupuesto de un modelo de pa\u00eds para muy pocos y como contra parte, los sectores populares van en principio a hacer que ese presupuesto no se apruebe, por lo cual, tendr\u00eda que haber una condena muy grande para los dirigentes que no est\u00e9n a la altura de escuchar a nuestro pueblo y por lo tanto voten en contra\u00a0 y al mismo tiempo, desde los sectores populares no tiene que alcanzar con decir:\u201deste presupuesto no lo queremos, sino que hay que construir un programa que vaya delineando las condiciones de un presupuesto que vaya de la mano de un pa\u00eds soberano y libre, de un pa\u00eds con justicia social, de un pa\u00eds como realmente merecen nuestros pibes y cero que este va a ser un tema importante y por el otro lado, la venida del G20, de alguna manera, uno de los iconos del poder real en noviembre, tambi\u00e9n va a ser una gran batalla para nuestro pa\u00eds, para dejar en claro ante el mundo, que nuestro pa\u00eds no se va a dejar llevar de prepo a un modelo de dominaci\u00f3n que es hambre, miseria o muerte. Creo que la venida del G20 tiene que encontrar a la \u00a0Argentina de pie, como hace ya muchos a\u00f1os, que fuimos capaces de generar un \u201cArgentinazo\u201d, una Argentina que sea capaz de decirle al mundo que no estamos dispuestos a que nos lleven puestos y me parece que esto es a nivel macro y en los territorios creo que lo fundamental es ma\u00f1ana mismo, enhebrar todo lo que se junt\u00f3\u00a0 en estos dos d\u00edas e ir a discutir con cada organizaci\u00f3n y con cada grupo, grande o chico, que haya expresado el estar en la calle para ver como seguimos trabajando la unidad y la organizaci\u00f3n, como seguimos trabajando la capacidad de pelear y de construir poder popular en cada territorio. No hay institucionalidad que se conquiste en la batalla electoral si no hay un pueblo capaz de enfrentar al poder f\u00e1ctico que es el que gobierna todos los d\u00edas. As\u00ed que hay mucho trabajo, pero tambi\u00e9n hay mucho festejo. Hay que darse las horas para festejar y felicitar a nuestro pueblo que demostr\u00f3 estar a la altura de las circunstancias y como siempre dice la CTEP:<em><strong>\u201dAc\u00e1 no se rinde nadie\u201d, en estos dos d\u00edas qued\u00f3 claro que ac\u00e1 no se rinde nadie y que estamos dispuestos a luchar hasta vencer<\/strong><\/em>.<\/p>\n<p>&nbsp;<\/p>\n","protected":false},"excerpt":{"rendered":"<p>[FM Riachuelo 26\/09\/2018] El programa Rompe el Cerco Informativo entrevisto a Lito Borello, Secretario de Derechos Humanos de la CTEP y referente de la Organizaci\u00f3n Los Pibes, que realiz\u00f3 un an\u00e1lisis de las dos jornadas de lucha del 24 y 25 de Septiembre, de la que participaron Movimientos sociales y sindicales. RCI: Lito,podes hacer\u00a0 un [&hellip;]<\/p>\n","protected":false},"author":5,"featured_media":8254,"comment_status":"open","ping_status":"open","sticky":false,"template":"","format":"standard","meta":{"_monsterinsights_skip_tracking":false,"_monsterinsights_sitenote_active":false,"_monsterinsights_sitenote_note":"","_monsterinsights_sitenote_category":0,"jnews-multi-image_gallery":[],"jnews_single_post":[],"jnews_primary_category":[],"_joinchat":[],"footnotes":""},"categories":[78,76,75],"tags":[],"class_list":["post-8253","post","type-post","status-publish","format-standard","has-post-thumbnail","hentry","category-economia-popular","category-salud-comunitaria","category-trabajo"],"_links":{"self":[{"href":"http:\/\/fmriachuelo.it10.com.ar\/index.php\/wp-json\/wp\/v2\/posts\/8253","targetHints":{"allow":["GET"]}}],"collection":[{"href":"http:\/\/fmriachuelo.it10.com.ar\/index.php\/wp-json\/wp\/v2\/posts"}],"about":[{"href":"http:\/\/fmriachuelo.it10.com.ar\/index.php\/wp-json\/wp\/v2\/types\/post"}],"author":[{"embeddable":true,"href":"http:\/\/fmriachuelo.it10.com.ar\/index.php\/wp-json\/wp\/v2\/users\/5"}],"replies":[{"embeddable":true,"href":"http:\/\/fmriachuelo.it10.com.ar\/index.php\/wp-json\/wp\/v2\/comments?post=8253"}],"version-history":[{"count":0,"href":"http:\/\/fmriachuelo.it10.com.ar\/index.php\/wp-json\/wp\/v2\/posts\/8253\/revisions"}],"wp:featuredmedia":[{"embeddable":true,"href":"http:\/\/fmriachuelo.it10.com.ar\/index.php\/wp-json\/"}],"wp:attachment":[{"href":"http:\/\/fmriachuelo.it10.com.ar\/index.php\/wp-json\/wp\/v2\/media?parent=8253"}],"wp:term":[{"taxonomy":"category","embeddable":true,"href":"http:\/\/fmriachuelo.it10.com.ar\/index.php\/wp-json\/wp\/v2\/categories?post=8253"},{"taxonomy":"post_tag","embeddable":true,"href":"http:\/\/fmriachuelo.it10.com.ar\/index.php\/wp-json\/wp\/v2\/tags?post=8253"}],"curies":[{"name":"wp","href":"https:\/\/api.w.org\/{rel}","templated":true}]}}