{"id":825,"date":"2015-01-03T01:15:00","date_gmt":"2015-01-03T01:15:00","guid":{"rendered":"http:\/\/fmriachuelo.observatorioess.org.ar\/index.php\/2015\/01\/03\/56o-aniversario-de-la-revolucion-cubana\/"},"modified":"2025-03-25T14:41:17","modified_gmt":"2025-03-25T17:41:17","slug":"56o-aniversario-de-la-revolucion-cubana","status":"publish","type":"post","link":"http:\/\/fmriachuelo.it10.com.ar\/index.php\/2015\/01\/03\/56o-aniversario-de-la-revolucion-cubana\/","title":{"rendered":"56\u00ba ANIVERSARIO DE LA REVOLUCI\u00d3N CUBANA"},"content":{"rendered":"<div style=\"margin-bottom: .0001pt;margin: 0cm\"><span style=\"font-family: Verdana, sans-serif\">UNA EPOPEYA DE M\u00c1S DE MEDIO SIGLO<\/span><\/div>\n<p><strong style=\"font-family: Verdana, sans-serif\"><span style=\"color: red;font-size: large\">LA BATALLA POR LA DIGNIDAD&nbsp;<\/span><\/strong><\/p>\n<div style=\"clear: both;text-align: center\"><a href=\"http:\/\/3.bp.blogspot.com\/-p4Ghb_zrhaY\/VKdCBZOJnXI\/AAAAAAAACMc\/KcnspGBqFVA\/s1600\/Entrada_de_Fidel_a_La_Habana-2-580x278.jpg\" style=\"clear: left;float: left;margin-bottom: 1em;margin-right: 1em\"><span style=\"font-family: Verdana, sans-serif\"><img loading=\"lazy\" decoding=\"async\" border=\"0\" src=\"http:\/\/3.bp.blogspot.com\/-p4Ghb_zrhaY\/VKdCBZOJnXI\/AAAAAAAACMc\/KcnspGBqFVA\/s1600\/Entrada_de_Fidel_a_La_Habana-2-580x278.jpg\" height=\"153\" width=\"320\" \/><\/span><\/a><\/div>\n<p><span style=\"font-family: Verdana, sans-serif\"><i>Por Atilio Bor\u00f3n<\/i><\/span><br \/><span style=\"font-family: Verdana, sans-serif\">En un d\u00eda como el de ayer, hace 56 a\u00f1os, se abr\u00eda una nueva etapa hist\u00f3rica en Nuestra Am\u00e9rica. <\/span><span style=\"font-family: Verdana, sans-serif\">Batista<\/span><span style=\"font-family: Verdana, sans-serif\"> y sus esbirros, junto a sus mentores y compinches norteamericanos y la oligarqu\u00eda pro-yankee, hu\u00edan de La Habana y se consumaba el triunfo de la Revoluci\u00f3n Cubana. A partir de ese momento nada ser\u00eda igual en Latinoam\u00e9rica.<\/span><br \/><a name='more'><\/a><span style=\"font-family: Verdana, sans-serif\">El certero instinto del imperio no se equivoc\u00f3, y desde su inicio la Revoluci\u00f3n fue combatida a muerte, hostigada, saboteada, aislada, y sus l\u00edderes fueron objeto de innumerables atentados, igual que su pueblo. Fue v\u00edctima del criminal bloqueo comercial, financiero, migratorio, inform\u00e1tico m\u00e1s prolongado de la historia universal, que todav\u00eda sigue aunque ya ha sido herido de muerte y sus promotores y ejecutores confesaron su fracaso.<\/span><br \/><span style=\"font-family: Verdana, sans-serif\">Todas las armas se utilizaron con tal de destruirla. Pero no pudieron, y a pesar de ese furioso ataque garantiz\u00f3 para su poblaci\u00f3n \u00edndices de salud, educaci\u00f3n, acceso a la cultura y al deporte, y a la seguridad social iguales o mejores que los de los pa\u00edses capitalistas desarrollados. Y adem\u00e1s, hizo del internacionalismo socialista, de la solidaridad internacional, una bandera indeleble de lucha y llev\u00f3 a sus m\u00e9dicos, enfermeros, educadores por todo el mundo, cuando sus detractores enviaban tropas y descargaban metralla.<br \/>Y cuando su auxilio fue requerido para librar la batalla decisiva contra el racismo, el apartheid y los restos del colonialismo en Africa all\u00e1 fueron los cubanos y en Angola derrotaron definitivamente a los baluartes de la reacci\u00f3n, como lo atestiguara repetidamente un emocionado <\/span><span style=\"font-family: Verdana, sans-serif\">Nelson Mandela<\/span><span style=\"font-family: Verdana, sans-serif\">.<br \/>Si esa Revoluci\u00f3n (as\u00ed, siempre con may\u00fasculas) hubiese sido aplastada, la historia de Am\u00e9rica latina y el Caribe, y nuestras peque\u00f1as biograf\u00edas, habr\u00edan sido completamente diferentes. Por eso, nuestra eterna gratitud y nuestra deuda con la Revoluci\u00f3n Cubana \u2013con Fidel, Ra\u00fal, el Che, Camilo, \u201cBarbarroja\u201d Pi\u00f1eiro, Almeida y los hombres y mujeres que lucharon bajo su conducci\u00f3n\u2013 es enorme e impagable.<br \/>De ah\u00ed que nuestra solidaridad y defensa de la Revoluci\u00f3n Cubana deba ser incondicional, permanente y activa, como lo fue en la campa\u00f1a que hizo posible la liberaci\u00f3n de \u201cLos 5\u201d. Hoy seguimos en la lucha, m\u00e1s que nunca, porque el imperio se apresta a cambiar de t\u00e1ctica para lograr, apelando al \u201cpoder blando\u201d (\u00a1un peligroso eufemismo!) lo que por m\u00e1s de medio siglo no pudieron obtener por la fuerza.<br \/>Pero Cuba, con el apoyo de todos los pueblos de Nuestra Am\u00e9rica, resistir\u00e1 y derrotar\u00e1 tambi\u00e9n la sinuosa embestida perge\u00f1ada por Washington.<\/span><br \/><span style=\"clear: left;font-family: Verdana, sans-serif;font-size: xx-small;margin-bottom: 1em;margin-right: 1em;text-align: center\"><b><span style=\"color: #0b5394\">FUENTE: CUBADEBATE, PRODUCCI\u00d3N RIACHUELO<\/span><\/b><\/span><br \/><span style=\"clear: left;font-family: Verdana, sans-serif;font-size: xx-small;margin-bottom: 1em;margin-right: 1em;text-align: center\"><a href=\"http:\/\/2.bp.blogspot.com\/-acoai-VXN1g\/VKdBO-PXADI\/AAAAAAAACMY\/2myuWbk1Efo\/s1600\/COOP%2BRIACHIUELO%2BPRODUCCIONES.jpg\" style=\"clear: left;margin-bottom: 1em;margin-right: 1em;text-align: center\"><img loading=\"lazy\" decoding=\"async\" border=\"0\" src=\"http:\/\/2.bp.blogspot.com\/-acoai-VXN1g\/VKdBO-PXADI\/AAAAAAAACMY\/2myuWbk1Efo\/s1600\/COOP%2BRIACHIUELO%2BPRODUCCIONES.jpg\" height=\"58\" width=\"200\" \/><\/a><\/span><\/p>\n","protected":false},"excerpt":{"rendered":"<p>UNA EPOPEYA DE M\u00c1S DE MEDIO SIGLO LA BATALLA POR LA DIGNIDAD&nbsp; Por Atilio Bor\u00f3nEn un d\u00eda como el de ayer, hace 56 a\u00f1os, se abr\u00eda una nueva etapa hist\u00f3rica en Nuestra Am\u00e9rica. Batista y sus esbirros, junto a sus mentores y compinches norteamericanos y la oligarqu\u00eda pro-yankee, hu\u00edan de La Habana y se consumaba [&hellip;]<\/p>\n","protected":false},"author":4,"featured_media":0,"comment_status":"open","ping_status":"open","sticky":false,"template":"","format":"standard","meta":{"_monsterinsights_skip_tracking":false,"_monsterinsights_sitenote_active":false,"_monsterinsights_sitenote_note":"","_monsterinsights_sitenote_category":0,"jnews-multi-image_gallery":[],"jnews_single_post":{"format":"standard"},"jnews_primary_category":[],"_joinchat":[],"footnotes":""},"categories":[58],"tags":[70,72],"class_list":["post-825","post","type-post","status-publish","format-standard","hentry","category-noticiariachuelo","tag-de-la-patria-grande","tag-historia-de-la-lucha-de-los-pueblos"],"_links":{"self":[{"href":"http:\/\/fmriachuelo.it10.com.ar\/index.php\/wp-json\/wp\/v2\/posts\/825","targetHints":{"allow":["GET"]}}],"collection":[{"href":"http:\/\/fmriachuelo.it10.com.ar\/index.php\/wp-json\/wp\/v2\/posts"}],"about":[{"href":"http:\/\/fmriachuelo.it10.com.ar\/index.php\/wp-json\/wp\/v2\/types\/post"}],"author":[{"embeddable":true,"href":"http:\/\/fmriachuelo.it10.com.ar\/index.php\/wp-json\/wp\/v2\/users\/4"}],"replies":[{"embeddable":true,"href":"http:\/\/fmriachuelo.it10.com.ar\/index.php\/wp-json\/wp\/v2\/comments?post=825"}],"version-history":[{"count":1,"href":"http:\/\/fmriachuelo.it10.com.ar\/index.php\/wp-json\/wp\/v2\/posts\/825\/revisions"}],"predecessor-version":[{"id":22094,"href":"http:\/\/fmriachuelo.it10.com.ar\/index.php\/wp-json\/wp\/v2\/posts\/825\/revisions\/22094"}],"wp:attachment":[{"href":"http:\/\/fmriachuelo.it10.com.ar\/index.php\/wp-json\/wp\/v2\/media?parent=825"}],"wp:term":[{"taxonomy":"category","embeddable":true,"href":"http:\/\/fmriachuelo.it10.com.ar\/index.php\/wp-json\/wp\/v2\/categories?post=825"},{"taxonomy":"post_tag","embeddable":true,"href":"http:\/\/fmriachuelo.it10.com.ar\/index.php\/wp-json\/wp\/v2\/tags?post=825"}],"curies":[{"name":"wp","href":"https:\/\/api.w.org\/{rel}","templated":true}]}}