{"id":8248,"date":"2018-09-26T15:40:38","date_gmt":"2018-09-26T15:40:38","guid":{"rendered":"http:\/\/fmriachuelo.com.ar\/?p=8248"},"modified":"2018-09-26T15:40:38","modified_gmt":"2018-09-26T15:40:38","slug":"asambleas-si-no-al-desalojo","status":"publish","type":"post","link":"http:\/\/fmriachuelo.it10.com.ar\/index.php\/2018\/09\/26\/asambleas-si-no-al-desalojo\/","title":{"rendered":"\u00abASAMBLEAS SI\u00bb NO AL DESALOJO!!!"},"content":{"rendered":"<p>[FM Riachuelo, 26\/09\/2018] <strong>Hoy en Mateando en el Riachuelo conversamos en una entrevista telef\u00f3nica con Marcos referente de la Asamblea de Villa Urquiza,\u00a0 que se refiri\u00f3 al inminente desalojo al que los lleva el Gobierno de la Ciudad.\u00a0<\/strong><\/p>\n<p>El 17 de septiembre recibieron la noticia de que el Estado les iniciaba un juicio sin notificaci\u00f3n previa, negando la posibilidad de defenderse. Luego apareci\u00f3 un oficial de justicia, acompa\u00f1ado de la fuerza p\u00fablica y se acercaron al espacio para pedirles que se fueran.<\/p>\n<p>Esto es una avanzada violenta neoliberal y fascista como nos dijo Marcos:<strong><em>\u00bb La p\u00e9rdida de la asamblea significa la p\u00e9rdida de un espacio invaluable de construcci\u00f3n horizontal y autogestiva que hace 16 a\u00f1os existe y resiste. En su lugar quieren construir tres mega torres que beneficiar\u00e1n a unxs pocxs, arrasando toda la manzana la cual contiene viviendas, comercios, canchas de f\u00fatbol y el paso p\u00fablico hacia la estaci\u00f3n de tren\u00bb.<\/em><\/strong><\/p>\n<p>Por \u00faltimo nos coment\u00f3 :<em><strong>\u00abEstamos en asamblea permanente la cual sostenemos todos los d\u00edas a las 21 horas en Triunvirato y Roosevelt de CABA. Convocamos de forma urgente a todxs los compa\u00f1erxs, espacios y organizaciones afines a sumarse a nuestra resistencia\u00bb.<\/strong><\/em><\/p>\n<p>La asamblea convoca a resistir frente al avance sobre el espacio p\u00fablico, contra el arrebato de un espacio donde se brindan talleres, cursos, consejer\u00eda sobre salud, y donde adem\u00e1s funciona de lunes a viernes de 18 a 21 horas el Bachillerato popular Berta C\u00e1ceres (CEIPH).<\/p>\n<p><img loading=\"lazy\" decoding=\"async\" class=\"aligncenter wp-image-8250 size-medium\" src=\"http:\/\/fmriachuelo.com.ar\/wp-content\/uploads\/2018\/09\/WhatsApp-Image-2018-09-26-at-12.17.26-212x300.jpeg\" alt=\"\" width=\"212\" height=\"300\" \/><\/p>\n<p><strong>Si a las Asambleas, No a la venta de tierras p\u00fablicas, No al desalojo de la Asamblea de Villa Urquiza, Si a las Ollas Populares!<\/strong><\/p>\n","protected":false},"excerpt":{"rendered":"<p>[FM Riachuelo, 26\/09\/2018] Hoy en Mateando en el Riachuelo conversamos en una entrevista telef\u00f3nica con Marcos referente de la Asamblea de Villa Urquiza,\u00a0 que se refiri\u00f3 al inminente desalojo al que los lleva el Gobierno de la Ciudad.\u00a0 El 17 de septiembre recibieron la noticia de que el Estado les iniciaba un juicio sin notificaci\u00f3n [&hellip;]<\/p>\n","protected":false},"author":5,"featured_media":8249,"comment_status":"open","ping_status":"open","sticky":false,"template":"","format":"standard","meta":{"_monsterinsights_skip_tracking":false,"_monsterinsights_sitenote_active":false,"_monsterinsights_sitenote_note":"","_monsterinsights_sitenote_category":0,"jnews-multi-image_gallery":[],"jnews_single_post":[],"jnews_primary_category":[],"_joinchat":[],"footnotes":""},"categories":[78,79,77],"tags":[],"class_list":["post-8248","post","type-post","status-publish","format-standard","has-post-thumbnail","hentry","category-economia-popular","category-nadie-se-salva-solo","category-soberania"],"_links":{"self":[{"href":"http:\/\/fmriachuelo.it10.com.ar\/index.php\/wp-json\/wp\/v2\/posts\/8248","targetHints":{"allow":["GET"]}}],"collection":[{"href":"http:\/\/fmriachuelo.it10.com.ar\/index.php\/wp-json\/wp\/v2\/posts"}],"about":[{"href":"http:\/\/fmriachuelo.it10.com.ar\/index.php\/wp-json\/wp\/v2\/types\/post"}],"author":[{"embeddable":true,"href":"http:\/\/fmriachuelo.it10.com.ar\/index.php\/wp-json\/wp\/v2\/users\/5"}],"replies":[{"embeddable":true,"href":"http:\/\/fmriachuelo.it10.com.ar\/index.php\/wp-json\/wp\/v2\/comments?post=8248"}],"version-history":[{"count":0,"href":"http:\/\/fmriachuelo.it10.com.ar\/index.php\/wp-json\/wp\/v2\/posts\/8248\/revisions"}],"wp:featuredmedia":[{"embeddable":true,"href":"http:\/\/fmriachuelo.it10.com.ar\/index.php\/wp-json\/"}],"wp:attachment":[{"href":"http:\/\/fmriachuelo.it10.com.ar\/index.php\/wp-json\/wp\/v2\/media?parent=8248"}],"wp:term":[{"taxonomy":"category","embeddable":true,"href":"http:\/\/fmriachuelo.it10.com.ar\/index.php\/wp-json\/wp\/v2\/categories?post=8248"},{"taxonomy":"post_tag","embeddable":true,"href":"http:\/\/fmriachuelo.it10.com.ar\/index.php\/wp-json\/wp\/v2\/tags?post=8248"}],"curies":[{"name":"wp","href":"https:\/\/api.w.org\/{rel}","templated":true}]}}