{"id":824,"date":"2015-01-03T19:44:00","date_gmt":"2015-01-03T19:44:00","guid":{"rendered":"http:\/\/fmriachuelo.observatorioess.org.ar\/index.php\/2015\/01\/03\/cuba-la-tasa-de-mortalidad-infantil-mas-baja-de-su-historia\/"},"modified":"2025-03-25T14:42:55","modified_gmt":"2025-03-25T17:42:55","slug":"cuba-la-tasa-de-mortalidad-infantil-mas-baja-de-su-historia","status":"publish","type":"post","link":"http:\/\/fmriachuelo.it10.com.ar\/index.php\/2015\/01\/03\/cuba-la-tasa-de-mortalidad-infantil-mas-baja-de-su-historia\/","title":{"rendered":"CUBA: LA TASA DE MORTALIDAD INFANTIL M\u00c1S BAJA DE SU HISTORIA"},"content":{"rendered":"<p><strong><span style=\"color: red\"><span style=\"font-family: Verdana, sans-serif;font-size: large\">CUANDO&nbsp;LA SALUD NO ES MERCANC\u00cdA<\/span><\/span><\/strong><br \/><span style=\"clear: left;float: left;font-family: Verdana, sans-serif;margin-bottom: 1em;margin-right: 1em\"><img loading=\"lazy\" decoding=\"async\" border=\"0\" src=\"http:\/\/3.bp.blogspot.com\/-WyirztVhiG8\/VKhF49lM1NI\/AAAAAAAACMw\/KeO3ajO_0qo\/s1600\/CUBA.jpg\" height=\"216\" width=\"320\" \/><\/span><b><span style=\"font-family: Verdana, sans-serif\">Cuba termin\u00f3 el 2014 manteniendo en 4,2 por mil nacidos vivos la tasa de mortalidad infantil, alcanzada al cierre del 2013 y hasta ahora la m\u00e1s baja de su historia, posicion\u00e1ndose entre las primeras naciones del mundo con m\u00e1s bajo indicador.<\/span><\/b><br \/><span style=\"font-family: Verdana, sans-serif\">La diferencia entre la tasa de mortalidad infantil del pa\u00eds y la de los municipios que integran&nbsp; zonas rurales y de dif\u00edcil acceso es de solo 0,6 d\u00e9cimas y expresa la uniformidad de las acciones del Programa Materno Infantil y del Programa del M\u00e9dico y la Enfermera de la familia, conquistas de una sociedad que protege a su infancia y que no escapa de los efectos del bloqueo impuesto a Cuba por m\u00e1s de 50 a\u00f1os por Estados Unidos.<\/span><br \/><a name='more'><\/a><span style=\"font-family: Verdana, sans-serif\">\u201cEl 2014 fue un a\u00f1o en el que se trabaj\u00f3 para reducir los efectos de la prematuridad, se generaliz\u00f3 el uso de la progesterona a todas las gestantes con riesgo de parto pret\u00e9rmino, se hizo un uso m\u00e1s eficiente de las camas de hogares maternos disponibles, se perfeccionaron los protocolos de manejo perinatol\u00f3gico y se increment\u00f3 la supervivencia de los reci\u00e9n nacidos con menos de 1 500 gramos en los servicios de neonatolog\u00eda\u201d, explic\u00f3 a Granma el doctor Roberto \u00c1lvarez Fumero, especialista en Pediatr\u00eda y jefe del departamento del Programa Materno Infantil en el Ministerio de Salud P\u00fablica.<br \/>Entre las principales causas de muerte en menores de un a\u00f1o se encuentran las afecciones originadas en el periodo perinatal, los defectos cong\u00e9nitos y enfermedades gen\u00e9ticas, y las infecciones.<br \/>Esto es resultado de la prioridad que el Sistema de Salud Cubano concede al programa de diagn\u00f3stico, manejo y prevenci\u00f3n de defectos cong\u00e9nitos y enfermedades gen\u00e9ticas, que tiene su principal fortaleza en la presencia de asesores gen\u00e9ticos en la atenci\u00f3n primaria de salud, como parte de una red que alcanza los tres niveles de atenci\u00f3n en Salud.<br \/>Seg\u00fan datos preliminares ofrecidos por la Direcci\u00f3n Nacional de Registros M\u00e9dicos y Estad\u00edsticas del Ministerio de Salud P\u00fablica, las defunciones en edad preescolar (ni\u00f1os entre uno y cuatro a\u00f1os de edad) disminuyen en 12 respecto al 2013 y las principales causas son las lesiones no intencionales, los tumores malignos, las infecciones respiratorias agudas y las anomal\u00edas cong\u00e9nitas. Su tasa de mortalidad se reduce de 4,1 a 3,8 por cada 10 000 habitantes de esas edades.<br \/>La mortalidad escolar (entre 4 y 15 a\u00f1os) tambi\u00e9n disminuye el indicador de 1,9 a 1,8 por cada 10 000 habitantes de esas edades y se reducen en 13 las defunciones.<br \/>Seg\u00fan el doctor \u00c1lvarez Fumero, la consolidaci\u00f3n de los resultados expresan el impacto de las transformaciones realizadas por el sistema de salud, destacando el reordenamiento y rescate de los principios fundacionales de la atenci\u00f3n primaria.<\/span><br \/><span style=\"color: #0b5394;font-family: Verdana, sans-serif;font-size: x-small\"><b>FUENTE: GRANMA, PRODUCCI\u00d3N RIACHUELO<\/b><\/span><br \/><a href=\"http:\/\/3.bp.blogspot.com\/-5WEw8KwoQmQ\/VKhGTzHLdGI\/AAAAAAAACM4\/Rl1IgM5YpSo\/s1600\/COOP%2BRIACHIUELO%2BPRODUCCIONES.jpg\" style=\"clear: left;margin-bottom: 1em;margin-right: 1em;text-align: center\"><span style=\"font-family: Verdana, sans-serif\"><img loading=\"lazy\" decoding=\"async\" border=\"0\" src=\"http:\/\/3.bp.blogspot.com\/-5WEw8KwoQmQ\/VKhGTzHLdGI\/AAAAAAAACM4\/Rl1IgM5YpSo\/s1600\/COOP%2BRIACHIUELO%2BPRODUCCIONES.jpg\" height=\"58\" width=\"200\" \/><\/span><\/a><br \/><span style=\"color: blue;font-family: Verdana\"><\/span><\/p>\n","protected":false},"excerpt":{"rendered":"<p>CUANDO&nbsp;LA SALUD NO ES MERCANC\u00cdACuba termin\u00f3 el 2014 manteniendo en 4,2 por mil nacidos vivos la tasa de mortalidad infantil, alcanzada al cierre del 2013 y hasta ahora la m\u00e1s baja de su historia, posicion\u00e1ndose entre las primeras naciones del mundo con m\u00e1s bajo indicador.La diferencia entre la tasa de mortalidad infantil del pa\u00eds y [&hellip;]<\/p>\n","protected":false},"author":4,"featured_media":0,"comment_status":"open","ping_status":"open","sticky":false,"template":"","format":"standard","meta":{"_monsterinsights_skip_tracking":false,"_monsterinsights_sitenote_active":false,"_monsterinsights_sitenote_note":"","_monsterinsights_sitenote_category":0,"jnews-multi-image_gallery":[],"jnews_single_post":{"format":"standard"},"jnews_primary_category":[],"_joinchat":[],"footnotes":""},"categories":[58],"tags":[70,69],"class_list":["post-824","post","type-post","status-publish","format-standard","hentry","category-noticiariachuelo","tag-de-la-patria-grande","tag-salud"],"_links":{"self":[{"href":"http:\/\/fmriachuelo.it10.com.ar\/index.php\/wp-json\/wp\/v2\/posts\/824","targetHints":{"allow":["GET"]}}],"collection":[{"href":"http:\/\/fmriachuelo.it10.com.ar\/index.php\/wp-json\/wp\/v2\/posts"}],"about":[{"href":"http:\/\/fmriachuelo.it10.com.ar\/index.php\/wp-json\/wp\/v2\/types\/post"}],"author":[{"embeddable":true,"href":"http:\/\/fmriachuelo.it10.com.ar\/index.php\/wp-json\/wp\/v2\/users\/4"}],"replies":[{"embeddable":true,"href":"http:\/\/fmriachuelo.it10.com.ar\/index.php\/wp-json\/wp\/v2\/comments?post=824"}],"version-history":[{"count":1,"href":"http:\/\/fmriachuelo.it10.com.ar\/index.php\/wp-json\/wp\/v2\/posts\/824\/revisions"}],"predecessor-version":[{"id":22095,"href":"http:\/\/fmriachuelo.it10.com.ar\/index.php\/wp-json\/wp\/v2\/posts\/824\/revisions\/22095"}],"wp:attachment":[{"href":"http:\/\/fmriachuelo.it10.com.ar\/index.php\/wp-json\/wp\/v2\/media?parent=824"}],"wp:term":[{"taxonomy":"category","embeddable":true,"href":"http:\/\/fmriachuelo.it10.com.ar\/index.php\/wp-json\/wp\/v2\/categories?post=824"},{"taxonomy":"post_tag","embeddable":true,"href":"http:\/\/fmriachuelo.it10.com.ar\/index.php\/wp-json\/wp\/v2\/tags?post=824"}],"curies":[{"name":"wp","href":"https:\/\/api.w.org\/{rel}","templated":true}]}}