{"id":8239,"date":"2018-09-25T16:06:05","date_gmt":"2018-09-25T16:06:05","guid":{"rendered":"http:\/\/fmriachuelo.com.ar\/?p=8239"},"modified":"2018-09-25T16:06:05","modified_gmt":"2018-09-25T16:06:05","slug":"paro-activo-en-el-barrio-de-la-boca-para-frenar-el-ajuste","status":"publish","type":"post","link":"http:\/\/fmriachuelo.it10.com.ar\/index.php\/2018\/09\/25\/paro-activo-en-el-barrio-de-la-boca-para-frenar-el-ajuste\/","title":{"rendered":"PARO ACTIVO EN EL BARRIO DE LA BOCA PARA FRENAR EL AJUSTE"},"content":{"rendered":"<p><strong>[FM Riachuelo 25\/09\/2018] Las organizaciones populares \u00a0del barrio de la Boca se sumaron al paro nacional convocado por la Confederaci\u00f3n General del Trabajo (CGT), en contra del ajuste y las pol\u00edticas de hambre del gobierno de Macri. \u00a0La concentraci\u00f3n se realiz\u00f3 en la Avenida Almirante Brown \u00a0y Su\u00e1rez para movilizarse hasta la bajada del Puente Nicol\u00e1s Avellaneda, en donde se realiz\u00f3 el paro activo compartiendo un desayuno y realizando radio abierta.<\/strong><\/p>\n<p><img loading=\"lazy\" decoding=\"async\" class=\"alignnone size-full wp-image-8240\" src=\"http:\/\/fmriachuelo.com.ar\/wp-content\/uploads\/2018\/09\/WhatsApp-Image-2018-09-25-at-8.13.13-AM.jpeg\" alt=\"\" width=\"1280\" height=\"854\" \/><\/p>\n<p>Varias organizaciones que se organizan y construyen poder popular todos los d\u00edas en el barrio de la Boca, se juntaron bajo la consigna: NO AL AJUSTE; BASTA DE HAMBRE y NO AL FMI. Desde muy temprano todas las agrupaciones y vecinos que se acercaron, \u00a0marcharon hasta el Puente para compartir el \u201cdesayuno compa\u00f1ero\u201d y expresar la unidad contra el saqueo que lleva adelante el FMI en complicidad con el gobierno de Macri.<\/p>\n<p>Alejandro Lucero de la Casa Popular el Patio espacio en donde funciona un CAAC (Casas de Asistencia y Acompa\u00f1amiento Comunitario) que trabaja en la prevenci\u00f3n y rehabilitaci\u00f3n de adicciones de forma comunitaria, hizo referencia a la reciente renuncia del Presidente del Banco Central \u00a0Luis Caputo: <em>\u201cNosotros estamos ac\u00e1 en el Puente Nicol\u00e1s Avellaneda igual que ayer estuvimos en el Puente Pueyrred\u00f3n, esto no es solamente venir a protestar para que se vaya tal o cual. Creemos que\u00a0 nosotros tenemos\u00a0 el protagonismo, no importa quien venga al Banco Central o a la presidencia, lo que estamos reclamando en esta ocasi\u00f3n, \u00a0es para que esto no nos vuelva a pasar nunca m\u00e1s. Nosotros tenemos que ocupar esos lugares, me refiero al Pueblo, y resolver definitivamente nuestros problemas. La \u00fanica posibilidad que esto no vuelva a suceder es que todo dejemos la posici\u00f3n c\u00f3moda que nos han entregado como democracia: que es votar cada dos a\u00f1os. Nos tenemos que mover un poquito \u00a0m\u00e1s, para lograr la felicidad permanente debemos ser todos responsables y protagonistas de nuestro futuro y nuestro presente\u201d.<\/em><\/p>\n<p><img loading=\"lazy\" decoding=\"async\" class=\"alignnone size-full wp-image-8235\" src=\"http:\/\/fmriachuelo.com.ar\/wp-content\/uploads\/2018\/09\/WhatsApp-Image-2018-09-25-at-9.06.31-AM.jpeg\" alt=\"\" width=\"1280\" height=\"854\" \/><\/p>\n<p>Los trabajadores de TANDANOR \u00a0que tambi\u00e9n \u00a0vienen sufriendo los despidos y el \u00a0ajuste que afectan a gran parte del pa\u00eds, al pasar por el Puente Nicol\u00e1s Avellaneda se sumaron a los c\u00e1nticos que con mucha fuerza se hac\u00edan escuchar\u00a0 \u201cUNIDAD DE LOS TRABAJADORES\u2026 Y al que no le gusta: \u00a1Se jode! \u00a1Se jode!\u201d.<\/p>\n<p>Del otro lado del Puente Nicol\u00e1s Avellaneda en Dock Sud m\u00e1s de una decena de organizaciones tambi\u00e9n se sumaron a \u00e9sta jornada de lucha. La Casa Popular El Fog\u00f3n, la Biblioteca y los Talleres de Lectura \u00abDonde viven los libros\u00bb, Kallpa Wayna, el Movimiento Misioneros de Francisco, el MTL Rebelde, el Movimiento Popular La Dignidad, la Agrupaci\u00f3n San Mart\u00edn de la CTEP Avellaneda; la Corriente Clasista y Combativa; la Cooperativa la Universal, Fetia, el Sindicato \u00danico de Trabajadores de Administraciones Portuarias; el Sindicato de Trabajadores de Talleres y Astilleros Navales, Suteba y la CTA de los Trabajadores de Avellaneda compartieron una jornada de lucha con olla popular, tortas fritas y actividades recreativas para lxs chicxs.<\/p>\n<p>En la Boca participaron de la jornada de lucha: CTEP la Boca, Frente Popular Dar\u00edo Santill\u00e1n, Organizaci\u00f3n Social y Pol\u00edtica Los Pibes, MTL Rebelde, Cooperativa Recicladores de la Boca, Cooperativa de Vivienda la Nueva Esperanza, Sindicato de Trabajadores Viales ( STV), Comedor San Jorge, Merendero Madres en Lucha, El Patio Casa Popular, Paseo de la Econom\u00eda Popular Martin Oso Cisneros, FM Riachuelo.<\/p>\n<p><a href=\"https:\/\/www.facebook.com\/pg\/fmriachuelo\/photos\/?tab=album&amp;album_id=1934751273246745&amp;__xts__%5B0%5D=68.ARAR5Z6xE8SS0-eJVzCsPGdavl4rJxLRHFHDDwYH98_trsRSUTsUin50vWhdJiUpLgJ5ysngCYSH6GUpTtsvra9Jq9VoWJI_BqpIDtf_AbgsTxkDMESFTIzrxj0RjUbdrq2TpAxGDG7hueGspc0pHWnHuuJ4-PMtv3ymseMs5n6IJHODB98TMQ&amp;__tn__=-UC-R\">Compartimos la Cobertura Riachuelo completa<\/a><\/p>\n<p>&nbsp;<\/p>\n","protected":false},"excerpt":{"rendered":"<p>[FM Riachuelo 25\/09\/2018] Las organizaciones populares \u00a0del barrio de la Boca se sumaron al paro nacional convocado por la Confederaci\u00f3n General del Trabajo (CGT), en contra del ajuste y las pol\u00edticas de hambre del gobierno de Macri. \u00a0La concentraci\u00f3n se realiz\u00f3 en la Avenida Almirante Brown \u00a0y Su\u00e1rez para movilizarse hasta la bajada del Puente [&hellip;]<\/p>\n","protected":false},"author":5,"featured_media":8234,"comment_status":"open","ping_status":"open","sticky":false,"template":"","format":"standard","meta":{"_monsterinsights_skip_tracking":false,"_monsterinsights_sitenote_active":false,"_monsterinsights_sitenote_note":"","_monsterinsights_sitenote_category":0,"jnews-multi-image_gallery":[],"jnews_single_post":[],"jnews_primary_category":[],"_joinchat":[],"footnotes":""},"categories":[76,74,75],"tags":[],"class_list":["post-8239","post","type-post","status-publish","format-standard","has-post-thumbnail","hentry","category-salud-comunitaria","category-san-cayetano","category-trabajo"],"_links":{"self":[{"href":"http:\/\/fmriachuelo.it10.com.ar\/index.php\/wp-json\/wp\/v2\/posts\/8239","targetHints":{"allow":["GET"]}}],"collection":[{"href":"http:\/\/fmriachuelo.it10.com.ar\/index.php\/wp-json\/wp\/v2\/posts"}],"about":[{"href":"http:\/\/fmriachuelo.it10.com.ar\/index.php\/wp-json\/wp\/v2\/types\/post"}],"author":[{"embeddable":true,"href":"http:\/\/fmriachuelo.it10.com.ar\/index.php\/wp-json\/wp\/v2\/users\/5"}],"replies":[{"embeddable":true,"href":"http:\/\/fmriachuelo.it10.com.ar\/index.php\/wp-json\/wp\/v2\/comments?post=8239"}],"version-history":[{"count":0,"href":"http:\/\/fmriachuelo.it10.com.ar\/index.php\/wp-json\/wp\/v2\/posts\/8239\/revisions"}],"wp:featuredmedia":[{"embeddable":true,"href":"http:\/\/fmriachuelo.it10.com.ar\/index.php\/wp-json\/"}],"wp:attachment":[{"href":"http:\/\/fmriachuelo.it10.com.ar\/index.php\/wp-json\/wp\/v2\/media?parent=8239"}],"wp:term":[{"taxonomy":"category","embeddable":true,"href":"http:\/\/fmriachuelo.it10.com.ar\/index.php\/wp-json\/wp\/v2\/categories?post=8239"},{"taxonomy":"post_tag","embeddable":true,"href":"http:\/\/fmriachuelo.it10.com.ar\/index.php\/wp-json\/wp\/v2\/tags?post=8239"}],"curies":[{"name":"wp","href":"https:\/\/api.w.org\/{rel}","templated":true}]}}