{"id":8226,"date":"2018-09-24T23:33:22","date_gmt":"2018-09-24T23:33:22","guid":{"rendered":"http:\/\/fmriachuelo.com.ar\/?p=8226"},"modified":"2018-09-24T23:33:22","modified_gmt":"2018-09-24T23:33:22","slug":"8226","status":"publish","type":"post","link":"http:\/\/fmriachuelo.it10.com.ar\/index.php\/2018\/09\/24\/8226\/","title":{"rendered":"ENCUENTRO DE MUJERES RADIALISTAS FARCO"},"content":{"rendered":"<p><strong>FM Riachuelo 24\/09\/2018 \u00a0El fin de semana se realiz\u00f3 el 1\u00b0 encuentro de mujeres y g\u00e9nero de radialistas de FARCO, que se llevo a cabo en la Ciudad de Buenos Aires. Las sedes elegidas este a\u00f1o para llevar a cabo las actividades fueron el hotel de la Asociaci\u00f3n de Trabajadores del Estado (ATE) \u00a0Radio Gr\u00e1fica y FM Riachuelo.<\/strong><\/p>\n<p><span style=\"font-weight: 400\">En la actividad estuvieron presentes \u00a0trabajadoras de distintos medios populares de cada provincia, que forman parte de las emisoras comunitarias como ser, C\u00f3rdoba, Mendoza, Viedma, Santa Fe y Buenos Aires.<\/span><\/p>\n<p><span style=\"font-weight: 400\">Algunos de los temas que se debatieron y pusieron en com\u00fan: El rol de trabajo en red, la agenda informativa con perspectiva de g\u00e9nero, representaci\u00f3n pol\u00edtica de las mujeres, como se piensa a la comunicaci\u00f3n popular con respecto al feminismo.<\/span><\/p>\n<p><span style=\"font-weight: 400\">El d\u00eda domingo, las compa\u00f1eras visitaron el espacio de Fm Riachuelo en el barrio de la Boca, donde compartieron un rico guiso, para luego recorrer las instalaciones de la radio. El encuentro de mujeres finaliz\u00f3 alrededor de las seis de la tarde, con un intercambio de saberes y experiencias de todo lo debatido en la jornada.<\/span><\/p>\n","protected":false},"excerpt":{"rendered":"<p>FM Riachuelo 24\/09\/2018 \u00a0El fin de semana se realiz\u00f3 el 1\u00b0 encuentro de mujeres y g\u00e9nero de radialistas de FARCO, que se llevo a cabo en la Ciudad de Buenos Aires. Las sedes elegidas este a\u00f1o para llevar a cabo las actividades fueron el hotel de la Asociaci\u00f3n de Trabajadores del Estado (ATE) \u00a0Radio Gr\u00e1fica [&hellip;]<\/p>\n","protected":false},"author":5,"featured_media":8227,"comment_status":"open","ping_status":"open","sticky":false,"template":"","format":"standard","meta":{"_monsterinsights_skip_tracking":false,"_monsterinsights_sitenote_active":false,"_monsterinsights_sitenote_note":"","_monsterinsights_sitenote_category":0,"jnews-multi-image_gallery":[],"jnews_single_post":[],"jnews_primary_category":[],"_joinchat":[],"footnotes":""},"categories":[78,76,77],"tags":[],"class_list":["post-8226","post","type-post","status-publish","format-standard","has-post-thumbnail","hentry","category-economia-popular","category-salud-comunitaria","category-soberania"],"_links":{"self":[{"href":"http:\/\/fmriachuelo.it10.com.ar\/index.php\/wp-json\/wp\/v2\/posts\/8226","targetHints":{"allow":["GET"]}}],"collection":[{"href":"http:\/\/fmriachuelo.it10.com.ar\/index.php\/wp-json\/wp\/v2\/posts"}],"about":[{"href":"http:\/\/fmriachuelo.it10.com.ar\/index.php\/wp-json\/wp\/v2\/types\/post"}],"author":[{"embeddable":true,"href":"http:\/\/fmriachuelo.it10.com.ar\/index.php\/wp-json\/wp\/v2\/users\/5"}],"replies":[{"embeddable":true,"href":"http:\/\/fmriachuelo.it10.com.ar\/index.php\/wp-json\/wp\/v2\/comments?post=8226"}],"version-history":[{"count":0,"href":"http:\/\/fmriachuelo.it10.com.ar\/index.php\/wp-json\/wp\/v2\/posts\/8226\/revisions"}],"wp:featuredmedia":[{"embeddable":true,"href":"http:\/\/fmriachuelo.it10.com.ar\/index.php\/wp-json\/"}],"wp:attachment":[{"href":"http:\/\/fmriachuelo.it10.com.ar\/index.php\/wp-json\/wp\/v2\/media?parent=8226"}],"wp:term":[{"taxonomy":"category","embeddable":true,"href":"http:\/\/fmriachuelo.it10.com.ar\/index.php\/wp-json\/wp\/v2\/categories?post=8226"},{"taxonomy":"post_tag","embeddable":true,"href":"http:\/\/fmriachuelo.it10.com.ar\/index.php\/wp-json\/wp\/v2\/tags?post=8226"}],"curies":[{"name":"wp","href":"https:\/\/api.w.org\/{rel}","templated":true}]}}