{"id":822,"date":"2015-01-03T20:06:00","date_gmt":"2015-01-03T20:06:00","guid":{"rendered":"http:\/\/fmriachuelo.observatorioess.org.ar\/index.php\/2015\/01\/03\/mexico-festival-mundial-de-las-resistencias-y-las-rebeldias\/"},"modified":"2025-03-25T14:43:43","modified_gmt":"2025-03-25T17:43:43","slug":"mexico-festival-mundial-de-las-resistencias-y-las-rebeldias","status":"publish","type":"post","link":"http:\/\/fmriachuelo.it10.com.ar\/index.php\/2015\/01\/03\/mexico-festival-mundial-de-las-resistencias-y-las-rebeldias\/","title":{"rendered":"M\u00c9XICO: FESTIVAL MUNDIAL DE LAS RESISTENCIAS Y LAS REBELD\u00cdAS"},"content":{"rendered":"<div style=\"margin-bottom: .0001pt;margin: 0cm\"><span style=\"font-family: Verdana, sans-serif\">NOTICIAS DESDE CHIAPAS<\/span><\/div>\n<p><strong style=\"font-family: Verdana, sans-serif\"><span style=\"color: red\"><span style=\"font-size: large\">EN LA UNIVERSIDAD DE LA TIERRA COMIENZA LA CLAUSURA DE UN FESTIVAL QUE NO TERMINA<\/span><\/span><\/strong><\/p>\n<div style=\"clear: both;text-align: center\"><a href=\"http:\/\/4.bp.blogspot.com\/-F4E1LoPnCVE\/VKhLEfHOt0I\/AAAAAAAACNQ\/oXUauTZbkCo\/s1600\/ayotzinapa.jpg\" style=\"clear: left;float: left;margin-bottom: 1em;margin-right: 1em\"><span style=\"font-family: Verdana, sans-serif\"><img decoding=\"async\" border=\"0\" src=\"http:\/\/4.bp.blogspot.com\/-F4E1LoPnCVE\/VKhLEfHOt0I\/AAAAAAAACNQ\/oXUauTZbkCo\/s1600\/ayotzinapa.jpg\" \/><\/span><\/a><\/div>\n<p><span style=\"font-family: Verdana, sans-serif\"><b>[Colectivo Radio Zapatista,&nbsp;<\/b><b>M\u00e9xico, San Crist\u00f3bal de las Casas, Chiapas &#8211; 02\/01\/2015]<\/b> <b>Comienzan los dos d\u00edas de trabajo que clausurar\u00e1n el Festival Mundial de las Resistencias y las Rebeld\u00edas contra el Capitalismo, \u201cdonde los de arriba destruyen, los de abajo reconstruimos\u201d. <\/b>De nuevo los normalistas en primeras filas, cara a cara con sus familias y amigos, o con los rostros impresos de ellos mismos. Un millar de personas saturan el auditorio principal del generoso y aut\u00f3nomo CIDECI-Universidad de la Tierra.<\/span><br \/><a name='more'><\/a><span style=\"font-family: Verdana, sans-serif\">Se puede ver la transmisi\u00f3n en vivo en salones aleda\u00f1os, el comedor, el aula Immanuel Wallerstein. Aqu\u00ed dentro hay medios libres que se han organizado para cubrirlo todo: video, audio, texto, traducci\u00f3n, publicaci\u00f3n y compilaci\u00f3n, entrevistas. Una biblioteca en azul nos aloja.<\/span><br \/><span style=\"font-family: Verdana, sans-serif\">Dentro del auditorio hay cabina para traducci\u00f3n simult\u00e1nea a los idiomas que se pueda, mesoamericanos y europeos. Vibra un calor inusitado para un enero en San Crist\u00f3bal. Se nos entregan datos de asistencia a lo largo de estos d\u00edas: 1,300 delegadas y delegados del CNI de 28 pueblos y 20 estados de la Rep\u00fablica Mexicana, 2,904 integrantes de la Sexta (2,168 nacionales de todo el pa\u00eds y 736 internacionales de 42 pa\u00edses).<br \/>Por las familias de los normalistas que nos faltan habla primero la se\u00f1ora Berta Nava, madre de Julio C\u00e9sar Ram\u00edrez Nava, asesinado el 26 de septiembre de 2014 en Iguala, Guerrero. Nos invita a tirar este gobierno \u201cque tanto da\u00f1o nos hace\u201d. Con voz entrecortada recuerda an\u00e9cdotas familiares que nos comparte. Antes no dejaba dormir a su hijo. Cuando lo identific\u00f3 en Iguala s\u00f3lo dijo \u201cpor fin vas a dormir\u201d, aunque para ella \u201c\u00e9l siempre va a estar vivo\u201d. Insiste en que el gobierno tiene a los muchachos, agradece al Ej\u00e9rcito Zapatista de Liberaci\u00f3n Nacional que le hayan cedido su lugar y nos asegura que \u201cqueremos gente preparada para que no nos sigan pisoteando\u201d.<br \/>Mario Cruz es t\u00edo de Benjam\u00edn Ascencio Cruz, desaparecido. Son hablantes de n\u00e1huatl, as\u00ed que el muchacho entr\u00f3 a la normal rural para \u201cfortalecer su vocabulario\u201d porque \u201cquer\u00eda conocer las variantes dialectales\u201d de su lengua. Nos dice Mario que el gobierno culpa a la delincuencia organizada del secuestro de los j\u00f3venes, \u201cpero nosotros decimos el gobierno es la delincuencia organizada\u201d.<br \/>Bernab\u00e9 Abraj\u00e1n es padre de Ad\u00e1n Abraj\u00e1n de la Cruz. Nos cuenta que Ad\u00e1n se iba a casar el pasado 20 de diciembre, que tiene \u201cesposa y dos hijos\u201d, un var\u00f3n de siete a\u00f1os, una ni\u00f1a de dos. Ella no sabe a\u00fan lo que ocurri\u00f3. Luego se le quiebra la voz para decirnos \u201choy es cumplea\u00f1os de mi hijo\u201d y deber\u00edamos estarlo festejando. Don Bernab\u00e9 nos informa que el dolor que vive M\u00e9xico no s\u00f3lo habita Guerrero. Se ha dado cuenta de que es todo M\u00e9xico, por eso le suelta un \u201cya basta\u201d a este gobierno y recupera la voz para exigirle \u201cque nos dejen de estar pisoteando\u201d. Se ir\u00e1 para informarle a su pueblo que todo el pa\u00eds est\u00e1 igual. Nos recuerda a los ca\u00eddos en Iguala, a los heridos. Aldo sigue en coma. El rostro de Andr\u00e9s sigue en reconstrucci\u00f3n. Y como el gobierno no lo hace, \u201cnosotros somos los que vamos a hacer justicia\u201d organizados.<br \/>\u00d3scar Garc\u00eda Hern\u00e1ndez es hermano de Abel Garc\u00eda Hern\u00e1ndez. Se despidi\u00f3 para irse a estudiar y \u201cya no lo volvimos a ver\u201d, se lamenta. Luego nos cuenta por qu\u00e9 no hemos visto a su madre. \u201cElla no puede venir porque ella no puede hablar en espa\u00f1ol\u201d. Son mixtecos. Nos dice que su mam\u00e1 le pide constantemente que regrese pero \u00e9l no puede volver sin su hermano, no quiere, prefiere \u201cestar aqu\u00ed luchando\u201d por encontrar a Abel. Dice que quer\u00eda ser militar pero ya no quiere. \u201cYo prefiero ser otra cosa que un militar y desaparecer personas\u201d. Luego nos relata dolores \u00edntimos de su familia dispersa, migrante, desconocida. Hace once a\u00f1os que su madre no habla con otro de sus hermanos. La se\u00f1ora \u201cya no soporta tanto dolor\u201d. Es demasiado.<br \/>Entre las voces de familiares de Ayotzinapa aparece la de un yaqui preso por defender el agua. Mario Luna visita el CIDECI a la distancia. Desde el penal que lo recluye en Sonora se enlaza en audio para decirnos que est\u00e1 limitado en su movilidad, pero que sigue luchando gracias al EZLN y al CNI que siguen firmes, a la Sexta que es \u201cmuestra de fortaleza y de vitalidad\u201d. Con voz clara asegura que \u201cestemos donde estemos seguimos firmes en nuestra convicci\u00f3n de estar libres\u201d y \u201cgobernarnos de una forma diferente\u201d porque \u201ccada vez somos m\u00e1s\u201d. Para Ayotzinapa y el festival, lanza un \u201c\u00e1nimo, compa\u00f1eros\u201d, un \u201cseguimos firmes\u201d que difumina los barrotes que nos separan.<br \/>Lambertino Cruz retoma las participaciones de Guerrero. Es breve. \u201cYo no s\u00e9 hablar\u201d, piensa \u00e9l. Sus palabras lo contradicen. \u201cA nombre de toda la familia de Ayotzinapa\u201d agradece el apoyo que han recibido y necesitan recibir todav\u00eda para encontrar a los muchachos normalistas porque \u201cel gobierno los tiene\u201d.<br \/>Omar Garc\u00eda habla por los estudiantes. Como alumno y maestro de normales combativas, reconoce la grandeza de la UNITIERRA. Luego nos cuenta lo que les dijo ayer el subcomandante insurgente Mois\u00e9s cuando los despidi\u00f3 en Oventik, algo \u201cmuy interesante\u201d. Los normalistas le dijeron al zapatista que tambi\u00e9n quieren la autonom\u00eda para sus escuelas normales rurales, y \u201cnos dijo: hasta no ver, no creer\u201d.<br \/>Casi para terminar este arranque de trabajos, retoma la palabra Bertha Nava. Nos informa que el 14 de diciembre acaba de ser lastimado otro estudiante por polic\u00edas federales en Guerrero. Lo agredieron, lo patearon, casi lo matan. Sobrevivi\u00f3 porque un polic\u00eda ya no consider\u00f3 necesario seguirlo lastimando. Entonces nos pregunta: \u201cSi los federales no tuvieron piedad de \u00e9l, \u00bfpor qu\u00e9 nosotros lo vamos a tener?<br \/>Cierran las intervenciones integrantes de la Escuela Aut\u00f3noma Emiliano Zapata que vienen desde la mixteca poblana. Se preguntan \u201c\u00bfqu\u00e9 podemos compartirles?\u201d a quienes tanto saben de lucha. Se responden \u201clo que somos, lo que seremos\u201d. Un poema y una pintura. En n\u00e1huatl y espa\u00f1ol le hablan a cada qui\u00e9n: \u201cMa\u00f1ana, cuando muera, no quiero que sufras\u201d, pues \u201cdesde el sol te enviar\u00e9 buenos rayos de luz\u201d. En colores entregan a Tonantzin.<br \/>Afuera del auditorio, en los reconfortantes jardines del CIDECI y entre el caf\u00e9 caliente y el pan reci\u00e9n horneado siempre presentes, se escucha \u201csoy Alexander Mora Venancio\u201d repetido en distintas voces de hombres, de mujeres. Adentro, comienza la lectura marat\u00f3nica de las relator\u00edas para compartir lo que se comparti\u00f3 en Xochicuautla, Amilcingo y Monclova. Dentro y fuera de quienes hoy confluimos aqu\u00ed flota un deseo sincero de \u201cfeliz a\u00f1o\u201d, y de \u201cfeliz cumplea\u00f1os, Ad\u00e1n\u201d para el muchacho ausente.<\/span><br \/><span style=\"font-family: Verdana, sans-serif;font-size: x-small\"><b><span style=\"color: #0b5394\">FUENTE: RESUMEN LATINOAMERICANO, PRODUCCI\u00d3N RIACHUELO<\/span><\/b><a href=\"http:\/\/3.bp.blogspot.com\/-5WEw8KwoQmQ\/VKhGTzHLdGI\/AAAAAAAACM4\/Rl1IgM5YpSo\/s1600\/COOP%2BRIACHIUELO%2BPRODUCCIONES.jpg\" style=\"clear:left;margin-bottom: 1em;margin-right: 1em;text-align: center\"><img loading=\"lazy\" decoding=\"async\" border=\"0\" src=\"http:\/\/3.bp.blogspot.com\/-5WEw8KwoQmQ\/VKhGTzHLdGI\/AAAAAAAACM4\/Rl1IgM5YpSo\/s1600\/COOP%2BRIACHIUELO%2BPRODUCCIONES.jpg\" height=\"58\" width=\"200\" \/><\/a><\/span><\/p>\n","protected":false},"excerpt":{"rendered":"<p>NOTICIAS DESDE CHIAPAS EN LA UNIVERSIDAD DE LA TIERRA COMIENZA LA CLAUSURA DE UN FESTIVAL QUE NO TERMINA [Colectivo Radio Zapatista,&nbsp;M\u00e9xico, San Crist\u00f3bal de las Casas, Chiapas &#8211; 02\/01\/2015] Comienzan los dos d\u00edas de trabajo que clausurar\u00e1n el Festival Mundial de las Resistencias y las Rebeld\u00edas contra el Capitalismo, \u201cdonde los de arriba destruyen, los [&hellip;]<\/p>\n","protected":false},"author":4,"featured_media":0,"comment_status":"open","ping_status":"open","sticky":false,"template":"","format":"standard","meta":{"_monsterinsights_skip_tracking":false,"_monsterinsights_sitenote_active":false,"_monsterinsights_sitenote_note":"","_monsterinsights_sitenote_category":0,"jnews-multi-image_gallery":[],"jnews_single_post":{"format":"standard"},"jnews_primary_category":[],"_joinchat":[],"footnotes":""},"categories":[58],"tags":[70,72],"class_list":["post-822","post","type-post","status-publish","format-standard","hentry","category-noticiariachuelo","tag-de-la-patria-grande","tag-historia-de-la-lucha-de-los-pueblos"],"_links":{"self":[{"href":"http:\/\/fmriachuelo.it10.com.ar\/index.php\/wp-json\/wp\/v2\/posts\/822","targetHints":{"allow":["GET"]}}],"collection":[{"href":"http:\/\/fmriachuelo.it10.com.ar\/index.php\/wp-json\/wp\/v2\/posts"}],"about":[{"href":"http:\/\/fmriachuelo.it10.com.ar\/index.php\/wp-json\/wp\/v2\/types\/post"}],"author":[{"embeddable":true,"href":"http:\/\/fmriachuelo.it10.com.ar\/index.php\/wp-json\/wp\/v2\/users\/4"}],"replies":[{"embeddable":true,"href":"http:\/\/fmriachuelo.it10.com.ar\/index.php\/wp-json\/wp\/v2\/comments?post=822"}],"version-history":[{"count":1,"href":"http:\/\/fmriachuelo.it10.com.ar\/index.php\/wp-json\/wp\/v2\/posts\/822\/revisions"}],"predecessor-version":[{"id":22097,"href":"http:\/\/fmriachuelo.it10.com.ar\/index.php\/wp-json\/wp\/v2\/posts\/822\/revisions\/22097"}],"wp:attachment":[{"href":"http:\/\/fmriachuelo.it10.com.ar\/index.php\/wp-json\/wp\/v2\/media?parent=822"}],"wp:term":[{"taxonomy":"category","embeddable":true,"href":"http:\/\/fmriachuelo.it10.com.ar\/index.php\/wp-json\/wp\/v2\/categories?post=822"},{"taxonomy":"post_tag","embeddable":true,"href":"http:\/\/fmriachuelo.it10.com.ar\/index.php\/wp-json\/wp\/v2\/tags?post=822"}],"curies":[{"name":"wp","href":"https:\/\/api.w.org\/{rel}","templated":true}]}}