{"id":8218,"date":"2018-09-24T20:21:18","date_gmt":"2018-09-24T20:21:18","guid":{"rendered":"http:\/\/fmriachuelo.com.ar\/?p=8218"},"modified":"2018-09-24T20:21:18","modified_gmt":"2018-09-24T20:21:18","slug":"el-puente-es-nuestro","status":"publish","type":"post","link":"http:\/\/fmriachuelo.it10.com.ar\/index.php\/2018\/09\/24\/el-puente-es-nuestro\/","title":{"rendered":"\u00abEL PUENTE ES NUESTRO\u00bb"},"content":{"rendered":"<p><strong>[FM Riachuelo 24\/09\/2018] Hoy los movimientos populares y sindicales en unidad concentraron en una nueva jornada de lucha desde muy temprano en la estaci\u00f3n Dar\u00edo y Maxi en Avellaneda, con la consigna \u201cFuera el FMI, Basta de Hambre\u201d. Luego, movilizaron al Puente Pueyrred\u00f3n donde estuvieron varias horas esperando poder cruzar y con reiterados intentos de represi\u00f3n, pero que finalmente lograron subir al puente y dirigirse a Plaza de mayo para realizar el multitudinario acto central.<\/strong><\/p>\n<p>En una tensa espera de varias horas las organizaciones sociales presentes entre quienes estaban La Organizaci\u00f2n Social y pol\u00ectica los Pibes , la Confederaci\u00f2n de los trabajadores de la Econom\u00eca Popular, La Casa Popular El fog\u00f2n, la Casa Cultural El Patio, el Movimiento Evita , Barrios de Pie, el Frente de Organizaciones en Lucha, la Asociaci\u00f2n de Trabajadores del Estado,\u00a0 y la Corriente Clasista y Combativa, se reunieron en la subida del Puente Pueyrred\u00f2n para poder hacer un acto sobre el mismo y luego marchar organizados hacia Plaza de Mayo.<\/p>\n<p>Los efectivos de seguridad quisieron impedir este avance de las columnas, pero tras una tensa negociaci\u00f2n de varias horas, donde hubo algunos choques con los militantes, cedieron a la presi\u00f2n y acordaron con\u00a0 los dirigentes de los movimientos sociales presentes, dejar pasar a las numerosas columnas que pudieron as\u00ec cruzar el puente y sumarse a la masiva movilizaci\u00f2n en la Plaza de Mayo.<\/p>\n<p><img loading=\"lazy\" decoding=\"async\" class=\"aligncenter wp-image-8220 \" src=\"http:\/\/fmriachuelo.com.ar\/wp-content\/uploads\/2018\/09\/WhatsApp-Image-2018-09-24-at-11.28.29.jpeg\" alt=\"\" width=\"542\" height=\"361\" \/><\/p>\n<p>All\u00ec conversamos con Lito Borello Secretario de DD HH de CTEP quien nos dijo<em><strong>\u00abNuevamente se ratifica que el pueblo unido jam\u00e1s ser\u00e1 vencido. Despu\u00e9s de horas de intentar de manera irresponsable que no pasemos tanta cantidad de compa\u00f1eros en un d\u00eda de protesta con el derecho legitimo que tenemos, tuvieron que al final aflojar el dispositivo. Y ac\u00e1 estamos en la calle, cruzando por el Puente Pueyrred\u00f3n un lugar hist\u00f3rico para los movimientos populares, no van a detener la resistencia popular.\u00bb<\/strong><\/em><\/p>\n<p><img loading=\"lazy\" decoding=\"async\" class=\"wp-image-8221 aligncenter\" src=\"http:\/\/fmriachuelo.com.ar\/wp-content\/uploads\/2018\/09\/WhatsApp-Image-2018-09-24-at-11.35.35.jpeg\" alt=\"\" width=\"551\" height=\"414\" \/><\/p>\n<p>Tambi\u00e8n pudimos hablar con Cachorro Godoy de ATE quien expres\u00f2 :<em><strong>\u00abEstamos iniciando un paro contundente, aqu\u00ec en el Puente Pueyrred\u00f2n como emblema de nuestra lucha, es el inicio formal de la expresi\u00f2n m\u00e0s contundente de rechazo a la pol\u00ectica econ\u00f2mica de Macri, queremos un pa\u00ecs para la mayor\u00eca no para unos pocos que se llevan la riqueza del pa\u00ecs\u00bb.<\/strong><\/em><\/p>\n<p>Luego de la tensi\u00f2n cuando la negociaci\u00f2n para poder pasar ya era un hecho los militantes comenzaron a cantar<em><strong> \u00bb Porque estamos organizados con lucha y con paciencia somos la nueva resistencia,\u00a0 Luche que se van\u00bb!<\/strong><\/em><\/p>\n<p>Luego marcharon unidos sobre el puente en camino hacia plaza de Mayo donde se realiz\u00f2 el acto central de cierre de la jornada de lucha.<\/p>\n<p><strong>Porque el Pueblo unido jam\u00e0s ser\u00e0 vencido!<\/strong><\/p>\n<p>&nbsp;<\/p>\n","protected":false},"excerpt":{"rendered":"<p>[FM Riachuelo 24\/09\/2018] Hoy los movimientos populares y sindicales en unidad concentraron en una nueva jornada de lucha desde muy temprano en la estaci\u00f3n Dar\u00edo y Maxi en Avellaneda, con la consigna \u201cFuera el FMI, Basta de Hambre\u201d. Luego, movilizaron al Puente Pueyrred\u00f3n donde estuvieron varias horas esperando poder cruzar y con reiterados intentos de [&hellip;]<\/p>\n","protected":false},"author":5,"featured_media":8219,"comment_status":"open","ping_status":"open","sticky":false,"template":"","format":"standard","meta":{"_monsterinsights_skip_tracking":false,"_monsterinsights_sitenote_active":false,"_monsterinsights_sitenote_note":"","_monsterinsights_sitenote_category":0,"jnews-multi-image_gallery":[],"jnews_single_post":[],"jnews_primary_category":[],"_joinchat":[],"footnotes":""},"categories":[76,74,75],"tags":[],"class_list":["post-8218","post","type-post","status-publish","format-standard","has-post-thumbnail","hentry","category-salud-comunitaria","category-san-cayetano","category-trabajo"],"_links":{"self":[{"href":"http:\/\/fmriachuelo.it10.com.ar\/index.php\/wp-json\/wp\/v2\/posts\/8218","targetHints":{"allow":["GET"]}}],"collection":[{"href":"http:\/\/fmriachuelo.it10.com.ar\/index.php\/wp-json\/wp\/v2\/posts"}],"about":[{"href":"http:\/\/fmriachuelo.it10.com.ar\/index.php\/wp-json\/wp\/v2\/types\/post"}],"author":[{"embeddable":true,"href":"http:\/\/fmriachuelo.it10.com.ar\/index.php\/wp-json\/wp\/v2\/users\/5"}],"replies":[{"embeddable":true,"href":"http:\/\/fmriachuelo.it10.com.ar\/index.php\/wp-json\/wp\/v2\/comments?post=8218"}],"version-history":[{"count":0,"href":"http:\/\/fmriachuelo.it10.com.ar\/index.php\/wp-json\/wp\/v2\/posts\/8218\/revisions"}],"wp:featuredmedia":[{"embeddable":true,"href":"http:\/\/fmriachuelo.it10.com.ar\/index.php\/wp-json\/"}],"wp:attachment":[{"href":"http:\/\/fmriachuelo.it10.com.ar\/index.php\/wp-json\/wp\/v2\/media?parent=8218"}],"wp:term":[{"taxonomy":"category","embeddable":true,"href":"http:\/\/fmriachuelo.it10.com.ar\/index.php\/wp-json\/wp\/v2\/categories?post=8218"},{"taxonomy":"post_tag","embeddable":true,"href":"http:\/\/fmriachuelo.it10.com.ar\/index.php\/wp-json\/wp\/v2\/tags?post=8218"}],"curies":[{"name":"wp","href":"https:\/\/api.w.org\/{rel}","templated":true}]}}