{"id":8215,"date":"2018-09-21T15:17:25","date_gmt":"2018-09-21T15:17:25","guid":{"rendered":"http:\/\/fmriachuelo.com.ar\/?p=8215"},"modified":"2018-09-21T15:17:25","modified_gmt":"2018-09-21T15:17:25","slug":"tandanor-en-defensa-de-los-puestos-de-trabajo-de-la-industria-naval","status":"publish","type":"post","link":"http:\/\/fmriachuelo.it10.com.ar\/index.php\/2018\/09\/21\/tandanor-en-defensa-de-los-puestos-de-trabajo-de-la-industria-naval\/","title":{"rendered":"TANDANOR EN  DEFENSA DE LOS PUESTOS DE TRABAJO DE LA INDUSTRIA NAVAL"},"content":{"rendered":"<p style=\"text-align: left\"><img loading=\"lazy\" decoding=\"async\" class=\"alignnone size-full wp-image-8213\" src=\"http:\/\/fmriachuelo.com.ar\/wp-content\/uploads\/2018\/09\/42243629_721350638215031_1557610060723519488_n.jpg\" alt=\"\" width=\"1280\" height=\"960\" \/>El mi\u00e9rcoles 19 de Septiembre, los trabajadores de los Talleres Navales realizaron una olla popular con el fin de colaborar con las personas que est\u00e1n en situaci\u00f3n de calle. Esta medida se tom\u00f3 para visibilizar los nuevos despidos provocados por el ajuste que est\u00e1 llevando el gobierno sobre TANDANOR y Astilleros R\u00edo Santiago.<br \/>\nEste recorte deja inactivos no solo a los que trabajan en astilleros, sino a los que realizan tareas terrestres en la zona portuaria. El conflicto destapa tambi\u00e9n una cuesti\u00f3n de soberan\u00eda de nuestro territorio mar\u00edtimo que est\u00e1 siendo entregado con este desguazamiento de la industria naval.<br \/>\nRecordemos que Tandanor repara submarinos y barcos de prefectura y este a\u00f1o logr\u00f3 reparar 55 remolcadores, 24 pesqueros, 8 petroleros y 3 buques de la Armada.<br \/>\nFM Riachuelo, conjuntamente a Lito Borello de la Agrupaci\u00f3n social y pol\u00edtica Los Pibes y Luciano Alvarez de la Casa popular el Fog\u00f3n acompa\u00f1aron a los trabajadores y conversaron con David Meli\u00e1n Secretario Adjunto del Sindicato de Trabajadores de los Talleres y Astilleros Navales de marina, en la carpa de la unidad naval.<br \/>\nLos trabajadores denunciaron que el vaciamiento esconde un proyecto inmobiliario y David Meli\u00e1n explico que este gobierno derog\u00f3 los art\u00edculos del fondo de inversiones de la ley naval, que no solo dej\u00f3 vac\u00eda la ley, sino que tambi\u00e9n est\u00e1n comprando barcos a Francia y no apuestan a la industria nacional.<\/p>\n<p><img loading=\"lazy\" decoding=\"async\" class=\"aligncenter wp-image-8214 size-medium\" src=\"http:\/\/fmriachuelo.com.ar\/wp-content\/uploads\/2018\/09\/42219124_251329312237316_2691850974443601920_n-300x225.jpg\" alt=\"\" width=\"300\" height=\"225\" \/><br \/>\n<strong>\u00ab<em>Ac\u00e1 lo redituable es el negocio de los ricos, nosotros somos soberan\u00eda nacional y sentimos que este es un Estado entregador, afirm\u00f3 Meli\u00e1n<\/em>\u00ab.<\/strong><br \/>\nEn medio de una crisis generalizada, los trabajadores de TANDANOR continuar\u00e1n esta lucha, que busca las reincorporaciones a sus puestos laborales, enfrentando as\u00ed a un gobierno que les quita la posibilidad de llevar un plato de comida a sus casas por medio de un trabajo digno.<\/p>\n","protected":false},"excerpt":{"rendered":"<p>El mi\u00e9rcoles 19 de Septiembre, los trabajadores de los Talleres Navales realizaron una olla popular con el fin de colaborar con las personas que est\u00e1n en situaci\u00f3n de calle. Esta medida se tom\u00f3 para visibilizar los nuevos despidos provocados por el ajuste que est\u00e1 llevando el gobierno sobre TANDANOR y Astilleros R\u00edo Santiago. Este recorte [&hellip;]<\/p>\n","protected":false},"author":5,"featured_media":0,"comment_status":"open","ping_status":"open","sticky":false,"template":"","format":"standard","meta":{"_monsterinsights_skip_tracking":false,"_monsterinsights_sitenote_active":false,"_monsterinsights_sitenote_note":"","_monsterinsights_sitenote_category":0,"jnews-multi-image_gallery":[],"jnews_single_post":[],"jnews_primary_category":[],"_joinchat":[],"footnotes":""},"categories":[76,74,75],"tags":[],"class_list":["post-8215","post","type-post","status-publish","format-standard","hentry","category-salud-comunitaria","category-san-cayetano","category-trabajo"],"_links":{"self":[{"href":"http:\/\/fmriachuelo.it10.com.ar\/index.php\/wp-json\/wp\/v2\/posts\/8215","targetHints":{"allow":["GET"]}}],"collection":[{"href":"http:\/\/fmriachuelo.it10.com.ar\/index.php\/wp-json\/wp\/v2\/posts"}],"about":[{"href":"http:\/\/fmriachuelo.it10.com.ar\/index.php\/wp-json\/wp\/v2\/types\/post"}],"author":[{"embeddable":true,"href":"http:\/\/fmriachuelo.it10.com.ar\/index.php\/wp-json\/wp\/v2\/users\/5"}],"replies":[{"embeddable":true,"href":"http:\/\/fmriachuelo.it10.com.ar\/index.php\/wp-json\/wp\/v2\/comments?post=8215"}],"version-history":[{"count":0,"href":"http:\/\/fmriachuelo.it10.com.ar\/index.php\/wp-json\/wp\/v2\/posts\/8215\/revisions"}],"wp:attachment":[{"href":"http:\/\/fmriachuelo.it10.com.ar\/index.php\/wp-json\/wp\/v2\/media?parent=8215"}],"wp:term":[{"taxonomy":"category","embeddable":true,"href":"http:\/\/fmriachuelo.it10.com.ar\/index.php\/wp-json\/wp\/v2\/categories?post=8215"},{"taxonomy":"post_tag","embeddable":true,"href":"http:\/\/fmriachuelo.it10.com.ar\/index.php\/wp-json\/wp\/v2\/tags?post=8215"}],"curies":[{"name":"wp","href":"https:\/\/api.w.org\/{rel}","templated":true}]}}