{"id":8208,"date":"2018-09-21T00:26:46","date_gmt":"2018-09-21T00:26:46","guid":{"rendered":"http:\/\/fmriachuelo.com.ar\/?p=8208"},"modified":"2018-09-21T00:26:46","modified_gmt":"2018-09-21T00:26:46","slug":"feriazo-por-mejores-condiciones-para-los-pequenos-productores","status":"publish","type":"post","link":"http:\/\/fmriachuelo.it10.com.ar\/index.php\/2018\/09\/21\/feriazo-por-mejores-condiciones-para-los-pequenos-productores\/","title":{"rendered":"FERIAZO POR MEJORES CONDICIONES PARA LOS PEQUE\u00d1OS PRODUCTORES"},"content":{"rendered":"<p><strong>[FM Riachuelo 20\/09\/2018]<\/strong>\u00a0 <strong>Hoy, fue el segundo d\u00eda del Feriazo realizado por la Uni\u00f3n Trabajadores de la Tierra en Plaza Constituci\u00f3n paralelamente con Plaza Once, donde se vendieron verduras a 10 $ por kilo, con el objetivo de visibilizar la situaci\u00f3n cr\u00edtica del sector de los peque\u00f1os productores ante la ausencia de pol\u00edticas p\u00fablicas y el desmantelamiento de las estructuras del Estado que acompa\u00f1aban a los trabajadores de la Tierra, que incluyen la quita del monotributo social que les daba la posibilidad de acceder a una salud digna.<\/strong><\/p>\n<p>Adem\u00e1s, esta jornada se llev\u00f3 a cabo para seguir proponiendo la Ley de Acceso a la tierra y tambi\u00e9n para solidarizar con el pueblo trabajador para que pueda acceder a la compra de verduras a precios populares.<br \/>\nFm Riachuelo converso con los puesteros que manifestaron su preocupaci\u00f3n, ya que m\u00e1s del 70 % de las familias que se dedican a la agricultura pagan alquileres de la tierra que cosechan, que suben cada d\u00eda m\u00e1s.<\/p>\n<p>Largas filas se formaron a lo largo de la ma\u00f1ana, de manera que los peque\u00f1os productores apenas pudieron abastecer a todos los que se acercaron a buscar las verduras a bajo costo directamente de las quintas.<br \/>\nFrente a un gobierno indiferente que precariza y ajusta a los que menos tienen, los quinteros encontraron esta forma de expresar y difundir la crisis que trae aparejada mucho trabajo, pero a su vez la solidaridad de los trabajadores para poder llevar los alimentos frescos y de buena calidad a la mesa de las familias.<\/p>\n","protected":false},"excerpt":{"rendered":"<p>[FM Riachuelo 20\/09\/2018]\u00a0 Hoy, fue el segundo d\u00eda del Feriazo realizado por la Uni\u00f3n Trabajadores de la Tierra en Plaza Constituci\u00f3n paralelamente con Plaza Once, donde se vendieron verduras a 10 $ por kilo, con el objetivo de visibilizar la situaci\u00f3n cr\u00edtica del sector de los peque\u00f1os productores ante la ausencia de pol\u00edticas p\u00fablicas y [&hellip;]<\/p>\n","protected":false},"author":5,"featured_media":8209,"comment_status":"open","ping_status":"open","sticky":false,"template":"","format":"standard","meta":{"_monsterinsights_skip_tracking":false,"_monsterinsights_sitenote_active":false,"_monsterinsights_sitenote_note":"","_monsterinsights_sitenote_category":0,"jnews-multi-image_gallery":[],"jnews_single_post":[],"jnews_primary_category":[],"_joinchat":[],"footnotes":""},"categories":[78,76,74,75],"tags":[],"class_list":["post-8208","post","type-post","status-publish","format-standard","has-post-thumbnail","hentry","category-economia-popular","category-salud-comunitaria","category-san-cayetano","category-trabajo"],"_links":{"self":[{"href":"http:\/\/fmriachuelo.it10.com.ar\/index.php\/wp-json\/wp\/v2\/posts\/8208","targetHints":{"allow":["GET"]}}],"collection":[{"href":"http:\/\/fmriachuelo.it10.com.ar\/index.php\/wp-json\/wp\/v2\/posts"}],"about":[{"href":"http:\/\/fmriachuelo.it10.com.ar\/index.php\/wp-json\/wp\/v2\/types\/post"}],"author":[{"embeddable":true,"href":"http:\/\/fmriachuelo.it10.com.ar\/index.php\/wp-json\/wp\/v2\/users\/5"}],"replies":[{"embeddable":true,"href":"http:\/\/fmriachuelo.it10.com.ar\/index.php\/wp-json\/wp\/v2\/comments?post=8208"}],"version-history":[{"count":0,"href":"http:\/\/fmriachuelo.it10.com.ar\/index.php\/wp-json\/wp\/v2\/posts\/8208\/revisions"}],"wp:featuredmedia":[{"embeddable":true,"href":"http:\/\/fmriachuelo.it10.com.ar\/index.php\/wp-json\/"}],"wp:attachment":[{"href":"http:\/\/fmriachuelo.it10.com.ar\/index.php\/wp-json\/wp\/v2\/media?parent=8208"}],"wp:term":[{"taxonomy":"category","embeddable":true,"href":"http:\/\/fmriachuelo.it10.com.ar\/index.php\/wp-json\/wp\/v2\/categories?post=8208"},{"taxonomy":"post_tag","embeddable":true,"href":"http:\/\/fmriachuelo.it10.com.ar\/index.php\/wp-json\/wp\/v2\/tags?post=8208"}],"curies":[{"name":"wp","href":"https:\/\/api.w.org\/{rel}","templated":true}]}}