{"id":8202,"date":"2018-09-18T21:41:34","date_gmt":"2018-09-18T21:41:34","guid":{"rendered":"http:\/\/fmriachuelo.com.ar\/?p=8202"},"modified":"2018-09-18T21:41:34","modified_gmt":"2018-09-18T21:41:34","slug":"yo-tambien-tengo-una-historia-para-contar-una-historia-muy-triste","status":"publish","type":"post","link":"http:\/\/fmriachuelo.it10.com.ar\/index.php\/2018\/09\/18\/yo-tambien-tengo-una-historia-para-contar-una-historia-muy-triste\/","title":{"rendered":"\u201cYO TAMBI\u00c9N TENGO UNA HISTORIA PARA CONTAR, UNA HISTORIA MUY TRISTE\u00bb"},"content":{"rendered":"<p><strong>[Por el Colectivo de Medios Populares*18\/09\/2018] La humedad brota por las calles del barrio porte\u00f1o de La Boca. Es lunes 17 de septiembre y en la esquina de Palos y Pinz\u00f3n una bandera nos invita a no olvidar con la frase \u201cJusticia por Nehuen\u201d y el rostro del pibe hincha de Hurac\u00e1n y vecino del barrio da la bienvenida a la inauguraci\u00f3n del merendero popular \u201cMadres en lucha\u201d.<\/strong><br \/>\n\u201c\u00bfHasta qu\u00e9 hora van a estar?\u201d pregunta un vecino desde el balc\u00f3n en una escena casi autom\u00e1tica desde el sentido com\u00fan. \u201cHasta que sea necesario\u201d le responde una vecina desde la calle arqueando el cuello hacia atr\u00e1s y con los brazos en jarra. El vecino se mete adentro, cierra las hojas de la ventana, traba fuerte con el postigo y el \u201cplaf\u201d queda resonando en la fachada de enfrente.<br \/>\nHay una ronda de sillas de pl\u00e1stico que son las que usaron las pibas y pibes hac\u00eda un rato para tomar la merienda dispuestas en el medio de la calle Pinz\u00f3n. El merendero abre las puertas y sale para hablar con los vecinos y vecinas. Hoy, Roxana, Carolina e Ivonne brindan un espacio de contenci\u00f3n, de abrazos, sonrisas y lucha para las madres que son v\u00edctimas de gatillo f\u00e1cil, de lo que desde algunos sectores llaman violencia institucional y desde otros represi\u00f3n estatal. Cualquiera sea la manera en que la nombremos, la problem\u00e1tica est\u00e1 all\u00ed y las fuerzas del Estado castigan cotidianamente a los pibes y pibas de los barrios populares, mucho m\u00e1s en este contexto de empobrecimiento mayor. Un merendero no es algo para festejar, es el reflejo del hambre del pueblo. Pero este espacio es m\u00e1s que eso: ac\u00e1 las madres luchan por todos y todas.<img loading=\"lazy\" decoding=\"async\" class=\"alignnone size-full wp-image-8206\" src=\"http:\/\/fmriachuelo.com.ar\/wp-content\/uploads\/2018\/09\/WhatsApp-Image-2018-09-19-at-19.43.14.jpeg\" alt=\"\" width=\"1280\" height=\"854\" \/><br \/>\nCarolina, Ivonne y Roxana se abrazan en la vereda y miran a los y las vecinas y vecinos, medios y organizaciones sociales que se acercaron. Foto.<br \/>\nRoxana se aleja unos metros para dialogar con una compa\u00f1era movilera mientras que Carolina nos dice que ten\u00edan muchos nervios y expectativas que fueron superadas porque el merendero se llen\u00f3 de chicos y chicas. \u201cHay muchos proyectos de hacer actividades, no solo la merienda, tambi\u00e9n ayudar a las familias mediante asesoramiento jur\u00eddico tambi\u00e9n\u201d narra la mam\u00e1 de Lucas Cabello.<br \/>\nSe forma una ronda en torno a la ronda de sillas donde las madres a las que la polic\u00eda les mat\u00f3 a sus hijos se sientan como en un fog\u00f3n con una pila de libros y fanzines en el medio. \u201cLos hijos de nuestros barrios son los hijos de todos\u201d comenta Natalia Quinto de La Boca Resiste y Propone desde el micr\u00f3fono. Se presenta el libro \u201cJuan Pablo por Ivonne\u201d. Es el relato de la mam\u00e1 de Juan Pablo Kucok sobre la vida de su hijo asesinado por el polic\u00eda Chocobar quien fue recibido por el presidente Macri y la ministra de seguridad Patricia Bullrich avalando y dando comienzo a una l\u00ednea pol\u00edtico represiva y de asesinato que popularmente conocemos como \u201cLa Doctrina Chocobar\u201d. Ivonne toma el micr\u00f3fono mientras la tarde baja los p\u00e1rpados en la rep\u00fablica popular de La Boca. Toma el micr\u00f3fono y nos dice que es la mam\u00e1 de Pablo y que \u201cmi hijo sali\u00f3 a robar y lo mat\u00f3 la polic\u00eda\u201d. M\u00e1s tarde una vecina pedir\u00eda la palabra para decir \u201clos pibes no roban, salen a recuperar lo que les fue arrebatado. Lo hacen de una manera que no es la adecuada pero eso no deja de visibilizar que salen a buscar lo que les arrebataron\u201d.<br \/>\nIvonne dice que est\u00e1 nerviosa pero quiere leer una parte de libro que le gusta mucho \u201cNosotros no existimos, todo el mundo se olvid\u00f3 de nosotros. No nos escucha la justicia. No nos escuchan los medios hegem\u00f3nicos. No nos escucha el gobierno. No nos escuchan los vecinos. Nosotros fuimos los m\u00e1s perjudicados y nos siguen haciendo da\u00f1o sin parar. Al presidente Macri o a esta se\u00f1ora Bullrich lo \u00fanico que le pedir\u00eda es que me escuchen: yo tambi\u00e9n tengo una verdad, yo tambi\u00e9n tengo una historia para contar, una historia muy triste. El 8 de diciembre de 2017 el polic\u00eda Chocobar asesin\u00f3 por la espalda a mi hijo un pibe de 18 a\u00f1os que acababa de robar una c\u00e1mara de fotos. Desde entonces el Estado y los medios hegem\u00f3nicos de comunicaci\u00f3n avalan a Chocobar como un h\u00e9roe y la pol\u00edtica represiva del gobierno de Macri pas\u00f3 a llamarse la Doctrina Chocobar.\u201d<br \/>\nIvonne se disculpa porque est\u00e1 muy nerviosa. Mientras comenta que va a seguir luchando en las calles por su hijo y por todos los hijos; en la puerta del merendero popular y sobre un mural con el rostro de Nehuen Rodr\u00edguez en blanco y negro, una piba apoya la cabeza sobre el antebrazo para contar hasta diez. Ellas juegan a las escondidas. Las calles son el lugar natural de los pibes y pibas para encontrarse. \u00bfTe acordas?<\/p>\n<p><strong>*Agencia Paco Urondo\/La Retaguardia\/FM Riachuelo\/Sur Capitalino\/FM La Caterva\/Radio Gr\u00e1fica.<\/strong><\/p>\n","protected":false},"excerpt":{"rendered":"<p>[Por el Colectivo de Medios Populares*18\/09\/2018] La humedad brota por las calles del barrio porte\u00f1o de La Boca. Es lunes 17 de septiembre y en la esquina de Palos y Pinz\u00f3n una bandera nos invita a no olvidar con la frase \u201cJusticia por Nehuen\u201d y el rostro del pibe hincha de Hurac\u00e1n y vecino del [&hellip;]<\/p>\n","protected":false},"author":5,"featured_media":8205,"comment_status":"open","ping_status":"open","sticky":false,"template":"","format":"standard","meta":{"_monsterinsights_skip_tracking":false,"_monsterinsights_sitenote_active":false,"_monsterinsights_sitenote_note":"","_monsterinsights_sitenote_category":0,"jnews-multi-image_gallery":[],"jnews_single_post":[],"jnews_primary_category":[],"_joinchat":[],"footnotes":""},"categories":[80,79,76],"tags":[],"class_list":["post-8202","post","type-post","status-publish","format-standard","has-post-thumbnail","hentry","category-educacion","category-nadie-se-salva-solo","category-salud-comunitaria"],"_links":{"self":[{"href":"http:\/\/fmriachuelo.it10.com.ar\/index.php\/wp-json\/wp\/v2\/posts\/8202","targetHints":{"allow":["GET"]}}],"collection":[{"href":"http:\/\/fmriachuelo.it10.com.ar\/index.php\/wp-json\/wp\/v2\/posts"}],"about":[{"href":"http:\/\/fmriachuelo.it10.com.ar\/index.php\/wp-json\/wp\/v2\/types\/post"}],"author":[{"embeddable":true,"href":"http:\/\/fmriachuelo.it10.com.ar\/index.php\/wp-json\/wp\/v2\/users\/5"}],"replies":[{"embeddable":true,"href":"http:\/\/fmriachuelo.it10.com.ar\/index.php\/wp-json\/wp\/v2\/comments?post=8202"}],"version-history":[{"count":0,"href":"http:\/\/fmriachuelo.it10.com.ar\/index.php\/wp-json\/wp\/v2\/posts\/8202\/revisions"}],"wp:featuredmedia":[{"embeddable":true,"href":"http:\/\/fmriachuelo.it10.com.ar\/index.php\/wp-json\/"}],"wp:attachment":[{"href":"http:\/\/fmriachuelo.it10.com.ar\/index.php\/wp-json\/wp\/v2\/media?parent=8202"}],"wp:term":[{"taxonomy":"category","embeddable":true,"href":"http:\/\/fmriachuelo.it10.com.ar\/index.php\/wp-json\/wp\/v2\/categories?post=8202"},{"taxonomy":"post_tag","embeddable":true,"href":"http:\/\/fmriachuelo.it10.com.ar\/index.php\/wp-json\/wp\/v2\/tags?post=8202"}],"curies":[{"name":"wp","href":"https:\/\/api.w.org\/{rel}","templated":true}]}}