{"id":820,"date":"2015-01-04T23:35:00","date_gmt":"2015-01-04T23:35:00","guid":{"rendered":"http:\/\/fmriachuelo.observatorioess.org.ar\/index.php\/2015\/01\/04\/paraguay-durante-el-ano-2014-se-incrementaron-los-desalojos-de-tierras\/"},"modified":"2025-03-25T14:45:38","modified_gmt":"2025-03-25T17:45:38","slug":"paraguay-durante-el-ano-2014-se-incrementaron-los-desalojos-de-tierras","status":"publish","type":"post","link":"http:\/\/fmriachuelo.it10.com.ar\/index.php\/2015\/01\/04\/paraguay-durante-el-ano-2014-se-incrementaron-los-desalojos-de-tierras\/","title":{"rendered":"PARAGUAY: DURANTE EL A\u00d1O 2014 SE INCREMENTARON LOS DESALOJOS DE TIERRAS"},"content":{"rendered":"<div><strong><span style=\"color: red;font-family: Verdana, sans-serif;line-height: 115%\"><span style=\"font-size: large\">UNO DE LOS PA\u00cdSES CON MAYOR DESIGUALDAD EN EL ACCESO A LA TIERRA<\/span><\/span><\/strong><\/div>\n<div style=\"clear: both;text-align: center\"><a href=\"http:\/\/2.bp.blogspot.com\/-LR84Z6ydxoA\/VKnNFBAF4RI\/AAAAAAAACN4\/R2Q228kr0mo\/s1600\/paraguay.jpg\" style=\"clear: left;float: left;margin-bottom: 1em;margin-right: 1em\"><img loading=\"lazy\" decoding=\"async\" border=\"0\" src=\"http:\/\/2.bp.blogspot.com\/-LR84Z6ydxoA\/VKnNFBAF4RI\/AAAAAAAACN4\/R2Q228kr0mo\/s1600\/paraguay.jpg\" height=\"195\" width=\"320\" \/><\/a><\/div>\n<p><span style=\"font-family: Verdana, sans-serif\"><strong>Los desalojos se han incrementado diametralmente en el 2014. Ya no solo se centran en el campo sino que&nbsp;la problem\u00e1tica de la tierra sigue traslad\u00e1ndose al \u00e1rea urbana. En la mayor\u00eda de los desalojos participan civiles armados para reprimir.<\/strong><\/span><br \/><span style=\"font-family: Verdana, sans-serif\"><\/span><br \/><a name='more'><\/a><span style=\"font-family: Verdana, sans-serif\">Paraguay es uno de los pa\u00edses de Am\u00e9rica Latina con mayor desigualdad en el acceso a la tierra, el \u00faltimo censo agropecuario (2008) demuestra que el 85% las tierras aptas para la agricultura y la producci\u00f3n forestal, est\u00e1n en manos del 2,5% de los propietarios mayores a 500 hect\u00e1reas. Esto va acompa\u00f1ado de una forma de desarrollo de la actividad agr\u00edcola, consistente en un modelo empresarial, con crecimientos extraordinarios de la soja y lo que esto implica: mayor deforestaci\u00f3n, mayor uso de agrot\u00f3xicos, mayor exportaci\u00f3n del grano. El cultivo de la soja utiliza 3.500.000 hect\u00e1reas, ubic\u00e1ndose como el rubro de mayor utilizaci\u00f3n de tierras y que ha llegado en el \u00faltimo periodo a 9.975.000 toneladas.<br \/>La expansi\u00f3n sojera, necesariamente va acompa\u00f1ada de una expansi\u00f3n de la represi\u00f3n contra los sectores excluidos del agronegocio. Mientras los min\u00fasculos sectores de la poblaci\u00f3n alaban este crecimiento de las exportaciones, una gran parte de la poblaci\u00f3n se encuentra indiferente ante la problem\u00e1tica de la tierra, y otra, que de manera organizada despliega una serie de acciones para visibilizar la problem\u00e1tica de la tierra y la exclusi\u00f3n, la lucha de los sectores democr\u00e1ticos por una reforma agraria, que no ha encontrado mayores resultados que la represi\u00f3n durante el gobierno de Horacio Cartes.<br \/>Las formas de represi\u00f3n dirigidas hacia las comunidades empobrecidas, y especialmente campesinas, han sido diversas, en este caso nos centraremos en una de ellas, que tienen que ver con los desalojos violentos por parte de las fuerzas del orden. Las otras formas de violentar a las comunidades, las podemos agrupar de la siguiente manera a partir lo que se ha observado en el actuar del Estado y sus fuerzas:<br \/><img decoding=\"async\" src=\"http:\/\/www.anred.org\/squelettes-dist\/puce.gif\" \/> Los allanamientos en horas de la madrugada, que generalmente incluye el maltrato f\u00edsico y verbal, disparos intimidatorios, ingreso a las viviendas sin orden judicial.<br \/><img decoding=\"async\" src=\"http:\/\/www.anred.org\/squelettes-dist\/puce.gif\" \/> El sicariato contra dirigentes campesinos de base, que por lo general son asesinados con sa\u00f1a en su propia vivienda, frente a su comunidad y\/o familia. Los casos quedan impune.<br \/><img decoding=\"async\" src=\"http:\/\/www.anred.org\/squelettes-dist\/puce.gif\" \/> Des-legitimar las reivindicaciones de la lucha campesina y la lucha por la tierra, como la cr\u00edtica al latifundio, el no uso de agrot\u00f3xicos, contra la deforestaci\u00f3n; vinculando estas consignas con grupos armados y violentos fuera de la Ley.<br \/><img decoding=\"async\" src=\"http:\/\/www.anred.org\/squelettes-dist\/puce.gif\" \/> Bajo la excusa del combate al EPP (Ej\u00e9rcito del Pueblo Paraguayo) se mantienen militarizados tres departamentos del pa\u00eds (desde agosto del 2013), existen denuncias de que los militares est\u00e1n haciendo uso de la fuerza letal contra campesinos pobres y desarmados que no tendr\u00edan vinculaci\u00f3n real con el grupo en cuesti\u00f3n.<br \/><img decoding=\"async\" src=\"http:\/\/www.anred.org\/squelettes-dist\/puce.gif\" \/> En el marco de la militarizaci\u00f3n se mantiene en constante acoso a las comunidades campesinas, bajo la permanente sospecha de estar vinculadas a acciones subversivas, lo que provoca el abandono de sus tierras por parte de los campesinos ante el miedo de ser v\u00edctimas de la violencia del Estado.<\/span><\/p>\n<div style=\"clear: both;text-align: center\"><a href=\"http:\/\/4.bp.blogspot.com\/-kFnSc6TBsio\/VKnNmzGbK6I\/AAAAAAAACOA\/DTQCm5ROOH8\/s1600\/paraguay%2B1.jpg\" style=\"clear: left;float: left;margin-bottom: 1em;margin-right: 1em\"><img loading=\"lazy\" decoding=\"async\" border=\"0\" src=\"http:\/\/4.bp.blogspot.com\/-kFnSc6TBsio\/VKnNmzGbK6I\/AAAAAAAACOA\/DTQCm5ROOH8\/s1600\/paraguay%2B1.jpg\" height=\"216\" width=\"400\" \/><\/a><\/div>\n<p><span style=\"font-family: Verdana, sans-serif\">Desalojos<\/span><br \/><span style=\"font-family: Verdana, sans-serif\">Haciendo un recuento r\u00e1pido de los desalojos en el a\u00f1o 2014 podemos se\u00f1alar: desde el mes de marzo hasta el mes de diciembre se realizaron 14 desalojos, si tomamos estas cifras para el a\u00f1o 2014, en promedio se han realizado desalojos por lo menos una vez al mes. Desalojos urbanos fueron 4, 3 en Central y 1 en Guaira, espec\u00edficamente Villarrica, uno de ellos corresponde a una Comunidad ind\u00edgena en el Departamento Canindeju, los dem\u00e1s corresponden a asentamientos campesinos. San Pedro Constituye el Departamento con mayor desalojo de campesinos.<br \/>As\u00ed como San Pedro se ha constituido en uno de los principales puntos geogr\u00e1ficos de cr\u00edtica y resistencia activa a las pol\u00edticas estatales, tambi\u00e9n es el Departamento que ha sufrido mayor cantidad de desalojos. Los otros son Canindej\u00fa y Alto Paran\u00e1 (en cuanto a asentamientos campesinos); sin embargo es interesante observar que en el Departamento Central (con 3 desalojos) est\u00e1 creciendo lo que se denomina el desalojo a los asentamientos \u201csin techos\u201d, lo que demuestra una tendencia que la criminalizaci\u00f3n se va extendiendo hacia grupos urbanos, y que la problem\u00e1tica de la tierra se traslada al \u00e1rea urbana, agravada por el gran d\u00e9ficit de vivienda y la falta del empleo o trabajos formales.<br \/>Los meses de mayor concentraci\u00f3n de los desalojos fueron los meses de mayo y junio, en total se produjeron 8 de los 14 contabilizados.<\/span><br \/><a href=\"http:\/\/4.bp.blogspot.com\/-RyWS7DV_1cg\/VKnN_huAUkI\/AAAAAAAACOI\/m5Qr5CTp2ek\/s1600\/paraguay%2B2.jpg\" style=\"clear: left;float: left;margin-bottom: 1em;margin-right: 1em;text-align: center\"><img loading=\"lazy\" decoding=\"async\" border=\"0\" src=\"http:\/\/4.bp.blogspot.com\/-RyWS7DV_1cg\/VKnN_huAUkI\/AAAAAAAACOI\/m5Qr5CTp2ek\/s1600\/paraguay%2B2.jpg\" height=\"268\" width=\"400\" \/><\/a><span style=\"font-family: Verdana\"><\/span><br \/><span style=\"font-family: Verdana, sans-serif\">El movimiento popular ha demostrado un importante avance de reorganizaci\u00f3n, de recuperaci\u00f3n de la acci\u00f3n colectiva como forma de lucha, y capacidad de convocatoria ante las pol\u00edticas excluyentes del gobierno colorado, se puede sintetizar:<\/span><br \/><span style=\"font-family: Verdana, sans-serif\">a) la Huelga General en el mes de marzo,<br \/> b) las movilizaciones contra las pol\u00edticas del gobierno en su aniversario en el mes agosto.<br \/>c) los cortes de ruta y piquetes en varios puntos del pa\u00eds en el mes de diciembre, con m\u00e1s de 10 mil campesinos en las rutas del interior teniendo como principal foco de concentraci\u00f3n Santa Rosa del Aguaray Departamento de San Pedro.<br \/>d) Constantes movilizaciones regionales y locales por parte del Federaci\u00f3n Nacional Campesina en contra de la fumigaci\u00f3n y el uso extensivo de agroqu\u00edmicos que violan las leyes ambientales y perjudican la salud y el ambiente de pobladores\/as que viven en comunidades campesinas.<br \/>e) Vale mencionar que las movilizaciones urbanas han cobrado mayor protagonismo a lo largo del a\u00f1o 2014, primero una serie de movilizaciones juveniles en contra de la suba del pasaje, segundo miles de manifestantes provenientes de los Ba\u00f1ados de Asunci\u00f3n en defensa de su territorio y por mayor participaci\u00f3n en las pol\u00edticas p\u00fablicas.<br \/>Violencia y civiles armados<br \/>Algunas de las caracter\u00edsticas de estos desalojos s<br \/>\non que en ocasiones no se presentan orden judicial y se realizan sin previo aviso. En los \u00faltimos procedimientos se ha registrado la participaci\u00f3n de lo que denominamos civiles armados, bajo esta denominaci\u00f3n se ha podido constatar la participaci\u00f3n de personas civiles, que por lo general van armadas, y que se encargan de destruir las viviendas de los asentados, en ocasiones son guardias contratados por los que reclaman el t\u00edtulo de la propiedad, en otros casos son funcionarios p\u00fablicos (tractoristas) y en otros, los mismos familiares (hijos) de los supuestos propietarios, que act\u00faan con alto grado de violencia en coordinaci\u00f3n con las fuerzas p\u00fablicas.<br \/>De los desalojos que hemos logrado registrar, en la mitad de ellos se han producido quema o destrucci\u00f3n de las viviendas precarias, que por lo general va acompa\u00f1ado de la destrucci\u00f3n de cultivos y animales dom\u00e9sticos que los campesinos tienen para su sustento diario.<br \/>Del total de 14 desalojos, en cinco de ellos han participado civiles armados en su diversa modalidad, en conjunto con la Polic\u00eda Nacional.<br \/>Desde agosto del 2013 a diciembre del 2014 se han producido un total de 21 desalojos, al menos de lo que se ha podido registrar, la mayor\u00eda de ellos con abuso de la fuerza contra las comunidades afectadas, y tres Departamentos del Pa\u00eds se encuentran militarizados bajo la figura de la Fuerza de Tarea Conjunta (FTC) que han tenido varias actuaciones irregulares desde el maltrato f\u00edsico y ps\u00edquico hasta la muerte de campesinos, sin investigaciones objetivas y cre\u00edbles por parte del Ministerio P\u00fablico para esclarecer los hechos que generan dudas y cr\u00edticas por parte de las comunidades violentadas, es decir las Fuerzas Armadas act\u00faan con total impunidad, adem\u00e1s con el apoyo pol\u00edtico del presidente de la rep\u00fablica, gozando de una suerte de carta blanca que les permite vulnerar el derecho de las personas sin ning\u00fan tipo de consecuencia o sanci\u00f3n.<\/span><br \/><span style=\"font-family: Verdana, sans-serif;line-height: 115%\"><b><span style=\"color: #0b5394;font-size: x-small\">FUENTE: ANRED, PRODUCCI\u00d3N RIACHUELO<\/span><\/b><\/span><\/p>\n<div style=\"clear: both;text-align: center\"><a href=\"http:\/\/1.bp.blogspot.com\/-CMtghSjmo3s\/VKmkW25Sj2I\/AAAAAAAACNs\/t_AUCyi-0OM\/s1600\/COOP%2BRIACHIUELO%2BPRODUCCIONES.jpg\" style=\"clear: left;float: left;margin-bottom: 1em;margin-right: 1em\"><img loading=\"lazy\" decoding=\"async\" border=\"0\" src=\"http:\/\/1.bp.blogspot.com\/-CMtghSjmo3s\/VKmkW25Sj2I\/AAAAAAAACNs\/t_AUCyi-0OM\/s1600\/COOP%2BRIACHIUELO%2BPRODUCCIONES.jpg\" height=\"58\" width=\"200\" \/><\/a><\/div>\n","protected":false},"excerpt":{"rendered":"<p>UNO DE LOS PA\u00cdSES CON MAYOR DESIGUALDAD EN EL ACCESO A LA TIERRA Los desalojos se han incrementado diametralmente en el 2014. Ya no solo se centran en el campo sino que&nbsp;la problem\u00e1tica de la tierra sigue traslad\u00e1ndose al \u00e1rea urbana. En la mayor\u00eda de los desalojos participan civiles armados para reprimir.Paraguay es uno de [&hellip;]<\/p>\n","protected":false},"author":4,"featured_media":0,"comment_status":"open","ping_status":"open","sticky":false,"template":"","format":"standard","meta":{"_monsterinsights_skip_tracking":false,"_monsterinsights_sitenote_active":false,"_monsterinsights_sitenote_note":"","_monsterinsights_sitenote_category":0,"jnews-multi-image_gallery":[],"jnews_single_post":{"format":"standard"},"jnews_primary_category":[],"_joinchat":[],"footnotes":""},"categories":[58],"tags":[70,71],"class_list":["post-820","post","type-post","status-publish","format-standard","hentry","category-noticiariachuelo","tag-de-la-patria-grande","tag-de-la-tierra"],"_links":{"self":[{"href":"http:\/\/fmriachuelo.it10.com.ar\/index.php\/wp-json\/wp\/v2\/posts\/820","targetHints":{"allow":["GET"]}}],"collection":[{"href":"http:\/\/fmriachuelo.it10.com.ar\/index.php\/wp-json\/wp\/v2\/posts"}],"about":[{"href":"http:\/\/fmriachuelo.it10.com.ar\/index.php\/wp-json\/wp\/v2\/types\/post"}],"author":[{"embeddable":true,"href":"http:\/\/fmriachuelo.it10.com.ar\/index.php\/wp-json\/wp\/v2\/users\/4"}],"replies":[{"embeddable":true,"href":"http:\/\/fmriachuelo.it10.com.ar\/index.php\/wp-json\/wp\/v2\/comments?post=820"}],"version-history":[{"count":1,"href":"http:\/\/fmriachuelo.it10.com.ar\/index.php\/wp-json\/wp\/v2\/posts\/820\/revisions"}],"predecessor-version":[{"id":22242,"href":"http:\/\/fmriachuelo.it10.com.ar\/index.php\/wp-json\/wp\/v2\/posts\/820\/revisions\/22242"}],"wp:attachment":[{"href":"http:\/\/fmriachuelo.it10.com.ar\/index.php\/wp-json\/wp\/v2\/media?parent=820"}],"wp:term":[{"taxonomy":"category","embeddable":true,"href":"http:\/\/fmriachuelo.it10.com.ar\/index.php\/wp-json\/wp\/v2\/categories?post=820"},{"taxonomy":"post_tag","embeddable":true,"href":"http:\/\/fmriachuelo.it10.com.ar\/index.php\/wp-json\/wp\/v2\/tags?post=820"}],"curies":[{"name":"wp","href":"https:\/\/api.w.org\/{rel}","templated":true}]}}