{"id":82,"date":"2015-09-01T16:17:00","date_gmt":"2015-09-01T16:17:00","guid":{"rendered":"http:\/\/fmriachuelo.observatorioess.org.ar\/index.php\/2015\/09\/01\/rosario-justicia-rebaja-pena-a-los-condenados-por-el-triple-crimen-de-los-militante\/"},"modified":"2025-05-13T16:05:53","modified_gmt":"2025-05-13T19:05:53","slug":"rosario-justicia-rebaja-pena-a-los-condenados-por-el-triple-crimen-de-los-militante","status":"publish","type":"post","link":"http:\/\/fmriachuelo.it10.com.ar\/index.php\/2015\/09\/01\/rosario-justicia-rebaja-pena-a-los-condenados-por-el-triple-crimen-de-los-militante\/","title":{"rendered":"ROSARIO:   JUSTICIA REBAJA PENA A LOS CONDENADOS POR EL TRIPLE CRIMEN DE LOS MILITANTE"},"content":{"rendered":"<p><span style=\"color: red;font-family: Verdana, sans-serif;font-size: large\"><b>JERE, MOMO Y PATOM ESPERAN JUSTICIA<\/b><\/span><\/p>\n<div style=\"clear: both;text-align: center\"><a href=\"http:\/\/3.bp.blogspot.com\/-v_nns9HCGAU\/VeXN2pb_YGI\/AAAAAAAAGMw\/4rAoz02-9-c\/s1600\/trple.jpg\" style=\"clear: left;float: left;margin-bottom: 1em;margin-right: 1em\"><img loading=\"lazy\" decoding=\"async\" border=\"0\" height=\"168\" src=\"http:\/\/3.bp.blogspot.com\/-v_nns9HCGAU\/VeXN2pb_YGI\/AAAAAAAAGMw\/4rAoz02-9-c\/s320\/trple.jpg\" width=\"320\" \/><\/a><\/div>\n<p><span style=\"font-family: Verdana, sans-serif\"><\/p>\n<div style=\"text-align: justify\">Muchas repercusiones se esperan por la decisi\u00f3n que tom\u00f3 hoy, en horas del mediod\u00eda,  la C\u00e1mara de Apelaciones en lo Penal, que resolvi\u00f3 sobre los cuatro condenados por el Triple Crimen de Villa Moreno, ocurrido en la madrugada del 1\u00b0 de enero de 2012, en el cual fueron asesinados Jerem\u00edas Trasante, Claudio \u201cMono\u201d Su\u00e1rez y Adri\u00e1n \u201cPat\u00f3m\u201d Rodr\u00edguez,  tres j\u00f3venes militantes del Movimiento 26 de Junio (Frente Dar\u00edo Santill\u00e1n).<\/div>\n<div style=\"text-align: justify\">Sorpresa e indignaci\u00f3n fue la sensaci\u00f3n general cuando se conoci\u00f3 la decisi\u00f3n del tribunal conformado por <strong>Adolfo Prunotto Laborde, Georgina De Petris y Daniel Acosta,<\/strong> quienes resolvieron <strong>atenuar las penas<\/strong> a tres de los condenados en primera instancia y absolvieron a Brian \u201cPescadito\u201d Spr\u00edo.<br \/>La &nbsp;C\u00e1mara decidi\u00f3 reducir la pena a <strong>Mauricio Palavecino<\/strong>, que el \u00faltimo diciembre hab\u00eda sido condenado a 24 a\u00f1os de prisi\u00f3n, y <strong>hoy rebaj\u00f3 la pena a 19 a\u00f1os<\/strong>, y tambi\u00e9n redujo la condena a <strong>Daniel \u201cTeletubi\u201d Delgado<\/strong>, <strong>que pasa de 30 a 21 a\u00f1os<\/strong> de prisi\u00f3n por ser coautor del triple homicidio. Entre tanto, <strong>Brian Spr\u00edo, quien hab\u00eda sido condenado a 28 a\u00f1os, result\u00f3 absuelto<\/strong>.<br \/>En el caso de <strong>Sergio \u201cQuemado\u201d Rodr\u00edguez<\/strong>, l\u00edder de la banda, la C\u00e1mara ratific\u00f3 la pena de 32 a\u00f1os de prisi\u00f3n.<br \/><a name='more'><\/a><br \/>Finalizada la audiencia, Pedro Salinas, dirigente del Movimiento 26 de junio, adelant\u00f3 que apelar\u00e1n el fallo, y sostuvo que <strong>\u201csi en esta causa tan emblem\u00e1tica, con un caudal probatorio tan frondoso, no se puede arribar a condenas, lamentablemente esta ciudad est\u00e1 condenada a que sus j\u00f3venes maten y mueran sin ning\u00fan castigo. Nos parece deleznable la reducci\u00f3n de las condenas. Estamos despedazados por esta resoluci\u00f3n, pero realmente es muy doloroso ver como la Justicia sigue dando las coordenadas legales para que nuestros pibes sigan matando y sigan muriendo sin que a nadie le importe nada, y somos siempre los mismos los que seguimos poniendo los muertos<\/strong>\u201d, cerr\u00f3 con la voz quebrada el \u201cPitu\u201d Salinas.<\/p>\n<p><span style=\"color: blue\">Conclusi\u00f3n (Diario Digital de Rosario), Producci\u00f3n Riachuelo<\/span><\/div>\n<p><\/span><\/p>\n","protected":false},"excerpt":{"rendered":"<p>JERE, MOMO Y PATOM ESPERAN JUSTICIA Muchas repercusiones se esperan por la decisi\u00f3n que tom\u00f3 hoy, en horas del mediod\u00eda, la C\u00e1mara de Apelaciones en lo Penal, que resolvi\u00f3 sobre los cuatro condenados por el Triple Crimen de Villa Moreno, ocurrido en la madrugada del 1\u00b0 de enero de 2012, en el cual fueron asesinados [&hellip;]<\/p>\n","protected":false},"author":4,"featured_media":0,"comment_status":"open","ping_status":"open","sticky":false,"template":"","format":"standard","meta":{"_monsterinsights_skip_tracking":false,"_monsterinsights_sitenote_active":false,"_monsterinsights_sitenote_note":"","_monsterinsights_sitenote_category":0,"jnews-multi-image_gallery":[],"jnews_single_post":{"format":"standard"},"jnews_primary_category":[],"_joinchat":[],"footnotes":""},"categories":[58],"tags":[89],"class_list":["post-82","post","type-post","status-publish","format-standard","hentry","category-noticiariachuelo","tag-violencia-institucional"],"_links":{"self":[{"href":"http:\/\/fmriachuelo.it10.com.ar\/index.php\/wp-json\/wp\/v2\/posts\/82","targetHints":{"allow":["GET"]}}],"collection":[{"href":"http:\/\/fmriachuelo.it10.com.ar\/index.php\/wp-json\/wp\/v2\/posts"}],"about":[{"href":"http:\/\/fmriachuelo.it10.com.ar\/index.php\/wp-json\/wp\/v2\/types\/post"}],"author":[{"embeddable":true,"href":"http:\/\/fmriachuelo.it10.com.ar\/index.php\/wp-json\/wp\/v2\/users\/4"}],"replies":[{"embeddable":true,"href":"http:\/\/fmriachuelo.it10.com.ar\/index.php\/wp-json\/wp\/v2\/comments?post=82"}],"version-history":[{"count":1,"href":"http:\/\/fmriachuelo.it10.com.ar\/index.php\/wp-json\/wp\/v2\/posts\/82\/revisions"}],"predecessor-version":[{"id":24012,"href":"http:\/\/fmriachuelo.it10.com.ar\/index.php\/wp-json\/wp\/v2\/posts\/82\/revisions\/24012"}],"wp:attachment":[{"href":"http:\/\/fmriachuelo.it10.com.ar\/index.php\/wp-json\/wp\/v2\/media?parent=82"}],"wp:term":[{"taxonomy":"category","embeddable":true,"href":"http:\/\/fmriachuelo.it10.com.ar\/index.php\/wp-json\/wp\/v2\/categories?post=82"},{"taxonomy":"post_tag","embeddable":true,"href":"http:\/\/fmriachuelo.it10.com.ar\/index.php\/wp-json\/wp\/v2\/tags?post=82"}],"curies":[{"name":"wp","href":"https:\/\/api.w.org\/{rel}","templated":true}]}}