{"id":818,"date":"2015-01-06T17:16:00","date_gmt":"2015-01-06T17:16:00","guid":{"rendered":"http:\/\/fmriachuelo.observatorioess.org.ar\/index.php\/2015\/01\/06\/cuba-destaca-avance-economico-logrado-en-2014\/"},"modified":"2025-03-25T14:47:43","modified_gmt":"2025-03-25T17:47:43","slug":"cuba-destaca-avance-economico-logrado-en-2014","status":"publish","type":"post","link":"http:\/\/fmriachuelo.it10.com.ar\/index.php\/2015\/01\/06\/cuba-destaca-avance-economico-logrado-en-2014\/","title":{"rendered":"CUBA DESTACA AVANCE ECON\u00d3MICO LOGRADO EN 2014"},"content":{"rendered":"<p><span style=\"color: red;font-family: Verdana, sans-serif;font-size: large\"><b>POL\u00cdTICAS ECON\u00d3MICAS RENOVADAS<a href=\"https:\/\/www.blogger.com\/null\" style=\"color: #1a2042;font-family: Arimo, sans-serif;line-height: 16px;margin: 0px;padding: 0px;width: auto\"><\/a><\/b><\/span><\/p>\n<div><a href=\"http:\/\/3.bp.blogspot.com\/-How1fz2YIg0\/VKwWewioEpI\/AAAAAAAACOw\/osLoJV6JHvQ\/s1600\/cuba.jpg\" style=\"clear: left;float: left;margin-bottom: 1em;margin-right: 1em;text-align: center\"><img loading=\"lazy\" decoding=\"async\" border=\"0\" src=\"http:\/\/3.bp.blogspot.com\/-How1fz2YIg0\/VKwWewioEpI\/AAAAAAAACOw\/osLoJV6JHvQ\/s1600\/cuba.jpg\" height=\"181\" width=\"320\" \/><\/a><span style=\"font-family: Verdana, sans-serif\"><b>El Gobierno cubano en 2015 buscar\u00e1 modificar las cadenas productivas con sectores empresariales de diversa \u00edndole favoreciendo la modernizaci\u00f3n, la creaci\u00f3n de infraestructura y el cambio del patr\u00f3n tecnol\u00f3gico con naciones hermanas.<\/b><\/span><br \/><span style=\"font-family: Verdana, sans-serif\">Un informe divulgado este lunes por Prensa Latina destaca el avance econ\u00f3mico alcanzado por el Gobierno cubano en 2014 y a su vez pronostica que la desaceleraci\u00f3n de los \u00faltimos a\u00f1os bajar\u00e1 de manera significativa en 2015.&nbsp;<\/span><\/p>\n<div style=\"border: 0px;clear: both;margin: 0px;padding: 0px;vertical-align: baseline;width: 518.34375px\"><a name='more'><\/a><span style=\"font-family: Verdana, sans-serif\">Con la aprobaci\u00f3n de la ley 118 de la Inversi\u00f3n Extranjera la econom\u00eda de Cubadio mayor importancia a las relaciones bilaterales con otros pa\u00edses. <\/span><span style=\"color: #222222;font-family: Arimo, sans-serif;font-size: 14px;line-height: 22px\">&nbsp;&nbsp;<\/span><span style=\"font-family: Verdana, sans-serif\"><br \/>El Gobierno cubano busca incentivar el desarrollo de proyectos integrales que generen encadenamientos productivos y orientar la inversi\u00f3n a sectores de exportaci\u00f3n y a la sustituci\u00f3n de importaciones.<\/span><\/div>\n<div style=\"clear: both;text-align: center\"><a href=\"http:\/\/2.bp.blogspot.com\/-niHVx0n49Xo\/VKwX2WJTDGI\/AAAAAAAACO8\/oIP_421uIZU\/s1600\/cuba1.jpg\" style=\"clear: left;float: left;margin-bottom: 1em;margin-right: 1em\"><img loading=\"lazy\" decoding=\"async\" border=\"0\" src=\"http:\/\/2.bp.blogspot.com\/-niHVx0n49Xo\/VKwX2WJTDGI\/AAAAAAAACO8\/oIP_421uIZU\/s1600\/cuba1.jpg\" height=\"297\" width=\"320\" \/><\/a><\/div>\n<p><span style=\"font-family: Verdana, sans-serif\">En diciembre de 2014 el presidente de Cuba, Ra\u00fal Castro anunci\u00f3 al mundo que su pa\u00eds y el Gobierno de Estados Unidos acordaron restablecer las relaciones bilaterales tras m\u00e1s de 50 a\u00f1os de bloqueo econ\u00f3mico. <\/p>\n<p>La noticia que sorprendi\u00f3 no signific\u00f3 el fin al bloqueo financiero de EE.UU. a Cuba pero si marc\u00f3 el inici\u00f3 de grandes cambios para el pueblo cubano.  <\/span><\/div>\n<div><span style=\"color: #0b5394;font-family: Verdana, sans-serif;font-size: x-small\"><b>FUENTE: TELESUR. PRODUCI\u00d3N RIACHUELO.<\/b><\/span><\/div>\n","protected":false},"excerpt":{"rendered":"<p>POL\u00cdTICAS ECON\u00d3MICAS RENOVADAS El Gobierno cubano en 2015 buscar\u00e1 modificar las cadenas productivas con sectores empresariales de diversa \u00edndole favoreciendo la modernizaci\u00f3n, la creaci\u00f3n de infraestructura y el cambio del patr\u00f3n tecnol\u00f3gico con naciones hermanas.Un informe divulgado este lunes por Prensa Latina destaca el avance econ\u00f3mico alcanzado por el Gobierno cubano en 2014 y a [&hellip;]<\/p>\n","protected":false},"author":4,"featured_media":0,"comment_status":"open","ping_status":"open","sticky":false,"template":"","format":"standard","meta":{"_monsterinsights_skip_tracking":false,"_monsterinsights_sitenote_active":false,"_monsterinsights_sitenote_note":"","_monsterinsights_sitenote_category":0,"jnews-multi-image_gallery":[],"jnews_single_post":{"format":"standard"},"jnews_primary_category":[],"_joinchat":[],"footnotes":""},"categories":[58],"tags":[70],"class_list":["post-818","post","type-post","status-publish","format-standard","hentry","category-noticiariachuelo","tag-de-la-patria-grande"],"_links":{"self":[{"href":"http:\/\/fmriachuelo.it10.com.ar\/index.php\/wp-json\/wp\/v2\/posts\/818","targetHints":{"allow":["GET"]}}],"collection":[{"href":"http:\/\/fmriachuelo.it10.com.ar\/index.php\/wp-json\/wp\/v2\/posts"}],"about":[{"href":"http:\/\/fmriachuelo.it10.com.ar\/index.php\/wp-json\/wp\/v2\/types\/post"}],"author":[{"embeddable":true,"href":"http:\/\/fmriachuelo.it10.com.ar\/index.php\/wp-json\/wp\/v2\/users\/4"}],"replies":[{"embeddable":true,"href":"http:\/\/fmriachuelo.it10.com.ar\/index.php\/wp-json\/wp\/v2\/comments?post=818"}],"version-history":[{"count":1,"href":"http:\/\/fmriachuelo.it10.com.ar\/index.php\/wp-json\/wp\/v2\/posts\/818\/revisions"}],"predecessor-version":[{"id":22244,"href":"http:\/\/fmriachuelo.it10.com.ar\/index.php\/wp-json\/wp\/v2\/posts\/818\/revisions\/22244"}],"wp:attachment":[{"href":"http:\/\/fmriachuelo.it10.com.ar\/index.php\/wp-json\/wp\/v2\/media?parent=818"}],"wp:term":[{"taxonomy":"category","embeddable":true,"href":"http:\/\/fmriachuelo.it10.com.ar\/index.php\/wp-json\/wp\/v2\/categories?post=818"},{"taxonomy":"post_tag","embeddable":true,"href":"http:\/\/fmriachuelo.it10.com.ar\/index.php\/wp-json\/wp\/v2\/tags?post=818"}],"curies":[{"name":"wp","href":"https:\/\/api.w.org\/{rel}","templated":true}]}}