{"id":8174,"date":"2018-09-19T19:44:11","date_gmt":"2018-09-19T19:44:11","guid":{"rendered":"http:\/\/fmriachuelo.com.ar\/?p=8174"},"modified":"2018-09-19T19:44:11","modified_gmt":"2018-09-19T19:44:11","slug":"guiso-de-la-resistencia-en-el-barrio-la-boca","status":"publish","type":"post","link":"http:\/\/fmriachuelo.it10.com.ar\/index.php\/2018\/09\/19\/guiso-de-la-resistencia-en-el-barrio-la-boca\/","title":{"rendered":"GUISO DE LA RESISTENCIA EN EL BARRIO LA BOCA"},"content":{"rendered":"<p>[FM Riachuelo 19\/09\/2018]\u00a0 Se realiz\u00f3 una nueva jornada de lucha donde organizaciones y movimientos sociales de todo el pa\u00eds,\u00a0 salieron a\u00a0 las calles para decir\u00a0 \u00abNo al FMI\u00bb \u00abFuera Macri\u00bb \u00abBasta de Ajustes y tarifazos\u00bb. En el marco del Plan de Lucha que lanzaron los movimientos sociales la semana pasada frente\u00a0a la profundizaci\u00f3n de la crisis y que afecta en su mayor\u00eda\u00a0a la clase social m\u00e1s humilde del pa\u00eds.<\/p>\n<p>Fm Riachuelo estuvo presente en varios puntos donde se realizaron las movilizaciones y ollas populares: La Boca, Avellaneda y en el acto central frente al Ministerio de Energ\u00eda.\u00a0 En La Boca junto a organizaciones que luchan en el Territorio como: la Organizaci\u00f3n Social y Pol\u00edtica\u00a0 Los Pibes, La Casa Popular el Patio, Recicladores de la Boca, \u00a0El Paseo de la Econom\u00eda Popular Mart\u00edn Oso Cisneros, armaron una olla popular\u00a0 en la Plaza Matheu bajo la consigna: \u201cOllas Si\u201d y \u00abGuiso de la Resistencia\u00bb.<\/p>\n<p>Se instalaron dos gacebos y se mont\u00f3 una radio abierta para que cada referente y vecino del barrio, adem\u00e1s de compartir un rico guiso,\u00a0 exprese c\u00f3mo ve la situaci\u00f3n del pa\u00eds y como desde la Econom\u00eda Popular se organizan para hacerle frente al ajuste y hambre que nos somete este gobierno. Y adem\u00e1s de resistir seguir construyendo en el territorio poder popular: soberan\u00eda alimentaria, salud comunitaria, comedores, merenderos, deporte social, comunicaci\u00f3n popular, para construir el mundo que necesitamos.<br \/>\nMarta Sanagua del Paseo de la Econom\u00eda Popular Mart\u00edn Oso Cisneros, dijo \u00abEstamos para visibilizar la pobreza que hay en nuestro pa\u00eds,\u00a0 todos los d\u00edas hay compa\u00f1eros en la calle porque no hay trabajo. Y en ese contexto las organizaciones sociales luchamos d\u00eda a d\u00eda, para hacer una Econom\u00eda Popular m\u00e1s justa y soberana\u00bb.<\/p>\n<p>Brian integrante de Recicladores de la Boca expres\u00f3\u00a0 \u00abEstamos en el barrio para decir: Ollas Si, adem\u00e1s en el barrio no somos reconocidos como recicladores y queremos que reconozcan nuestro trabajo. Y venimos a repudiar el ajuste al FMI\u00bb.<\/p>\n<p>Acompa\u00f1aron la actividad el merendero \u201cMadres en Lucha\u201d \u00a0inaugurado este lunes por tres madres que luchan contra la violencia institucional y\u00a0 el gatillo f\u00e1cil: Roxana, Ivonne y Carolina; adem\u00e1s estuvieron compa\u00f1erxs del Frente Popular Dar\u00edo Santill\u00e1n, Comedor San Jorge, el sindicato de trabajadores de vialidad, Cooperativa de Vivienda Nueva Esperanza, entre otras organizaciones.<br \/>\nDesde Avellaneda un conjunto muy grande de organizaciones populares se movilizaron a las diez de la ma\u00f1ana hacia la puerta de las oficinas \u00a0de EDESUR, para repudiar\u00a0 los tarifazos que vienen padeciendo. Luciano \u00c1lvarez de la\u00a0 Casa Popular el Fog\u00f3n, dijo a FM Riachuelo, \u00abestamos ac\u00e1 para exigir que se retrotraiga el ajuste, porque el pueblo no tiene que pagar la crisis generada en los sectores de poder de la Argentina\u00bb. Por otro lado,\u00a0\u00a0Mar\u00eda\u00a0Juana de la CCC dijo: \u00abtenemos que estar unidos en esta lucha, para decirle a Macri que estamos hartos\u201d.<\/p>\n<p><img loading=\"lazy\" decoding=\"async\" class=\"alignnone size-full wp-image-8183\" src=\"http:\/\/fmriachuelo.com.ar\/wp-content\/uploads\/2018\/09\/WhatsApp-Image-2018-09-19-at-3.28.46-PM.jpeg\" alt=\"\" width=\"960\" height=\"720\" \/><\/p>\n<p>Otro punto central donde se realiz\u00f3 la movilizaci\u00f3n fue desde el\u00a0 Monumento al Trabajo hacia la Secretaria de Energ\u00eda de la Naci\u00f3n, para reclamar por el ajuste y las tarifas que est\u00e1n dejando a lxs trabajadores en la miseria. En Este marco los reclamos que plantean los movimientos sociales fueron: tarifa social para todos los barrios incluidos en el revelamiento nacional de barrios populares, y para los trabajadores de la Econom\u00eda Popular; quita de intereses y punitorios de la deuda acumulada y subsidio del 50% para f\u00e1bricas recuperadas, clubes, sociedades de fomento y cooperativas; aumento de consumo para la tarifa social y garrafa social para todo el pa\u00eds.<\/p>\n<p><img loading=\"lazy\" decoding=\"async\" class=\"alignnone size-full wp-image-8176\" src=\"http:\/\/fmriachuelo.com.ar\/wp-content\/uploads\/2018\/09\/WhatsApp-Image-2018-09-19-at-10.42.24-AM.jpeg\" alt=\"\" width=\"1152\" height=\"768\" \/><\/p>\n<p>Esteban Gringo Castro secretario general de la CTEP en el acto de cierre plante\u00f3 la necesidad de no esperar a nadie, llam\u00f3 a estudiar, trabajar y organizarse por nuestros derechos, como lo vienen haciendo los trabajadores de la Econom\u00eda Popular. Por otro lado hizo referencia a las detenciones arbitrarias por la polic\u00eda, ocurridas el d\u00eda de ayer a distintos referentes de la CTEP y trabajadores de la v\u00eda p\u00fablica \u00abla dignidad no la vamos a perder. Lo demostramos ayer cuando la polic\u00eda decidi\u00f3 meter en cana a los trabajadores m\u00e1s pobres de la Econom\u00eda Popular, que son los trabajadores de la v\u00eda p\u00fablica. Nosotros estamos decididos a defenderlo hasta las \u00faltimas consecuencias\u00bb.<br \/>\nHugo \u00abCachorro\u00bb Godoy secretario general de ATE presente en la movilizaci\u00f3n expres\u00f3\u00a0 \u00abNuestro pueblo est\u00e1 ganando las calles, no vamos a permitir que este plan de ajuste nos siga destruyendo la vida\u00bb.<br \/>\nEn el barrio de la Boca la jornada culmin\u00f3 con un guiso que compartieron con todos los presentes que se acercaron para expresar como est\u00e1n atravesando os ajustes pero sobre todo para contar como se resisten desde sus organizaciones\u00a0 para generar poder popular.<\/p>\n<p><img loading=\"lazy\" decoding=\"async\" class=\"alignnone size-full wp-image-8181\" src=\"http:\/\/fmriachuelo.com.ar\/wp-content\/uploads\/2018\/09\/WhatsApp-Image-2018-09-19-at-12.03.01-PM.jpeg\" alt=\"\" width=\"1280\" height=\"854\" \/><\/p>\n","protected":false},"excerpt":{"rendered":"<p>[FM Riachuelo 19\/09\/2018]\u00a0 Se realiz\u00f3 una nueva jornada de lucha donde organizaciones y movimientos sociales de todo el pa\u00eds,\u00a0 salieron a\u00a0 las calles para decir\u00a0 \u00abNo al FMI\u00bb \u00abFuera Macri\u00bb \u00abBasta de Ajustes y tarifazos\u00bb. En el marco del Plan de Lucha que lanzaron los movimientos sociales la semana pasada frente\u00a0a la profundizaci\u00f3n de la [&hellip;]<\/p>\n","protected":false},"author":5,"featured_media":8175,"comment_status":"open","ping_status":"open","sticky":false,"template":"","format":"standard","meta":{"_monsterinsights_skip_tracking":false,"_monsterinsights_sitenote_active":false,"_monsterinsights_sitenote_note":"","_monsterinsights_sitenote_category":0,"jnews-multi-image_gallery":[],"jnews_single_post":[],"jnews_primary_category":[],"_joinchat":[],"footnotes":""},"categories":[76,75],"tags":[],"class_list":["post-8174","post","type-post","status-publish","format-standard","has-post-thumbnail","hentry","category-salud-comunitaria","category-trabajo"],"_links":{"self":[{"href":"http:\/\/fmriachuelo.it10.com.ar\/index.php\/wp-json\/wp\/v2\/posts\/8174","targetHints":{"allow":["GET"]}}],"collection":[{"href":"http:\/\/fmriachuelo.it10.com.ar\/index.php\/wp-json\/wp\/v2\/posts"}],"about":[{"href":"http:\/\/fmriachuelo.it10.com.ar\/index.php\/wp-json\/wp\/v2\/types\/post"}],"author":[{"embeddable":true,"href":"http:\/\/fmriachuelo.it10.com.ar\/index.php\/wp-json\/wp\/v2\/users\/5"}],"replies":[{"embeddable":true,"href":"http:\/\/fmriachuelo.it10.com.ar\/index.php\/wp-json\/wp\/v2\/comments?post=8174"}],"version-history":[{"count":0,"href":"http:\/\/fmriachuelo.it10.com.ar\/index.php\/wp-json\/wp\/v2\/posts\/8174\/revisions"}],"wp:featuredmedia":[{"embeddable":true,"href":"http:\/\/fmriachuelo.it10.com.ar\/index.php\/wp-json\/"}],"wp:attachment":[{"href":"http:\/\/fmriachuelo.it10.com.ar\/index.php\/wp-json\/wp\/v2\/media?parent=8174"}],"wp:term":[{"taxonomy":"category","embeddable":true,"href":"http:\/\/fmriachuelo.it10.com.ar\/index.php\/wp-json\/wp\/v2\/categories?post=8174"},{"taxonomy":"post_tag","embeddable":true,"href":"http:\/\/fmriachuelo.it10.com.ar\/index.php\/wp-json\/wp\/v2\/tags?post=8174"}],"curies":[{"name":"wp","href":"https:\/\/api.w.org\/{rel}","templated":true}]}}