{"id":816,"date":"2015-01-08T02:20:00","date_gmt":"2015-01-08T02:20:00","guid":{"rendered":"http:\/\/fmriachuelo.observatorioess.org.ar\/index.php\/2015\/01\/08\/en-el-sur-del-pais-como-en-el-sur-de-la-ciudad\/"},"modified":"2025-03-25T14:51:19","modified_gmt":"2025-03-25T17:51:19","slug":"en-el-sur-del-pais-como-en-el-sur-de-la-ciudad","status":"publish","type":"post","link":"http:\/\/fmriachuelo.it10.com.ar\/index.php\/2015\/01\/08\/en-el-sur-del-pais-como-en-el-sur-de-la-ciudad\/","title":{"rendered":"\u00a1EN EL SUR DEL PA\u00cdS COMO EN EL SUR DE LA CIUDAD!"},"content":{"rendered":"<div style=\"text-align: left\"><span style=\"font-size: x-large\"><span style=\"color: red;font-family: Verdana, sans-serif\"><strong>LA MAFIA INMOBILIARIA TAMBI\u00c9N EN LA PATAGONIA&nbsp;<\/strong><\/span>\u200b<\/span><\/div>\n<div style=\"text-align: left\"><span style=\"font-size: medium\">[<strong>FMR Mi\u00e9rcoles 07\/01\/15] La Comunidad Mapuche de Paichil Antriau de Villa La Angostura sufre la embestida de la especulaci\u00f3n econ\u00f3mica e inmobiliaria. El empresario Carlos Furlong intenta despojarlos y apropiarse violentamente&nbsp;del territorio de la Comunidad.<\/strong><\/span><\/div>\n<div style=\"clear: both;text-align: center\"><a href=\"http:\/\/4.bp.blogspot.com\/-RFLAJ2jjH8o\/VK3pYTfHi2I\/AAAAAAAACP8\/Qn-7hBb2qrc\/s1600\/mapuche.png\" style=\"margin-left: 1em;margin-right: 1em\"><img decoding=\"async\" border=\"0\" src=\"http:\/\/4.bp.blogspot.com\/-RFLAJ2jjH8o\/VK3pYTfHi2I\/AAAAAAAACP8\/Qn-7hBb2qrc\/s1600\/mapuche.png\" \/><\/a><\/div>\n<div style=\"text-align: center\">&nbsp;<\/div>\n<div style=\"text-align: left\"><span lang=\"ES\"><span style=\"color: black\"><span style=\"font-size: 12pt;line-height: 107%\"><span style=\"font-family: verdana, sans-serif\">En las \u00faltimas semanas, l<\/span><\/span><\/span><span lang=\"ES\" style=\"border: 1pt windowtext;padding: 0cm\"><span style=\"font-family: verdana,sans-serif\"><span style=\"color: black\"><span style=\"font-size: 12pt;line-height: 107%\">as familias mapuches de la comunidad Paichil Antriau de Villa La Angostura vienen siendo amedrentadas y amenazadas por patotas del empresario Carlos Furlong. Las denuncias radicadas en la fiscal\u00eda y la polic\u00eda fueron sistem\u00e1ticamente deso\u00eddas.&nbsp;<\/span><\/span><\/span><\/span><\/span><\/div>\n<div style=\"text-align: left\"><span lang=\"ES\"><span lang=\"ES\" style=\"border: 1pt windowtext;padding: 0cm\"><span style=\"font-family: verdana,sans-serif\"><span style=\"color: black\"><span style=\"font-size: 12pt;line-height: 107%\">En el d\u00eda de&nbsp;ayer&nbsp;la situaci\u00f3n&nbsp;se agrav\u00f3&nbsp;cuando uno de los habitantes de la comunidad fue herido con una&nbsp;<\/span><\/span><span style=\"color: black\"><span style=\"font-size: 16px;line-height: 17.12px\">moto-sierra,<\/span><\/span><span style=\"color: black\"><span style=\"font-size: 12pt;line-height: 107%\">&nbsp;y sus familiares y compa\u00f1eros agredidos con gas pimienta, perros y armas de fuego.<\/span><\/span><\/span><\/span><\/span><\/div>\n<div style=\"text-align: left\"><span lang=\"ES\"><span lang=\"ES\" style=\"border: 1pt windowtext;padding: 0cm\"><span style=\"font-family: verdana,sans-serif\"><span style=\"color: black;font-family: Tahoma, sans-serif\"><span style=\"font-size: 12pt;line-height: 107%\">&nbsp;<\/span><\/span><\/span><\/span><\/span><\/div>\n<div style=\"text-align: left\"><span lang=\"ES\"><span lang=\"ES\" style=\"border: 1pt windowtext;padding: 0cm\"><span style=\"font-family: verdana,sans-serif\"><span style=\"color: black\"><span style=\"font-size: 12pt;line-height: 107%\">&nbsp;<\/span><\/span><span lang=\"ES\"><span style=\"color: black\"><span style=\"font-size: 12pt;line-height: 107%\">En esta causa se encuentra interviniendo la&nbsp;Confederaci\u00f3n de Trabajadores de la Econom\u00eda Popular (CTEP)&nbsp; a trav\u00e9s del abogado Juan Grabois, integrante del Secretariado Nacional de la CTEP<span lang=\"ES\"><span style=\"font-size: medium\">&nbsp; y c<\/span><\/span>oordinador del Encuentro Mundial de Movimientos Populares del Vaticano.&nbsp;<\/span><span style=\"font-size: 16px;line-height: 17.12px\">Escuch\u00e1<\/span><span style=\"font-size: 12pt;line-height: 107%\">&nbsp;el testimonio en la entrevista realizada esta tarde en&nbsp;<strong><span style=\"color: red\">FM Riachuelo<\/span><\/strong>:<\/span><\/span><\/span><\/span><\/span><\/span><\/div>\n<div style=\"text-align: left\"><span lang=\"ES\"><span lang=\"ES\" style=\"border: 1pt windowtext;padding: 0cm\"><span style=\"font-family: verdana,sans-serif\"><span lang=\"ES\"><span style=\"color: black\"><span style=\"font-size: 12pt;line-height: 107%\"><br \/><\/span><\/span><\/span><\/span><\/span><\/span><\/div>\n<div style=\"text-align: left\"><span lang=\"ES\"><span lang=\"ES\" style=\"border: 1pt windowtext;padding: 0cm\"><span style=\"font-family: verdana,sans-serif\"><span lang=\"ES\"><span style=\"color: black\"><span style=\"font-size: 12pt;line-height: 107%\">&nbsp;<a href=\"http:\/\/www.mediafire.com\/listen\/v66rrc69gex1x4s\/1_-_JUAN_GRAVOIS-__COMO_ESTA_LA_SITUACION_MAPUCHE.mp3\" target=\"_parent\" rel=\"noopener\">JUAN GRABOIS Y EL ENTRAMADO OLIGARQUICO DE LA PATAGONIA AUSTRAL<\/a><\/span><\/span><\/span><\/span><\/span><\/span><\/div>\n<div style=\"text-align: left\"><span lang=\"ES\"><span lang=\"ES\" style=\"border: 1pt windowtext;padding: 0cm\"><span style=\"font-family: verdana,sans-serif\"><span lang=\"ES\"><span style=\"color: black\"><span style=\"font-size: 12pt;line-height: 107%\"><br \/><\/span><\/span><\/span><\/span><\/span><\/span><\/div>\n<div style=\"text-align: left\"><span lang=\"ES\"><span lang=\"ES\" style=\"border: 1pt windowtext;padding: 0cm\"><span style=\"font-family: verdana,sans-serif\"><span lang=\"ES\"><span style=\"color: black\"><span style=\"font-size: 12pt;line-height: 107%\"><a href=\"http:\/\/www.mediafire.com\/listen\/rgmi9nta0jpjz1c\/2_-_JUAN_GAVOIS-_LA_MAFIA_EN_VILLA_LA_ANGOSTURA.mp3\" target=\"_parent\" rel=\"noopener\">JUAN GRABOIS &#8211; PATOTAS, COMPLICIDAD JUDICIAL Y PASIVIDAD POLICIAL<\/a><\/span><\/span><\/span><\/span><\/span><\/span><\/div>\n<div style=\"text-align: left\"><span lang=\"ES\"><span lang=\"ES\" style=\"border: 1pt windowtext;padding: 0cm\"><span style=\"font-family: verdana,sans-serif\"><span lang=\"ES\"><span style=\"color: black\"><span style=\"font-size: 12pt;line-height: 107%\"><br \/><\/span><\/span><\/span><\/span><\/span><\/span><\/div>\n<div style=\"text-align: left\"><span lang=\"ES\"><span lang=\"ES\" style=\"border: 1pt windowtext;padding: 0cm\"><span style=\"font-family: verdana,sans-serif\"><span lang=\"ES\"><span style=\"color: black\"><span style=\"font-size: 12pt;line-height: 107%\"><a href=\"http:\/\/www.mediafire.com\/listen\/ts3l926xorq6fgr\/3-__JUAN_GRAVOIS-_LA_PATAGONIA_TIENE_HISTORIA_DE_ACAPARAMIENTO.mp3\" target=\"_parent\" rel=\"noopener\">JUAN GRABOIS &#8211; MAFIA INMOBILIARIA Y EL DESPOJO DE LA TIERRA<\/a><\/span><\/span><\/span><\/span><\/span><\/span><\/div>\n<div style=\"text-align: left\"><span style=\"font-family: Verdana\"><\/span>&nbsp;<\/div>\n<div style=\"text-align: left\"><span style=\"color: blue;font-family: Verdana\">Fuente: Producci\u00f3n Riachuelo<\/span><\/div>\n<div style=\"clear: both;text-align: center\"><a href=\"http:\/\/3.bp.blogspot.com\/-hH_9dtRmeFc\/VK86FapPtcI\/AAAAAAAACQ0\/5zdEn-yFiTw\/s1600\/COOP%2BRIACHIUELO%2BPRODUCCIONES.jpg\" style=\"clear: left;float: left;margin-bottom: 1em;margin-right: 1em\"><img loading=\"lazy\" decoding=\"async\" border=\"0\" src=\"http:\/\/3.bp.blogspot.com\/-hH_9dtRmeFc\/VK86FapPtcI\/AAAAAAAACQ0\/5zdEn-yFiTw\/s1600\/COOP%2BRIACHIUELO%2BPRODUCCIONES.jpg\" height=\"58\" width=\"200\" \/><\/a><\/div>\n<div style=\"text-align: left\">&nbsp;<\/div>\n","protected":false},"excerpt":{"rendered":"<p>LA MAFIA INMOBILIARIA TAMBI\u00c9N EN LA PATAGONIA&nbsp;\u200b [FMR Mi\u00e9rcoles 07\/01\/15] La Comunidad Mapuche de Paichil Antriau de Villa La Angostura sufre la embestida de la especulaci\u00f3n econ\u00f3mica e inmobiliaria. El empresario Carlos Furlong intenta despojarlos y apropiarse violentamente&nbsp;del territorio de la Comunidad. &nbsp; En las \u00faltimas semanas, las familias mapuches de la comunidad Paichil Antriau [&hellip;]<\/p>\n","protected":false},"author":4,"featured_media":0,"comment_status":"open","ping_status":"open","sticky":false,"template":"","format":"standard","meta":{"_monsterinsights_skip_tracking":false,"_monsterinsights_sitenote_active":false,"_monsterinsights_sitenote_note":"","_monsterinsights_sitenote_category":0,"jnews-multi-image_gallery":[],"jnews_single_post":{"format":"standard"},"jnews_primary_category":[],"_joinchat":[],"footnotes":""},"categories":[58],"tags":[174,71,119,147],"class_list":["post-816","post","type-post","status-publish","format-standard","hentry","category-noticiariachuelo","tag-cultura-originaria","tag-de-la-tierra","tag-derechos-humanos","tag-habitat"],"_links":{"self":[{"href":"http:\/\/fmriachuelo.it10.com.ar\/index.php\/wp-json\/wp\/v2\/posts\/816","targetHints":{"allow":["GET"]}}],"collection":[{"href":"http:\/\/fmriachuelo.it10.com.ar\/index.php\/wp-json\/wp\/v2\/posts"}],"about":[{"href":"http:\/\/fmriachuelo.it10.com.ar\/index.php\/wp-json\/wp\/v2\/types\/post"}],"author":[{"embeddable":true,"href":"http:\/\/fmriachuelo.it10.com.ar\/index.php\/wp-json\/wp\/v2\/users\/4"}],"replies":[{"embeddable":true,"href":"http:\/\/fmriachuelo.it10.com.ar\/index.php\/wp-json\/wp\/v2\/comments?post=816"}],"version-history":[{"count":1,"href":"http:\/\/fmriachuelo.it10.com.ar\/index.php\/wp-json\/wp\/v2\/posts\/816\/revisions"}],"predecessor-version":[{"id":22246,"href":"http:\/\/fmriachuelo.it10.com.ar\/index.php\/wp-json\/wp\/v2\/posts\/816\/revisions\/22246"}],"wp:attachment":[{"href":"http:\/\/fmriachuelo.it10.com.ar\/index.php\/wp-json\/wp\/v2\/media?parent=816"}],"wp:term":[{"taxonomy":"category","embeddable":true,"href":"http:\/\/fmriachuelo.it10.com.ar\/index.php\/wp-json\/wp\/v2\/categories?post=816"},{"taxonomy":"post_tag","embeddable":true,"href":"http:\/\/fmriachuelo.it10.com.ar\/index.php\/wp-json\/wp\/v2\/tags?post=816"}],"curies":[{"name":"wp","href":"https:\/\/api.w.org\/{rel}","templated":true}]}}