{"id":8153,"date":"2018-09-18T18:15:41","date_gmt":"2018-09-18T18:15:41","guid":{"rendered":"http:\/\/fmriachuelo.com.ar\/?p=8153"},"modified":"2018-09-18T18:15:41","modified_gmt":"2018-09-18T18:15:41","slug":"a-42-anos-de-la-noche-de-los-lapices-sin-lucha-nadie-te-regala-nada-en-este-pais","status":"publish","type":"post","link":"http:\/\/fmriachuelo.it10.com.ar\/index.php\/2018\/09\/18\/a-42-anos-de-la-noche-de-los-lapices-sin-lucha-nadie-te-regala-nada-en-este-pais\/","title":{"rendered":"A 42 A\u00d1OS DE LA NOCHE DE LOS LAPICES: \u00abSIN LUCHA NADIE TE REGALA NADA EN ESTE PA\u00cdS\u00bb"},"content":{"rendered":"<p style=\"text-align: left\"><strong>[FM Riachuelo 17\/09\/2018] En conmeraci\u00f3n a los 42 a\u00f1os de la noche de los l\u00e1pices,donde fueron desaparecidos diez estudiantes por la \u00faltima dictadura c\u00edvico militar. Los estudiantes secundarios, terciarios y universitarios junto a sus coordinadoras y otras organizaciones salieron a las calles levantando la bandera: \u201c la educaci\u00f3n publica corre peligro\u201d. Se march\u00f3 desde el Congreso de la Naci\u00f3n hasta la Plaza de Mayo donde hubo un acto de cierre, en donde se ley\u00f3 un comunicado que expresaba algunos reclamos para el sector. En el marco de la crisis educativa actual en donde ya se cobr\u00f3 la vida de Sandra Calamano y Rub\u00e9n Rodriguez y en donde tambi\u00e9n se suma el secuestro y tortura que sufri\u00f3 la docente Corina de Bonis de Moreno.\u00a0<\/strong><\/p>\n<p><img loading=\"lazy\" decoding=\"async\" class=\"wp-image-8163  aligncenter\" src=\"http:\/\/fmriachuelo.com.ar\/wp-content\/uploads\/2018\/09\/WhatsApp-Image-2018-09-17-at-8.56.03-PM-768x1024.jpeg\" alt=\"\" width=\"824\" height=\"1098\" \/><\/p>\n<p>En el acto de cierre unas de las oradoras fue Emilse Moler, sobreviviente de la noche de los lapices, destac\u00f3 \u00absin lucha nadie te regala nada en este pa\u00eds, no es cierto que no hay tensiones, siempre hay tensiones y no le tenemos que tener miedo, si no es la paz de los cementerios y esa paz no nos interesa. Por eso es importante defender todo lo obtenido hasta el momento\u00bb. Adem\u00e1s agrego \u00bb me parece que desde hace tres a\u00f1os estamos dando demasiados pasos atr\u00e1s y no lo tenemos que permitir. Cuando me preguntan que fue la detenci\u00f3n sistem\u00e1tica de los j\u00f3venes estudiantes, yo les digo que fue tratar de imponer un modelo econ\u00f3mico. Tuvieron que usar esa\u00a0 represi\u00f3n brutal por como estaban dadas las condiciones. Ahora llegaron por los votos, y las luchas son mas dif\u00edciles en democracia\u00bb.<\/p>\n<p><img loading=\"lazy\" decoding=\"async\" class=\"size-full wp-image-8167 aligncenter\" src=\"http:\/\/fmriachuelo.com.ar\/wp-content\/uploads\/2018\/09\/WhatsApp-Image-2018-09-17-at-9.05.04-PM.jpeg\" alt=\"\" width=\"1032\" height=\"774\" \/><\/p>\n<p>Para finalizar el acto se ley\u00f3 un documento que daba cuenta del escenario pol\u00edtico y social\u00a0 que atraviesa nuestro pa\u00eds: la eliminaci\u00f3n de ministerios, vaciamiento de las pollitas publicas, el plan econ\u00f3mico neoIiberal representado por el FMI que provoca hambre y represi\u00f3n a la clase trabajadora. Tambi\u00e9n se exigi\u00f3 al Gobierno mejor presupuesto en educaci\u00f3n, Fuera al FMI, reformas edilicias para todos los colegios,democratizar la educaci\u00f3n, viandas de calidad para lxs alumnxs, salario digno para los trabajadores, no a la secundaria del futuro y declarar la emergencia en educaci\u00f3n.<\/p>\n<p>&nbsp;<\/p>\n<p>&nbsp;<\/p>\n<p>&nbsp;<\/p>\n<p>&nbsp;<\/p>\n","protected":false},"excerpt":{"rendered":"<p>[FM Riachuelo 17\/09\/2018] En conmeraci\u00f3n a los 42 a\u00f1os de la noche de los l\u00e1pices,donde fueron desaparecidos diez estudiantes por la \u00faltima dictadura c\u00edvico militar. Los estudiantes secundarios, terciarios y universitarios junto a sus coordinadoras y otras organizaciones salieron a las calles levantando la bandera: \u201c la educaci\u00f3n publica corre peligro\u201d. Se march\u00f3 desde el [&hellip;]<\/p>\n","protected":false},"author":5,"featured_media":8164,"comment_status":"open","ping_status":"open","sticky":false,"template":"","format":"standard","meta":{"_monsterinsights_skip_tracking":false,"_monsterinsights_sitenote_active":false,"_monsterinsights_sitenote_note":"","_monsterinsights_sitenote_category":0,"jnews-multi-image_gallery":[],"jnews_single_post":[],"jnews_primary_category":[],"_joinchat":[],"footnotes":""},"categories":[78,76,77],"tags":[],"class_list":["post-8153","post","type-post","status-publish","format-standard","has-post-thumbnail","hentry","category-economia-popular","category-salud-comunitaria","category-soberania"],"_links":{"self":[{"href":"http:\/\/fmriachuelo.it10.com.ar\/index.php\/wp-json\/wp\/v2\/posts\/8153","targetHints":{"allow":["GET"]}}],"collection":[{"href":"http:\/\/fmriachuelo.it10.com.ar\/index.php\/wp-json\/wp\/v2\/posts"}],"about":[{"href":"http:\/\/fmriachuelo.it10.com.ar\/index.php\/wp-json\/wp\/v2\/types\/post"}],"author":[{"embeddable":true,"href":"http:\/\/fmriachuelo.it10.com.ar\/index.php\/wp-json\/wp\/v2\/users\/5"}],"replies":[{"embeddable":true,"href":"http:\/\/fmriachuelo.it10.com.ar\/index.php\/wp-json\/wp\/v2\/comments?post=8153"}],"version-history":[{"count":0,"href":"http:\/\/fmriachuelo.it10.com.ar\/index.php\/wp-json\/wp\/v2\/posts\/8153\/revisions"}],"wp:featuredmedia":[{"embeddable":true,"href":"http:\/\/fmriachuelo.it10.com.ar\/index.php\/wp-json\/"}],"wp:attachment":[{"href":"http:\/\/fmriachuelo.it10.com.ar\/index.php\/wp-json\/wp\/v2\/media?parent=8153"}],"wp:term":[{"taxonomy":"category","embeddable":true,"href":"http:\/\/fmriachuelo.it10.com.ar\/index.php\/wp-json\/wp\/v2\/categories?post=8153"},{"taxonomy":"post_tag","embeddable":true,"href":"http:\/\/fmriachuelo.it10.com.ar\/index.php\/wp-json\/wp\/v2\/tags?post=8153"}],"curies":[{"name":"wp","href":"https:\/\/api.w.org\/{rel}","templated":true}]}}