{"id":8151,"date":"2018-09-18T00:07:04","date_gmt":"2018-09-18T00:07:04","guid":{"rendered":"http:\/\/fmriachuelo.com.ar\/?p=8151"},"modified":"2018-09-18T00:07:04","modified_gmt":"2018-09-18T00:07:04","slug":"nueva-trinchera-de-lucha-en-la-boca-se-inauguro-el-merendero-de-las-madres-contra-la-violencia-institucional","status":"publish","type":"post","link":"http:\/\/fmriachuelo.it10.com.ar\/index.php\/2018\/09\/18\/nueva-trinchera-de-lucha-en-la-boca-se-inauguro-el-merendero-de-las-madres-contra-la-violencia-institucional\/","title":{"rendered":"NUEVA TRINCHERA DE LUCHA EN LA BOCA: SE INAUGUR\u00d3 EL MERENDERO DE LAS MADRES CONTRA LA VIOLENCIA INSTITUCIONAL"},"content":{"rendered":"<p><strong>[FM RIACHUELO 17\/09\/2018] Hoy Roxana, Carolina e Ivonne, tres madres de v\u00edctimas de la violencia institucional abrieron el merendero popular \u00abMadres en Lucha\u00bb, en las calles Palos y Pinz\u00f3n, La Boca. Este nuevo espacio no s\u00f3lo brindar\u00e1 la merienda a los y las ni\u00f1as del barrio que necesiten un vaso de leche, sino que adem\u00e1s funcionar\u00e1 como un espacio de contenci\u00f3n para quienes sufran las amenazas, persecuci\u00f3n y violencia de las fuerzas de seguridad.<\/strong><\/p>\n<p>FM RIACHUELO estuvo presente en la apertura del merendero, donde acudi\u00f3 una gran cantidad de vecinos y organizaciones sociales que vienen acompa\u00f1ando a las madres en sus reclamos de justicia. Ivonne, la madre de Juan Pablo Kukoc, joven asesinado por el polic\u00eda Chocobar, agradeci\u00f3 el acompa\u00f1amiento: \u00abEstamos presentando el libro de la vida de mi hijo, la idea es que se pueda colaborar con el merendero. Estoy nerviosa pero contenta. Seguiremos siempre luchando contra la represi\u00f3n y el gatillo f\u00e1cil y esperamos que manden a los chicos a merendar y para lo que necesiten, estamos para ayudar\u00bb.<\/p>\n<p>Por su parte, Roxana Cainzos, la mam\u00e1 de Nehuen Rodriguez, el joven atropellado por un patrullero en 2014, expres\u00f3 que la consigna del merendero ser\u00e1 \u00abcontra el ajuste y la yuta\u00bb: \u00abagradecemos la colaboraci\u00f3n de las organizaciones que siempre est\u00e1n apoyando estas causas sociales y territoriales. Nuestra idea es que este lugar funcione como una ayuda para que las madres que sufrieron p\u00e9rdidas por la violencia institucional tengan donde venir y tener una referencia. Estamos para ayudar y asesorar\u00bb<\/p>\n<p>El merendero \u00abMadres en Lucha\u00bb, nueva trinchera de lucha en el barrio, funcionar\u00e1 de lunes a viernes de 16 a 18.30 hs.<\/p>\n<p>Escucha las palabras de Roxana e Ivonne:<\/p>\n<p><a href=\"https:\/\/radiocut.fm\/audiocut\/madres-en-lucha-inauguracion-de-merendero-popular-ivonne-kukoc\/\">ENTREVISTA A IVONNE KUKOC<\/a><\/p>\n<p><a href=\"https:\/\/radiocut.fm\/audiocut\/madres-en-lucha-inauguracion-de-merendero-popular-roxana-cainzos\/\">ENTREVISTA A ROXANA CAINZOS<\/a><\/p>\n<p>&nbsp;<\/p>\n","protected":false},"excerpt":{"rendered":"<p>[FM RIACHUELO 17\/09\/2018] Hoy Roxana, Carolina e Ivonne, tres madres de v\u00edctimas de la violencia institucional abrieron el merendero popular \u00abMadres en Lucha\u00bb, en las calles Palos y Pinz\u00f3n, La Boca. Este nuevo espacio no s\u00f3lo brindar\u00e1 la merienda a los y las ni\u00f1as del barrio que necesiten un vaso de leche, sino que adem\u00e1s [&hellip;]<\/p>\n","protected":false},"author":5,"featured_media":8155,"comment_status":"open","ping_status":"open","sticky":false,"template":"","format":"standard","meta":{"_monsterinsights_skip_tracking":false,"_monsterinsights_sitenote_active":false,"_monsterinsights_sitenote_note":"","_monsterinsights_sitenote_category":0,"jnews-multi-image_gallery":[],"jnews_single_post":[],"jnews_primary_category":[],"_joinchat":[],"footnotes":""},"categories":[78,76],"tags":[],"class_list":["post-8151","post","type-post","status-publish","format-standard","has-post-thumbnail","hentry","category-economia-popular","category-salud-comunitaria"],"_links":{"self":[{"href":"http:\/\/fmriachuelo.it10.com.ar\/index.php\/wp-json\/wp\/v2\/posts\/8151","targetHints":{"allow":["GET"]}}],"collection":[{"href":"http:\/\/fmriachuelo.it10.com.ar\/index.php\/wp-json\/wp\/v2\/posts"}],"about":[{"href":"http:\/\/fmriachuelo.it10.com.ar\/index.php\/wp-json\/wp\/v2\/types\/post"}],"author":[{"embeddable":true,"href":"http:\/\/fmriachuelo.it10.com.ar\/index.php\/wp-json\/wp\/v2\/users\/5"}],"replies":[{"embeddable":true,"href":"http:\/\/fmriachuelo.it10.com.ar\/index.php\/wp-json\/wp\/v2\/comments?post=8151"}],"version-history":[{"count":0,"href":"http:\/\/fmriachuelo.it10.com.ar\/index.php\/wp-json\/wp\/v2\/posts\/8151\/revisions"}],"wp:featuredmedia":[{"embeddable":true,"href":"http:\/\/fmriachuelo.it10.com.ar\/index.php\/wp-json\/"}],"wp:attachment":[{"href":"http:\/\/fmriachuelo.it10.com.ar\/index.php\/wp-json\/wp\/v2\/media?parent=8151"}],"wp:term":[{"taxonomy":"category","embeddable":true,"href":"http:\/\/fmriachuelo.it10.com.ar\/index.php\/wp-json\/wp\/v2\/categories?post=8151"},{"taxonomy":"post_tag","embeddable":true,"href":"http:\/\/fmriachuelo.it10.com.ar\/index.php\/wp-json\/wp\/v2\/tags?post=8151"}],"curies":[{"name":"wp","href":"https:\/\/api.w.org\/{rel}","templated":true}]}}