{"id":815,"date":"2015-01-08T15:22:00","date_gmt":"2015-01-08T15:22:00","guid":{"rendered":"http:\/\/fmriachuelo.observatorioess.org.ar\/index.php\/2015\/01\/08\/la-derecha-venezolana-inicia-2015-con-campana-para-generar-incertidumbre\/"},"modified":"2025-03-25T14:52:00","modified_gmt":"2025-03-25T17:52:00","slug":"la-derecha-venezolana-inicia-2015-con-campana-para-generar-incertidumbre","status":"publish","type":"post","link":"http:\/\/fmriachuelo.it10.com.ar\/index.php\/2015\/01\/08\/la-derecha-venezolana-inicia-2015-con-campana-para-generar-incertidumbre\/","title":{"rendered":"LA DERECHA VENEZOLANA INICIA 2015 CON CAMPA\u00d1A PARA GENERAR INCERTIDUMBRE"},"content":{"rendered":"<p><b><span style=\"font-size: small\"><span style=\"font-family: Verdana,sans-serif\">Denunci\u00f3 Diosdado Cabello<\/span><\/span><\/b><\/p>\n<h1><span style=\"color: red\"><span style=\"font-family: Verdana,sans-serif\"><span style=\"font-size: large\">CAMPA\u00d1A MEDIATICA CONTRA EL GOBIERNO<\/span><\/span><\/span><\/h1>\n<div style=\"clear: both;text-align: center\"><a href=\"http:\/\/3.bp.blogspot.com\/-gFZ9BNwRfZM\/VK6fsQ21SBI\/AAAAAAAACQM\/4Bw3Pj7D6EU\/s1600\/DIOSDADO%2BCABELLO.jpg\" style=\"clear: left;float: left;margin-bottom: 1em;margin-right: 1em\"><img loading=\"lazy\" decoding=\"async\" border=\"0\" src=\"http:\/\/3.bp.blogspot.com\/-gFZ9BNwRfZM\/VK6fsQ21SBI\/AAAAAAAACQM\/4Bw3Pj7D6EU\/s1600\/DIOSDADO%2BCABELLO.jpg\" height=\"246\" width=\"320\" \/><\/a><\/div>\n<p><b><span style=\"font-family: Verdana,sans-serif\">El presidente de la Asamblea Nacional (AN), Diosdado Cabello, denunci\u00f3 la noche de este mi\u00e9rcoles que la derecha ha iniciado el 2015 con campa\u00f1as psicol\u00f3gicas dirigidas a generar incertidumbre en el pueblo a partir del tema econ\u00f3mico.&nbsp;&nbsp;<\/span><\/b><br \/><span style=\"font-family: Verdana,sans-serif\"><b>Cuestion\u00f3 la matriz de opini\u00f3n que se ha generado durante los primeros d\u00edas del a\u00f1o a trav\u00e9s de medios privados para hacer ver que los anaqueles de mercados se encuentran vac\u00edos. <\/b><\/span><br \/><a name='more'><\/a><span style=\"font-family: Verdana,sans-serif\"><br \/>\u201cEl tema econ\u00f3mico est\u00e1 ahorita en el tapete, porque estamos en medio de una gran guerra econ\u00f3mica contra nuestro pueblo, dirigida por sectores de la derecha venezolana, con guerras psicol\u00f3gicas, medi\u00e1ticas, dirigidas a crear malestar, incertidumbres, temores, generar p\u00e1nico en la poblaci\u00f3n\u201d, precis\u00f3. <\/p>\n<p>\u201cLo que hay son mentes vac\u00edas, corazones vac\u00edos, cuerpo sin alma, cuerpo vac\u00edo, sin alma, es lo que hay en esa oposici\u00f3n venezolana\u201d, dijo. <\/p>\n<p>Cabello indic\u00f3 que la derecha va a enfermar a su propio sector. \u201cNo los van a querer m\u00e1s su propia gente, de tanta mentira que le meten se va a enfermar y no les van a creer mas\u201d. <\/p>\n<p>Rechaz\u00f3 la campa\u00f1a de odio que ha desatado la oligarqu\u00eda y que se traduce en agresiones como la que sufri\u00f3 la ex defensora del Pueblo, Gabriela Ram\u00edrez. <\/p>\n<p>En ese sentido, advirti\u00f3 que la oposici\u00f3n ha iniciado el a\u00f1o pensando que el presidente Nicol\u00e1s Maduro va a entregar el Gobierno y se los va a dar a ellos. \u201cP\u00f3nganse a creer, no van a poder con este pueblo se\u00f1ores de la derecha venezolana,  (Alberto Federico) Ravell te vas a quedar con las ganas y no vas a disfrutar nada, te lo garantizo, absolutamente nada, si crees tu que vas a disfrutar con la campa\u00f1ita que tienes, enfermiza\u201d, enfatiz\u00f3. <\/p>\n<p>El presidente del Parlamento venezolano resalt\u00f3 que el pueblo est\u00e1 hecho para grandes cosas, tal como lo ha demostrado manteni\u00e9ndose en calma en los peores momentos y confiados en el legado del comandante Hugo Ch\u00e1vez. <\/p>\n<p>Explic\u00f3 que la oposici\u00f3n est\u00e1 atacando el modelo socialista e insisten en seguir apostando al modelo capitalista y record\u00f3 que el modelo socialista le permiti\u00f3 dar salud al que no ten\u00eda salud y educaci\u00f3n a quien no ten\u00eda educaci\u00f3n. \u201cLo nuevo somos nosotros, ustedes son lo viejo se\u00f1ores de la derecha, el cambio lo representa la Revoluci\u00f3n, no ustedes, ninguno de ustedes representa un cambio para el pa\u00eds, ustedes representan un retroceso\u201d, puntualiz\u00f3.<\/span><br \/><span style=\"font-family: Verdana,sans-serif\"><span style=\"color: blue\">Fuente: Correo del Orinoco, Producci\u00f3n Riachuelo<\/span><\/span><\/p>\n<div style=\"clear: both;text-align: center\"><a href=\"http:\/\/1.bp.blogspot.com\/-hH_9dtRmeFc\/VK86FapPtcI\/AAAAAAAACQ4\/OOezOL_lHi8\/s1600\/COOP%2BRIACHIUELO%2BPRODUCCIONES.jpg\" style=\"clear: left;float: left;margin-bottom: 1em;margin-right: 1em\"><img loading=\"lazy\" decoding=\"async\" border=\"0\" src=\"http:\/\/1.bp.blogspot.com\/-hH_9dtRmeFc\/VK86FapPtcI\/AAAAAAAACQ4\/OOezOL_lHi8\/s1600\/COOP%2BRIACHIUELO%2BPRODUCCIONES.jpg\" height=\"58\" width=\"200\" \/><\/a><\/div>\n<p><span style=\"font-family: Verdana,sans-serif\"><br \/>&nbsp;<\/span><\/p>\n","protected":false},"excerpt":{"rendered":"<p>Denunci\u00f3 Diosdado Cabello CAMPA\u00d1A MEDIATICA CONTRA EL GOBIERNO El presidente de la Asamblea Nacional (AN), Diosdado Cabello, denunci\u00f3 la noche de este mi\u00e9rcoles que la derecha ha iniciado el 2015 con campa\u00f1as psicol\u00f3gicas dirigidas a generar incertidumbre en el pueblo a partir del tema econ\u00f3mico.&nbsp;&nbsp;Cuestion\u00f3 la matriz de opini\u00f3n que se ha generado durante los [&hellip;]<\/p>\n","protected":false},"author":4,"featured_media":0,"comment_status":"open","ping_status":"open","sticky":false,"template":"","format":"standard","meta":{"_monsterinsights_skip_tracking":false,"_monsterinsights_sitenote_active":false,"_monsterinsights_sitenote_note":"","_monsterinsights_sitenote_category":0,"jnews-multi-image_gallery":[],"jnews_single_post":{"format":"standard"},"jnews_primary_category":[],"_joinchat":[],"footnotes":""},"categories":[58],"tags":[70],"class_list":["post-815","post","type-post","status-publish","format-standard","hentry","category-noticiariachuelo","tag-de-la-patria-grande"],"_links":{"self":[{"href":"http:\/\/fmriachuelo.it10.com.ar\/index.php\/wp-json\/wp\/v2\/posts\/815","targetHints":{"allow":["GET"]}}],"collection":[{"href":"http:\/\/fmriachuelo.it10.com.ar\/index.php\/wp-json\/wp\/v2\/posts"}],"about":[{"href":"http:\/\/fmriachuelo.it10.com.ar\/index.php\/wp-json\/wp\/v2\/types\/post"}],"author":[{"embeddable":true,"href":"http:\/\/fmriachuelo.it10.com.ar\/index.php\/wp-json\/wp\/v2\/users\/4"}],"replies":[{"embeddable":true,"href":"http:\/\/fmriachuelo.it10.com.ar\/index.php\/wp-json\/wp\/v2\/comments?post=815"}],"version-history":[{"count":1,"href":"http:\/\/fmriachuelo.it10.com.ar\/index.php\/wp-json\/wp\/v2\/posts\/815\/revisions"}],"predecessor-version":[{"id":22247,"href":"http:\/\/fmriachuelo.it10.com.ar\/index.php\/wp-json\/wp\/v2\/posts\/815\/revisions\/22247"}],"wp:attachment":[{"href":"http:\/\/fmriachuelo.it10.com.ar\/index.php\/wp-json\/wp\/v2\/media?parent=815"}],"wp:term":[{"taxonomy":"category","embeddable":true,"href":"http:\/\/fmriachuelo.it10.com.ar\/index.php\/wp-json\/wp\/v2\/categories?post=815"},{"taxonomy":"post_tag","embeddable":true,"href":"http:\/\/fmriachuelo.it10.com.ar\/index.php\/wp-json\/wp\/v2\/tags?post=815"}],"curies":[{"name":"wp","href":"https:\/\/api.w.org\/{rel}","templated":true}]}}