{"id":814,"date":"2015-01-08T15:27:00","date_gmt":"2015-01-08T15:27:00","guid":{"rendered":"http:\/\/fmriachuelo.observatorioess.org.ar\/index.php\/2015\/01\/08\/bolivia-entrega-a-sudafrica-presidencia-de-g77-china\/"},"modified":"2025-03-25T14:52:47","modified_gmt":"2025-03-25T17:52:47","slug":"bolivia-entrega-a-sudafrica-presidencia-de-g77-china","status":"publish","type":"post","link":"http:\/\/fmriachuelo.it10.com.ar\/index.php\/2015\/01\/08\/bolivia-entrega-a-sudafrica-presidencia-de-g77-china\/","title":{"rendered":"BOLIVIA ENTREGA A SUDAFRICA PRESIDENCIA DE G77+ CHINA"},"content":{"rendered":"<p><b><span style=\"color: red\"><span style=\"font-size: large\"><span style=\"font-family: Verdana,sans-serif\">LA HUELLA DE EVO MORALES<\/span><\/span><\/span><\/b><\/p>\n<div style=\"clear: both;text-align: center\"><a href=\"http:\/\/1.bp.blogspot.com\/-pOTYuIQ5L0U\/VK6hVhNaJpI\/AAAAAAAACQY\/SNQpLPlQ0zs\/s1600\/evo_morales.jpg_1718483346.jpg\" style=\"margin-left: 1em;margin-right: 1em\"><img loading=\"lazy\" decoding=\"async\" border=\"0\" src=\"http:\/\/1.bp.blogspot.com\/-pOTYuIQ5L0U\/VK6hVhNaJpI\/AAAAAAAACQY\/SNQpLPlQ0zs\/s1600\/evo_morales.jpg_1718483346.jpg\" height=\"181\" width=\"320\" \/><\/a><\/div>\n<p><span style=\"font-family: Verdana,sans-serif\"><b>El presidente de Bolivia, Evo Morales, entregar\u00e1 este jueves la presidencia del Grupo de los 77 m\u00e1s China (G77) a Sud\u00e1frica, en la sede de la Organizaci\u00f3n de las Naciones Unidas (ONU) en Nueva York. <\/p>\n<p>El embajador boliviano ante la ONU, Sacha Llorenti, dijo que en el acto de traspaso estar\u00eda presente el secretario general de ONU, Ban Ki-Moon, y el presidente de las Naciones Unidas, Sam Kahamba Kutesa. <\/b><\/span><a name='more'><\/a><span style=\"font-family: Verdana,sans-serif\"><br \/>\u201cSud\u00e1frica tomar\u00e1 la posta de este importante grupo, le daremos toda la colaboraci\u00f3n y sabemos que continuar\u00e1n con la l\u00ednea que marc\u00f3 el presidente Morales\u201d, se\u00f1al\u00f3 Llorenti. <\/p>\n<p>El diplom\u00e1tico agreg\u00f3 que el presidente Morales tiene previsto reunirse con Ban Ki-moon, ir a una exhibici\u00f3n fotogr\u00e1fica y ofrecer entrevistas ante los medios estadounidenses.<\/p>\n<p>\u00abNo hemos pasado desapercibidos, el G-77, bajo la presidencia de Evo Morales, ha dejado huella en la historia de (la Organizaci\u00f3n de) Naciones Unidas y en la historia del mundo\u00bb, dijo el mi\u00e9rcoles el vicepresidente \u00c1lvaro Garc\u00eda Linera, citado por la Agencia Boliviana de Informaci\u00f3n. <\/p>\n<p>El 8 de enero de 2014 Bolivia asumi\u00f3 por segunda vez el mandato del G-77, grupo que fue creado en 1964 para impulsar la cooperaci\u00f3n Sur-Sur.<br \/><span style=\"color: blue\">Fuente: Telesur, Produccion Riachuelo<\/span><\/span><\/p>\n<div style=\"clear: both;text-align: center\"><a href=\"http:\/\/3.bp.blogspot.com\/-hH_9dtRmeFc\/VK86FapPtcI\/AAAAAAAACQ0\/5zdEn-yFiTw\/s1600\/COOP%2BRIACHIUELO%2BPRODUCCIONES.jpg\" style=\"clear: left;float: left;margin-bottom: 1em;margin-right: 1em\"><img loading=\"lazy\" decoding=\"async\" border=\"0\" src=\"http:\/\/3.bp.blogspot.com\/-hH_9dtRmeFc\/VK86FapPtcI\/AAAAAAAACQ0\/5zdEn-yFiTw\/s1600\/COOP%2BRIACHIUELO%2BPRODUCCIONES.jpg\" height=\"58\" width=\"200\" \/><\/a><\/div>\n<p><span style=\"font-family: Verdana,sans-serif\"><br \/>&nbsp;<\/span><\/p>\n","protected":false},"excerpt":{"rendered":"<p>LA HUELLA DE EVO MORALES El presidente de Bolivia, Evo Morales, entregar\u00e1 este jueves la presidencia del Grupo de los 77 m\u00e1s China (G77) a Sud\u00e1frica, en la sede de la Organizaci\u00f3n de las Naciones Unidas (ONU) en Nueva York. El embajador boliviano ante la ONU, Sacha Llorenti, dijo que en el acto de traspaso [&hellip;]<\/p>\n","protected":false},"author":4,"featured_media":0,"comment_status":"open","ping_status":"open","sticky":false,"template":"","format":"standard","meta":{"_monsterinsights_skip_tracking":false,"_monsterinsights_sitenote_active":false,"_monsterinsights_sitenote_note":"","_monsterinsights_sitenote_category":0,"jnews-multi-image_gallery":[],"jnews_single_post":{"format":"standard"},"jnews_primary_category":[],"_joinchat":[],"footnotes":""},"categories":[58],"tags":[70,167],"class_list":["post-814","post","type-post","status-publish","format-standard","hentry","category-noticiariachuelo","tag-de-la-patria-grande","tag-politica-internacional"],"_links":{"self":[{"href":"http:\/\/fmriachuelo.it10.com.ar\/index.php\/wp-json\/wp\/v2\/posts\/814","targetHints":{"allow":["GET"]}}],"collection":[{"href":"http:\/\/fmriachuelo.it10.com.ar\/index.php\/wp-json\/wp\/v2\/posts"}],"about":[{"href":"http:\/\/fmriachuelo.it10.com.ar\/index.php\/wp-json\/wp\/v2\/types\/post"}],"author":[{"embeddable":true,"href":"http:\/\/fmriachuelo.it10.com.ar\/index.php\/wp-json\/wp\/v2\/users\/4"}],"replies":[{"embeddable":true,"href":"http:\/\/fmriachuelo.it10.com.ar\/index.php\/wp-json\/wp\/v2\/comments?post=814"}],"version-history":[{"count":1,"href":"http:\/\/fmriachuelo.it10.com.ar\/index.php\/wp-json\/wp\/v2\/posts\/814\/revisions"}],"predecessor-version":[{"id":22248,"href":"http:\/\/fmriachuelo.it10.com.ar\/index.php\/wp-json\/wp\/v2\/posts\/814\/revisions\/22248"}],"wp:attachment":[{"href":"http:\/\/fmriachuelo.it10.com.ar\/index.php\/wp-json\/wp\/v2\/media?parent=814"}],"wp:term":[{"taxonomy":"category","embeddable":true,"href":"http:\/\/fmriachuelo.it10.com.ar\/index.php\/wp-json\/wp\/v2\/categories?post=814"},{"taxonomy":"post_tag","embeddable":true,"href":"http:\/\/fmriachuelo.it10.com.ar\/index.php\/wp-json\/wp\/v2\/tags?post=814"}],"curies":[{"name":"wp","href":"https:\/\/api.w.org\/{rel}","templated":true}]}}