{"id":8132,"date":"2018-09-14T15:58:24","date_gmt":"2018-09-14T15:58:24","guid":{"rendered":"http:\/\/fmriachuelo.com.ar\/?p=8132"},"modified":"2018-09-14T15:58:24","modified_gmt":"2018-09-14T15:58:24","slug":"feriazo-en-avellaneda-por-la-soberania-alimentaria","status":"publish","type":"post","link":"http:\/\/fmriachuelo.it10.com.ar\/index.php\/2018\/09\/14\/feriazo-en-avellaneda-por-la-soberania-alimentaria\/","title":{"rendered":"FERIAZO EN AVELLANEDA POR LA SOBERANIA ALIMENTARIA"},"content":{"rendered":"<p>[FM Riachuelo, 14\/09\/2018]\u00a0 Hoy desde el programa \u00abMateando en el Riachuelo\u00bb estuvimos presentes con un m\u00f3vil y en una transmisi\u00f3n conjunta con Radio Ahijuna y Radio Gr\u00e1fica en el \u00abFeriazo en la Estaci\u00f3n Kosteki y Santill\u00e1n\u00bb en Avellaneda, una convocatoria realizada por el Consejo Local Asesor INTA Avellaneda,\u00a0 al que adhirieron\u00a0 la Confederaci\u00f3n de los Trabajadores de la Econom\u00eda Popular de Avellaneda, Casa popular El Fog\u00f3n, Organizaci\u00f3n Los Pibes, El paseo de la Econom\u00eda Popular Mart\u00edn Oso Cisneros, Red de Cultura de Pi\u00f1eiro, Mercado para la Unidad Popular, Mercado Territorial, Movimiento Popular la Dignidad, UNDAV,\u00a0 y UNQUI entre muchas otras organizaciones populares presentes.<\/p>\n<p>El Feriazo se realiz\u00f3 en el marco de la defensa de la Soberan\u00eda Alimentaria, en la semana de la Agricultura Periurbana, para poner en valor el trabajo de todxs lxs compa\u00f1erxs que colaboran a trav\u00e9s de las ferias y mercados populares, y los emprendimientos productivos con la alimentaci\u00f3n de nuestro pueblo.<\/p>\n<p>En el M\u00f3vil hablamos con Mariana compa\u00f1era de la Organizaci\u00f3n Los Pibes quien nos dijo:<em><strong>\u00bb Los compa\u00f1erxs fueron llegando y se arm\u00f3 el Feriazo en la estaci\u00f3n de Avellaneda, la idea no es solo vender sino mostrar lo que hacen las distintas producciones de la Agricultura familiar\u00bb<\/strong><\/em><\/p>\n<p>Despu\u00e9s nos cont\u00f3 que:<em><strong>\u00abTambi\u00e9n hay emprendimientos de textiles,\u00a0 los compa\u00f1erxs traen todo lo que producen para compartirlo a precios populares\u00bb<\/strong><\/em><\/p>\n<p>Ademas se\u00f1al\u00f3 sobre la importancia simb\u00f3lica de este feriazo:\u00a0 <em><strong>\u00abLa gente se detiene a mirar y comprar como se produce para la soberan\u00eda alimentaria, por eso estamos acompa\u00f1ados por las diferentes organizaciones junto al INTA\u00a0 y universidades que adhirieron,\u00a0 ofreciendo por ejemplo productos como las bananas a $20 el kilo, para demostrar que se pueden comercializar buenos productos a precios accesibles para nuestra gente\u00bb.<\/strong><\/em><\/p>\n<p><strong>El Feriazo continu\u00f3 hasta las 13 horas ofreciendo lo mejor de la agricultura familiar para construir la soberan\u00eda alimentaria<\/strong><\/p>\n<p>Escuch\u00e1 la entrevista<br \/>\n<iframe loading=\"lazy\" title=\"ENTEVISTA Mariana Feriazo ev Mateando en el Riachuelo by FMR\" width=\"500\" height=\"400\" scrolling=\"no\" frameborder=\"no\" src=\"https:\/\/w.soundcloud.com\/player\/?visual=true&#038;url=https%3A%2F%2Fapi.soundcloud.com%2Ftracks%2F499873245&#038;show_artwork=true&#038;maxheight=750&#038;maxwidth=500\"><\/iframe><\/p>\n","protected":false},"excerpt":{"rendered":"<p>[FM Riachuelo, 14\/09\/2018]\u00a0 Hoy desde el programa \u00abMateando en el Riachuelo\u00bb estuvimos presentes con un m\u00f3vil y en una transmisi\u00f3n conjunta con Radio Ahijuna y Radio Gr\u00e1fica en el \u00abFeriazo en la Estaci\u00f3n Kosteki y Santill\u00e1n\u00bb en Avellaneda, una convocatoria realizada por el Consejo Local Asesor INTA Avellaneda,\u00a0 al que adhirieron\u00a0 la Confederaci\u00f3n de los [&hellip;]<\/p>\n","protected":false},"author":5,"featured_media":8133,"comment_status":"open","ping_status":"open","sticky":false,"template":"","format":"standard","meta":{"_monsterinsights_skip_tracking":false,"_monsterinsights_sitenote_active":false,"_monsterinsights_sitenote_note":"","_monsterinsights_sitenote_category":0,"jnews-multi-image_gallery":[],"jnews_single_post":[],"jnews_primary_category":[],"_joinchat":[],"footnotes":""},"categories":[80,76,74],"tags":[],"class_list":["post-8132","post","type-post","status-publish","format-standard","has-post-thumbnail","hentry","category-educacion","category-salud-comunitaria","category-san-cayetano"],"_links":{"self":[{"href":"http:\/\/fmriachuelo.it10.com.ar\/index.php\/wp-json\/wp\/v2\/posts\/8132","targetHints":{"allow":["GET"]}}],"collection":[{"href":"http:\/\/fmriachuelo.it10.com.ar\/index.php\/wp-json\/wp\/v2\/posts"}],"about":[{"href":"http:\/\/fmriachuelo.it10.com.ar\/index.php\/wp-json\/wp\/v2\/types\/post"}],"author":[{"embeddable":true,"href":"http:\/\/fmriachuelo.it10.com.ar\/index.php\/wp-json\/wp\/v2\/users\/5"}],"replies":[{"embeddable":true,"href":"http:\/\/fmriachuelo.it10.com.ar\/index.php\/wp-json\/wp\/v2\/comments?post=8132"}],"version-history":[{"count":0,"href":"http:\/\/fmriachuelo.it10.com.ar\/index.php\/wp-json\/wp\/v2\/posts\/8132\/revisions"}],"wp:featuredmedia":[{"embeddable":true,"href":"http:\/\/fmriachuelo.it10.com.ar\/index.php\/wp-json\/"}],"wp:attachment":[{"href":"http:\/\/fmriachuelo.it10.com.ar\/index.php\/wp-json\/wp\/v2\/media?parent=8132"}],"wp:term":[{"taxonomy":"category","embeddable":true,"href":"http:\/\/fmriachuelo.it10.com.ar\/index.php\/wp-json\/wp\/v2\/categories?post=8132"},{"taxonomy":"post_tag","embeddable":true,"href":"http:\/\/fmriachuelo.it10.com.ar\/index.php\/wp-json\/wp\/v2\/tags?post=8132"}],"curies":[{"name":"wp","href":"https:\/\/api.w.org\/{rel}","templated":true}]}}