{"id":8120,"date":"2018-09-13T21:39:08","date_gmt":"2018-09-13T21:39:08","guid":{"rendered":"http:\/\/fmriachuelo.com.ar\/?p=8120"},"modified":"2018-09-13T21:39:08","modified_gmt":"2018-09-13T21:39:08","slug":"justicia-por-nuria-y-natalia-perpetua-para-bonetto","status":"publish","type":"post","link":"http:\/\/fmriachuelo.it10.com.ar\/index.php\/2018\/09\/13\/justicia-por-nuria-y-natalia-perpetua-para-bonetto\/","title":{"rendered":"JUSTICIA POR NURIA Y NATALIA: PERPETUA PARA BONETTO"},"content":{"rendered":"<p><strong>[Por el Colectivo de Medios Populares* 13\/09\/2018]\u00a0El Tribunal Oral en lo Criminal 22 conden\u00f3 a prisi\u00f3n perpetua al asesino de Natalia Grenbenshicova (15) y Nuria Couto (18). Las j\u00f3venes que fueron atacadas a cuchilladas por Mariano Bonetto el 11 de octubre de 2016 en el Parque Irala de La Boca, murieron d\u00edas despu\u00e9s. El asesino hab\u00eda sido declarado inimputable en dos oportunidades.<\/strong><br \/>\nEl Tribunal Oral en lo Criminal 22, conformado por \u00c1ngel Gabriel Nardiello, Patricia Elida Cusmanich y Sergio Adri\u00e1n Paduczak, conden\u00f3 a prisi\u00f3n perpetua a Mariano Bonetto, quien apu\u00f1al\u00f3 a Natalia Grenbenshicova (15) y Nuria Couto (18) el 11 de octubre de 2016 en el Parque Irala de La Boca. Nuria muri\u00f3 el 5 de noviembre. Natalia, apenas unos d\u00edas despu\u00e9s, el 24.<\/p>\n<p>El juicio oral y p\u00fablico hab\u00eda comenzado el 14 de junio, con la querella de los familiares de ambas adolescentes y el acompa\u00f1amiento de amigos y amigas, vecinos de La Boca, alumnos y docentes de la Escuela de Bellas Artes Manuel Belgrano.<\/p>\n<p>Hasta hoy Bonetto estaba detenido en Prisma (\u00e1rea dedicada a los detenidos con problemas psiqui\u00e1tricos) debido a un fallo anterior que lo hab\u00eda declarado inimputable. Hoy estuvo presente en la sala de audiencias algunos minutos. Se neg\u00f3 a hacer uso de su derecho a decir las \u00faltimas palabras y se retir\u00f3 hacia la alcaid\u00eda donde esper\u00f3 la sentencia. Tras la condena de hoy deber\u00e1 ser trasladado a una c\u00e1rcel com\u00fan.<\/p>\n<p>La sentencia de prisi\u00f3n perpetua no fue un\u00e1nime sino por mayor\u00eda. La presidenta del tribunal vot\u00f3 en disidencia pero se desconocen los argumentos que ser\u00e1n le\u00eddos por los jueces el jueves pr\u00f3ximo.<\/p>\n<p><em><strong>\u00abEstoy contenta, m\u00e1s tranquila porque se hizo justicia como la entendemos ac\u00e1. No me va a devolver a Natalia pero por fin algo sali\u00f3 como se debe\u00bb<\/strong><\/em>, dijo emocionada Anna Rodionova, su mam\u00e1, al finalizar el juicio.<\/p>\n<p>\u201cLa fiscal\u00eda hab\u00eda pedido 30 a\u00f1os y las querellas perpetua. Dese\u00e1bamos este fallo pero cre\u00edmos que el Tribunal iba a dar lo pedido por la fiscal\u00eda. Estamos sobrepasados de emociones. La perpetua da la seguridad de que pague como debe ser\u201d, explic\u00f3 Liliana Borysiuk, abogada querellante en representaci\u00f3n de la mam\u00e1 de Natalia.<\/p>\n<p>Carlos Couto, el pap\u00e1 de Nuria, tambi\u00e9n celebr\u00f3 el fallo: \u201cFue ejemplar, no esperaba una perpetua. El debate fue importante para establecer que era una persona en sus cabales. Se pudo revertir ese dictamen m\u00e9dico que hab\u00eda dicho que era inimputable basado en dos entrevistas de 20 minutos. En el juicio oral, en vivo, se pudo escuchar a los testigos, los amigos de Nuria y Natalia, que hablaban de una persona normal que sab\u00eda lo que hac\u00eda, lo mismo que los m\u00e9dicos del Argerich y del Santojanni. As\u00ed nos dimos cuenta que la base de la defensa en la declaraci\u00f3n de inimputabilidad era una estrategia y difer\u00eda con la verdad\u201d.<\/p>\n<p><strong><em>\u201cNada calma el dolor de las familias de Natalia y Nuria. Pero es un alivio, es un fallo ejemplificador y eso nos pone contentos. Y tambi\u00e9n debemos tomar conciencia de que esto sucedi\u00f3 en una plaza p\u00fablica, y le puede pasar a cualquiera, y eso hay que verlo y hacer menci\u00f3n. Estamos desamparados por las fuerzas de seguridad y por un Estado ausente en todo momento\u201d<\/em><\/strong>, se\u00f1al\u00f3 Couto.<\/p>\n<p><strong>*FM Riachuelo, La Retaguardia, Agencia Paco Urondo, Sur Capitalino, Radio Gr\u00e1fica, FM La Caterva<\/strong><\/p>\n<p>A continuaci\u00f3n compartimos la lectura de la sentencia y una entrevista realizada a Anna, mam\u00e1 de Natalia luego de conocerse la condena a Bonetto.<\/p>\n<p><span style=\"color: #ff0000\"><strong><a href=\"https:\/\/radiocut.fm\/audiocut\/entrevista-a-anna-rodionova-habla-de-la-condena-a-mariano-bonetto\/#f=show&amp;l=recent\"><span style=\"color: #ff0000\">Entrevista a Anna<\/span><\/a><\/strong><\/span><\/p>\n<p><span style=\"color: #ff0000\"><strong><a href=\"https:\/\/m.soundcloud.com\/prensa-fm-riachuelo\/13-09-2018-lectura-de-la-sentencia-en-el-juicio-por-nuria-y-natalia\"><span style=\"color: #ff0000\">Lectura de la sentencia<\/span><\/a><\/strong><\/span><\/p>\n<p>&nbsp;<\/p>\n","protected":false},"excerpt":{"rendered":"<p>[Por el Colectivo de Medios Populares* 13\/09\/2018]\u00a0El Tribunal Oral en lo Criminal 22 conden\u00f3 a prisi\u00f3n perpetua al asesino de Natalia Grenbenshicova (15) y Nuria Couto (18). Las j\u00f3venes que fueron atacadas a cuchilladas por Mariano Bonetto el 11 de octubre de 2016 en el Parque Irala de La Boca, murieron d\u00edas despu\u00e9s. El asesino [&hellip;]<\/p>\n","protected":false},"author":5,"featured_media":8121,"comment_status":"open","ping_status":"open","sticky":false,"template":"","format":"standard","meta":{"_monsterinsights_skip_tracking":false,"_monsterinsights_sitenote_active":false,"_monsterinsights_sitenote_note":"","_monsterinsights_sitenote_category":0,"jnews-multi-image_gallery":[],"jnews_single_post":[],"jnews_primary_category":[],"_joinchat":[],"footnotes":""},"categories":[78,79,76],"tags":[],"class_list":["post-8120","post","type-post","status-publish","format-standard","has-post-thumbnail","hentry","category-economia-popular","category-nadie-se-salva-solo","category-salud-comunitaria"],"_links":{"self":[{"href":"http:\/\/fmriachuelo.it10.com.ar\/index.php\/wp-json\/wp\/v2\/posts\/8120","targetHints":{"allow":["GET"]}}],"collection":[{"href":"http:\/\/fmriachuelo.it10.com.ar\/index.php\/wp-json\/wp\/v2\/posts"}],"about":[{"href":"http:\/\/fmriachuelo.it10.com.ar\/index.php\/wp-json\/wp\/v2\/types\/post"}],"author":[{"embeddable":true,"href":"http:\/\/fmriachuelo.it10.com.ar\/index.php\/wp-json\/wp\/v2\/users\/5"}],"replies":[{"embeddable":true,"href":"http:\/\/fmriachuelo.it10.com.ar\/index.php\/wp-json\/wp\/v2\/comments?post=8120"}],"version-history":[{"count":0,"href":"http:\/\/fmriachuelo.it10.com.ar\/index.php\/wp-json\/wp\/v2\/posts\/8120\/revisions"}],"wp:featuredmedia":[{"embeddable":true,"href":"http:\/\/fmriachuelo.it10.com.ar\/index.php\/wp-json\/"}],"wp:attachment":[{"href":"http:\/\/fmriachuelo.it10.com.ar\/index.php\/wp-json\/wp\/v2\/media?parent=8120"}],"wp:term":[{"taxonomy":"category","embeddable":true,"href":"http:\/\/fmriachuelo.it10.com.ar\/index.php\/wp-json\/wp\/v2\/categories?post=8120"},{"taxonomy":"post_tag","embeddable":true,"href":"http:\/\/fmriachuelo.it10.com.ar\/index.php\/wp-json\/wp\/v2\/tags?post=8120"}],"curies":[{"name":"wp","href":"https:\/\/api.w.org\/{rel}","templated":true}]}}