{"id":812,"date":"2015-01-09T02:31:00","date_gmt":"2015-01-09T02:31:00","guid":{"rendered":"http:\/\/fmriachuelo.observatorioess.org.ar\/index.php\/2015\/01\/09\/francia-y-el-atentado-a-la-revista-charlie-hebdo\/"},"modified":"2025-03-25T14:53:28","modified_gmt":"2025-03-25T17:53:28","slug":"francia-y-el-atentado-a-la-revista-charlie-hebdo","status":"publish","type":"post","link":"http:\/\/fmriachuelo.it10.com.ar\/index.php\/2015\/01\/09\/francia-y-el-atentado-a-la-revista-charlie-hebdo\/","title":{"rendered":"FRANCIA Y EL ATENTADO A LA REVISTA CHARLIE HEBDO"},"content":{"rendered":"<p><span style=\"color: red;font-size: large\"><strong>\u00bfUN&nbsp;OTRO PELIGROSO PARA OCCIDENTE?<\/strong><\/span><br \/><span style=\"color: black;font-size: large\"><strong>La masacre de Charlie Hebdo y el peligro de la islamofobia<\/strong><\/span><br \/>&nbsp;[Por Leandro Albani para Revista Sudestada]<\/p>\n<div style=\"clear: both;text-align: center\"><a href=\"http:\/\/2.bp.blogspot.com\/-djUObjDTyak\/VK86uX28UcI\/AAAAAAAACQ8\/e52eMXUkuB8\/s1600\/Francia-3-300x200.jpg\" style=\"margin-left: 1em;margin-right: 1em\"><img decoding=\"async\" border=\"0\" src=\"http:\/\/2.bp.blogspot.com\/-djUObjDTyak\/VK86uX28UcI\/AAAAAAAACQ8\/e52eMXUkuB8\/s1600\/Francia-3-300x200.jpg\" \/><\/a><\/div>\n<p><span style=\"font-family: Verdana, sans-serif\">Un furioso ataque terrorista contra una pol\u00e9mica revista en Francia dej\u00f3 12 muertos. El repudio mundial y el peligro de un aumento de la islamofobia en Europa.<\/p>\n<p> Los disparos que escupieron los fusiles de guerra retumbaron en la calle Richard-Lenoir, rodeada de edificios y hasta ese momento pulcra y ordenada. El p\u00e1nico se apoder\u00f3 de quienes caminaban. El sonido de los perdigonazos no se silenci\u00f3 y las muertes ocurridas ayer en Francia seguramente sonar\u00e1n como balas por muchos d\u00edas, aunque el impacto de lo sucedido todav\u00eda no es claro a cu\u00e1ntos alcanzar\u00e1. Pero algo se configura luego de estos asesinatos en Par\u00eds: una inyecci\u00f3n de islamofobia correr\u00e1 por el torrente sangu\u00edneo de muchas <\/span><a name='more'><\/a><span style=\"font-family: Verdana, sans-serif\">personas, volviendo peligroso \u201cporque s\u00ed\u201d al pueblo musulm\u00e1n y permitiendo que las posiciones m\u00e1s reaccionarias en Francia (y en toda Europa) tengan excusas nuevas para castigar al otro, un otro que siempre es sin\u00f3nimo de \u201cpeligro para Occidente\u201d.<\/p>\n<p>Vestidos de negro, con capuchas y aferrando sus armas autom\u00e1ticas, varios hombres descendieron de un Citroen que qued\u00f3 en medio de la calle. A partir de ese instante la redacci\u00f3n del semanario sat\u00edrico Charlie Hebdo se transform\u00f3 en el blanco principal. La cacer\u00eda dej\u00f3 un saldo de 12 personas muertas, entre las que se encuentran los caricaturistas Jean \u201cCabu\u201d Cabut, Stephane \u201cCharb\u201d Charbonnier, Georges Wolinski y Bernard \u201cTignous\u201d Verlhac, miembros de la revista.<\/p>\n<p> Charlie Hebdo se hizo conocida mundialmente en 2012, luego de publicar varias caricaturas de Mahoma, hecho que desat\u00f3 un amplio repudio entre quienes profesan el Isl\u00e1m. Horas antes del ataque, el semanario hab\u00eda publicado una caricatura del l\u00edder del Estado Isl\u00e1mico (EI), Abu Bakr Al Baghdadi.<\/p>\n<p> Conocida la noticia del ataque, el presidente franc\u00e9s, Fran\u00e7ois Hollande, se traslad\u00f3 a la sede de la revista y asever\u00f3 que \u201csin lugar a dudas\u201d se trata de \u201cun ataque terrorista\u201d. Autom\u00e1ticamente, en toda la naci\u00f3n gala se elev\u00f3 la alerta terrorista y se inici\u00f3 un operativo con tres mil polic\u00edas para dar con los autores de los cr\u00edmenes.<\/p>\n<p> Al cierre de esta edici\u00f3n, las fuerzas de seguridad manten\u00edan rodeado un edificio de Reims donde se encontrar\u00edan los asesinos. En el trascurso del mi\u00e9rcoles, medios internacionales difundieron las identidades de los supuestos implicados: los hermanos Sa\u00efd y Ch\u00e9rif K., nacidos en Par\u00eds en 1980 y 1982 y de origen argelino, y Hamyd M., nacido en 1996 y cuya nacionalidad se desconoce.<\/p>\n<p> Los acusados, seg\u00fan las cadenas de comunicaci\u00f3n, tienen \u201cantecedentes por cooperar con redes yihadistas\u201d. Ch\u00e9rif K fue juzgado en 2005 por formar parte de una c\u00e9lula de env\u00edo de mercenarios a Irak, por lo cual fue condenado entonces a tres a\u00f1os de prisi\u00f3n. La cadena de noticias Russia Today afirm\u00f3 que los hermanos \u201cparticiparon en el conflicto armado en Siria combatiendo junto con los opositores del presidente Bashar Al Assad\u201d y ambos regresaron a Francia meses atr\u00e1s.<\/p>\n<p> La posibilidad de que los autores de los cr\u00edmenes est\u00e9n vinculados al EI o a alg\u00fan grupo terrorista similar tambi\u00e9n fue se\u00f1alada por la cadena libanesa Al Manar, que asever\u00f3 que en Francia se produjo un \u201catentado takfiri\u201d, en referencia a una de las l\u00edneas ideol\u00f3gicas del Isl\u00e1m basada en la m\u00e1xima ortodoxia. Bajo esta ideolog\u00eda, relacionada a posiciones de extrema derecha, combaten muchos de los grupos mercenarios que intentan derrocar al gobierno sirio.<\/p>\n<p><strong> Repudio desde el mundo musulm\u00e1n<\/strong><\/p>\n<p> Perpetrado los asesinatos de los miembros del semanario Charlie Hebdo, un repudio generalizado se escuch\u00f3 en todo el mundo. En Francia se efectuaron movilizaciones espont\u00e1neas en rechazo al atentado.<\/p>\n<p> Desde el mundo isl\u00e1mico tambi\u00e9n el repudio fue claro. La posici\u00f3n m\u00e1s contundente fue expresada por el gobierno de Ir\u00e1n, a trav\u00e9s de la vocera de la Canciller\u00eda, Marzie Afjan. La funcionaria expres\u00f3 que \u201ctodos los actos terroristas contra el pueblo son ajenos a la doctrina y las ense\u00f1anzas del Islam\u201d. Afjan remarc\u00f3 que es \u201cinaceptable\u201d toda forma de mal uso de la libertad de expresi\u00f3n, el radicalismo intelectual y la difamaci\u00f3n contra personalidades que son veneradas por las religiones y naciones, en referencia a las publicaciones de Charlie Hebdo sobre Mahoma.<\/p>\n<p> La vocera iran\u00ed se\u00f1al\u00f3 que los cr\u00edmenes ocurrido son \u201cla continuaci\u00f3n de una ola sin precedentes de extremismo y de violencia f\u00edsica y de pensamiento, que durante la \u00faltima d\u00e9cada se ha desarrollado en el mundo\u201d, generada por \u201clas pol\u00edticas err\u00f3neas y de doble rasero en la lucha contra la violencia y el extremismo\u201d. Afjam pidi\u00f3 a los ulemas y personalidades del mundo del Islam que encabecen un \u201ccombate ideol\u00f3gico contra los nefastos fen\u00f3menos del sectarismo y el extremismo\u201d.<\/p>\n<p>En tanto, el presidente del Consejo Franc\u00e9s del Culto Musulm\u00e1n y rector de la Gran Mezquita de Par\u00eds, Dalil Boubakeur, conden\u00f3 \u201cen nombre de los musulmanes\u201d de la naci\u00f3n gala el \u201chorror del crimen\u201d cometido. Boubaker rechaz\u00f3 cualquier intento de \u201cvincularlo a mi religi\u00f3n, mis correligionarios y el Islam de Francia\u201d.<\/p>\n<p>A su vez, el jefe de la revista Asie-Afrique, Majde Nehmeh, explic\u00f3 que el \u201catentado terrorista tiene lugar en una atm\u00f3sfera de islamofobia transmitida por los medios franceses, especialmente Charlie Hebdo\u201d. Citado por Al Manar, Nehmeh llam\u00f3 a que exista una cooperaci\u00f3n real entre Francia y Siria para combatir al terrorismo.<\/p>\n<p> El periodista Georges Sessine, de origen liban\u00e9s que reside en Francia, record\u00f3 que lo ocurrido se debe a que el \u201capoyo de Francia a los grupos takfiris en Siria e Irak ha repercutido contra Francia\u201d. \u201cM\u00e1s de 350 terroristas takfiris franceses que combatieron en Siria e Irak han vuelto en la actualidad al pa\u00eds\u201d, denunci\u00f3 el periodista. Sobre este punto, la Organizaci\u00f3n de Naciones Unidas (ONU) viene alertando sobre el creciente n\u00famero de europeos que se enrolan en el EI para ir a combatir a Medio Oriente. La Uni\u00f3n Europea estim\u00f3 que al menos diez mil ciudadanos del viejo continente se trasladaron a Siria para sumarse a grupos mercenarios y terroristas. El a\u00f1o pasado, el gobierno de Damasco denunci\u00f3 que unos 250 mil mercenarios fueron reclutados por el EI, el Ej\u00e9rcito Libre Sirio (ELS) y el Frente Al Nusra, de los cuales la gran mayor\u00eda son estadounidenses y europeos.<\/p>\n<p> <strong>La pista del Estado Isl\u00e1mico<\/strong><\/p>\n<p> No es curioso que todos los ca\u00f1ones apunten contra el Estado Isl\u00e1mico. El proceder de este grupo terrorista es similar al de Al Qaeda: sus atentados y asesinatos poco tiempo m\u00e1s tarde sirven como justificaci\u00f3n para intervenciones militares por parte de Estados Unidos y sus aliados. El caso de Siria es el m\u00e1s conocido. Sin capacidad para derrocar al Al Assad, la aparici\u00f3n del EI permiti\u00f3 que Washington bombardeara a esa naci\u00f3n \u00e1rabe. Si bien las operaciones estadounidenses no son de gran magnitud, sus \u201cda\u00f1os colaterales\u201d ya se observan y crecen las denuncias sobre que los blancos en territorio sirio son pozos de petr\u00f3leos o infraestructura para almacenar alimentos.<\/p>\n<p> Pocas horas despu\u00e9s de la masacre de Charlie Hebdo, la agencia Reuters di<br \/>\nfundi\u00f3 el testimonio de Abu Mussab, miembro del EI. \u201cLos leones del Islam han vengado a nuestro Profeta\u201d, manifest\u00f3 el mercenario, que agreg\u00f3: \u201cEstas son las primeras bajas, seguir\u00e1n m\u00e1s\u201d. Mussab dijo que no conoce a los hombres armados que llevaron a cabo el ataque, pero asever\u00f3 que \u201cellos est\u00e1n en el camino del emir (en referencia a Al Baghdadi) y de nuestro jeque Osama (Bin Laden)\u201d. Igualmente, el EI no realiz\u00f3 ninguna declaraci\u00f3n oficial adjudic\u00e1ndose las muertes.<\/p>\n<p> En septiembre pasado, Al Baghdadi llam\u00f3 a atacar a ciudadanos europeos y americanos en sus pa\u00edses \u201ccomo sea\u201d. \u201cSi pueden maten a un infiel americano o europeo, especialmente a los vengativos y sucios franceses, o a un australiano, un canadiense o cualquier infiel de los que promueven la guerra infiel, incluidos los ciudadanos que han entrado en la coalici\u00f3n contra el Estado Isl\u00e1mico\u201d, subrayaba Ab\u00fa Muhamad al Adnani, portavoz del EI.<\/p>\n<p><strong> Las posibles consecuencias<\/strong><\/p>\n<p> Haciendo una lectura r\u00e1pida, y con la informaci\u00f3n difundida desde Francia, no ser\u00eda extra\u00f1o que el EI cargue con todas las culpas por este hecho. El Estado Isl\u00e1mico es un grupo terrorista con un poder econ\u00f3mico y de fuego que desde hace mucho tiempo no se ve\u00eda. Y a su vez es un conglomerado de mercenarios (que cobran entre 500 y 600 d\u00f3lares mensuales) que profesan una l\u00ednea del Islam repudiada por la mayor\u00eda del mundo musulm\u00e1n, salvo excepciones. Y esas excepciones son Qatar y Arabia Saudita, financistas del EI.<\/p>\n<p> Tampoco ser\u00eda extra\u00f1o que las fuerzas pol\u00edticas de la derecha francesa, como el Frente Nacional (FN) de Marine Le Pen y la Uni\u00f3n por un Movimiento Popular (UMP) de Nicolas Sarkozy, ya saquen cuentas y c\u00e1lculos de c\u00f3mo capitalizar estas muertes. Y es sabido que los posibles ataques no ser\u00e1n contra el EI, sino contra los sectores musulmanes m\u00e1s humildes de Francia.<\/p>\n<p> Mientras todo esto sucede, Estados Unidos repudi\u00f3 las muertes y el presidente Barack Obama se puso a disposici\u00f3n de Hollande para combatir el terrorismo. Por supuesto, combatir el terrorismo que azota a Francia, pero no el que divide con sangre a Libia o asesina civiles en Siria.<br \/><\/span><span style=\"color: blue;font-family: Verdana, sans-serif\">Fuente: <\/span><span style=\"color: blue;font-family: Verdana, sans-serif\">www.revistasudestada.com.ar<\/span><span style=\"color: blue;font-family: Verdana, sans-serif\">, Producci\u00f3n Riachuelo<\/span><\/p>\n<div style=\"clear: both;text-align: center\"><a href=\"http:\/\/1.bp.blogspot.com\/-hH_9dtRmeFc\/VK86FapPtcI\/AAAAAAAACQ4\/OOezOL_lHi8\/s1600\/COOP%2BRIACHIUELO%2BPRODUCCIONES.jpg\" style=\"clear: left;float: left;margin-bottom: 1em;margin-right: 1em\"><img loading=\"lazy\" decoding=\"async\" border=\"0\" src=\"http:\/\/1.bp.blogspot.com\/-hH_9dtRmeFc\/VK86FapPtcI\/AAAAAAAACQ4\/OOezOL_lHi8\/s1600\/COOP%2BRIACHIUELO%2BPRODUCCIONES.jpg\" height=\"58\" width=\"200\" \/><\/a><\/div>\n","protected":false},"excerpt":{"rendered":"<p>\u00bfUN&nbsp;OTRO PELIGROSO PARA OCCIDENTE?La masacre de Charlie Hebdo y el peligro de la islamofobia&nbsp;[Por Leandro Albani para Revista Sudestada] Un furioso ataque terrorista contra una pol\u00e9mica revista en Francia dej\u00f3 12 muertos. El repudio mundial y el peligro de un aumento de la islamofobia en Europa. Los disparos que escupieron los fusiles de guerra retumbaron [&hellip;]<\/p>\n","protected":false},"author":4,"featured_media":0,"comment_status":"open","ping_status":"open","sticky":false,"template":"","format":"standard","meta":{"_monsterinsights_skip_tracking":false,"_monsterinsights_sitenote_active":false,"_monsterinsights_sitenote_note":"","_monsterinsights_sitenote_category":0,"jnews-multi-image_gallery":[],"jnews_single_post":{"format":"standard"},"jnews_primary_category":[],"_joinchat":[],"footnotes":""},"categories":[58],"tags":[167],"class_list":["post-812","post","type-post","status-publish","format-standard","hentry","category-noticiariachuelo","tag-politica-internacional"],"_links":{"self":[{"href":"http:\/\/fmriachuelo.it10.com.ar\/index.php\/wp-json\/wp\/v2\/posts\/812","targetHints":{"allow":["GET"]}}],"collection":[{"href":"http:\/\/fmriachuelo.it10.com.ar\/index.php\/wp-json\/wp\/v2\/posts"}],"about":[{"href":"http:\/\/fmriachuelo.it10.com.ar\/index.php\/wp-json\/wp\/v2\/types\/post"}],"author":[{"embeddable":true,"href":"http:\/\/fmriachuelo.it10.com.ar\/index.php\/wp-json\/wp\/v2\/users\/4"}],"replies":[{"embeddable":true,"href":"http:\/\/fmriachuelo.it10.com.ar\/index.php\/wp-json\/wp\/v2\/comments?post=812"}],"version-history":[{"count":1,"href":"http:\/\/fmriachuelo.it10.com.ar\/index.php\/wp-json\/wp\/v2\/posts\/812\/revisions"}],"predecessor-version":[{"id":22249,"href":"http:\/\/fmriachuelo.it10.com.ar\/index.php\/wp-json\/wp\/v2\/posts\/812\/revisions\/22249"}],"wp:attachment":[{"href":"http:\/\/fmriachuelo.it10.com.ar\/index.php\/wp-json\/wp\/v2\/media?parent=812"}],"wp:term":[{"taxonomy":"category","embeddable":true,"href":"http:\/\/fmriachuelo.it10.com.ar\/index.php\/wp-json\/wp\/v2\/categories?post=812"},{"taxonomy":"post_tag","embeddable":true,"href":"http:\/\/fmriachuelo.it10.com.ar\/index.php\/wp-json\/wp\/v2\/tags?post=812"}],"curies":[{"name":"wp","href":"https:\/\/api.w.org\/{rel}","templated":true}]}}