{"id":8113,"date":"2018-09-13T17:50:58","date_gmt":"2018-09-13T17:50:58","guid":{"rendered":"http:\/\/fmriachuelo.com.ar\/?p=8113"},"modified":"2018-09-13T17:50:58","modified_gmt":"2018-09-13T17:50:58","slug":"movilizacion-y-repudio-por-el-secuestro-y-tortura-de-corina-de-bonis","status":"publish","type":"post","link":"http:\/\/fmriachuelo.it10.com.ar\/index.php\/2018\/09\/13\/movilizacion-y-repudio-por-el-secuestro-y-tortura-de-corina-de-bonis\/","title":{"rendered":"MOVILIZACI\u00d3N Y REPUDIO POR EL SECUESTRO Y TORTURA DE CORINA DE BONIS"},"content":{"rendered":"<p><strong>[FM Riachuelo 13\/09\/2018] Ayer a \u00faltima hora se conoci\u00f3 el secuestro y tortura a la docente Corina de Bonis de Moreno provincia de Buenos Aires. Seg\u00fan la denuncia que realiz\u00f3 el Secretario General de SUTEBA Roberto Baradel, \u201cle pusieron una bolsa en la cabeza y le escribieron con un punz\u00f3n en la panza no a las ollas\u201d. Esto en el marco de la pelea que viene dando la comunidad educativa de Moreno, para denunciar la situaci\u00f3n de crisis general que atraviesan hace m\u00e1s de cuarenta d\u00edas las instituciones por la tragedia en la Escuela N\u00b0 49, que le cost\u00f3 la vida a Sandra y Rub\u00e9n.<\/strong><\/p>\n<p>El hecho ocurri\u00f3\u00a0 el mismo d\u00eda en que las organizaciones sociales realizaron la jornada de ollas Populares\u00a0 en la avenida 9 de Julio y antes del paro general, convocado por CTERA en todos los niveles de la educaci\u00f3n, por todas las reivindicaciones que vienen reclamando lxs trabajadorxs de la educaci\u00f3n. Esta ma\u00f1ana el pueblo de Moreno se organiz\u00f3 y moviliz\u00f3 en una masiva y multisectorial marcha\u00a0 para demostrar los lazos de solidaridad y unidad que en la localidad viene generando la resistencia a las pol\u00edticas de ajuste, y de muerte, del gobierno de la provincia de Buenos Aires que genera el gobierno de Vidal.<\/p>\n<p>FM Riachuelo estuvo presente y entrevist\u00f3 a Esteban \u201cGringo\u201d Castro, Secretario General de la CTEP, y referente de la localidad de Moreno que viene trabajando en el territorio desde hace muchos a\u00f1os.\u00a0 Expres\u00f3: \u201clo primero que aparece, es que te genere miedo y que te hagas para atr\u00e1s y nosotros creemos que precisamente cuando pasan estas cosas, lo primero que hay que hacer es salir a la calle y demostrar que vamos a seguir profundizando la unidad\u201d.<\/p>\n<p><img loading=\"lazy\" decoding=\"async\" class=\"alignnone size-full wp-image-8116\" src=\"http:\/\/fmriachuelo.com.ar\/wp-content\/uploads\/2018\/09\/WhatsApp-Image-2018-09-13-at-2.26.36-PM.jpeg\" alt=\"\" width=\"1280\" height=\"854\" \/><\/p>\n<p>Tambi\u00e9n conversamos con Roberto Baradel, Secretario General de SUTEBA, que aseguro indignado, \u201cEs un hecho muy simb\u00f3lico: lastimar a una docente por darle de comer a lxs pibxs\u201d. Y agrego: \u201cel mensaje es que no levantemos la voz, que nos callemos la boca y que no salgamos a defender los derechos como venimos haciendo, quieren intimidar, amedrentar, quieren impedir que la protesta se extienda, y no lo van a conseguir de ninguna manera\u201d.<\/p>\n<p><img loading=\"lazy\" decoding=\"async\" class=\"alignnone size-full wp-image-8115\" src=\"http:\/\/fmriachuelo.com.ar\/wp-content\/uploads\/2018\/09\/WhatsApp-Image-2018-09-13-at-2.26.23-PM.jpeg\" alt=\"\" width=\"1280\" height=\"854\" \/><\/p>\n<p>Desde el barrio de La Boca, distintas organizaciones como la\u00a0 Organizaci\u00f3n Social y Pol\u00edtica Los Pibes, La Casa Popular el Patio, Casa Popular el Fog\u00f3n desde Avellaneda, se solidarizaron acompa\u00f1ando la movilizaci\u00f3n con la lucha que lleva adelante la comunidad educativa de Moreno.<\/p>\n<p>&nbsp;<\/p>\n<p>&nbsp;<\/p>\n<p>&nbsp;<\/p>\n","protected":false},"excerpt":{"rendered":"<p>[FM Riachuelo 13\/09\/2018] Ayer a \u00faltima hora se conoci\u00f3 el secuestro y tortura a la docente Corina de Bonis de Moreno provincia de Buenos Aires. Seg\u00fan la denuncia que realiz\u00f3 el Secretario General de SUTEBA Roberto Baradel, \u201cle pusieron una bolsa en la cabeza y le escribieron con un punz\u00f3n en la panza no a [&hellip;]<\/p>\n","protected":false},"author":5,"featured_media":8114,"comment_status":"open","ping_status":"open","sticky":false,"template":"","format":"standard","meta":{"_monsterinsights_skip_tracking":false,"_monsterinsights_sitenote_active":false,"_monsterinsights_sitenote_note":"","_monsterinsights_sitenote_category":0,"jnews-multi-image_gallery":[],"jnews_single_post":[],"jnews_primary_category":[],"_joinchat":[],"footnotes":""},"categories":[79,76],"tags":[],"class_list":["post-8113","post","type-post","status-publish","format-standard","has-post-thumbnail","hentry","category-nadie-se-salva-solo","category-salud-comunitaria"],"_links":{"self":[{"href":"http:\/\/fmriachuelo.it10.com.ar\/index.php\/wp-json\/wp\/v2\/posts\/8113","targetHints":{"allow":["GET"]}}],"collection":[{"href":"http:\/\/fmriachuelo.it10.com.ar\/index.php\/wp-json\/wp\/v2\/posts"}],"about":[{"href":"http:\/\/fmriachuelo.it10.com.ar\/index.php\/wp-json\/wp\/v2\/types\/post"}],"author":[{"embeddable":true,"href":"http:\/\/fmriachuelo.it10.com.ar\/index.php\/wp-json\/wp\/v2\/users\/5"}],"replies":[{"embeddable":true,"href":"http:\/\/fmriachuelo.it10.com.ar\/index.php\/wp-json\/wp\/v2\/comments?post=8113"}],"version-history":[{"count":0,"href":"http:\/\/fmriachuelo.it10.com.ar\/index.php\/wp-json\/wp\/v2\/posts\/8113\/revisions"}],"wp:featuredmedia":[{"embeddable":true,"href":"http:\/\/fmriachuelo.it10.com.ar\/index.php\/wp-json\/"}],"wp:attachment":[{"href":"http:\/\/fmriachuelo.it10.com.ar\/index.php\/wp-json\/wp\/v2\/media?parent=8113"}],"wp:term":[{"taxonomy":"category","embeddable":true,"href":"http:\/\/fmriachuelo.it10.com.ar\/index.php\/wp-json\/wp\/v2\/categories?post=8113"},{"taxonomy":"post_tag","embeddable":true,"href":"http:\/\/fmriachuelo.it10.com.ar\/index.php\/wp-json\/wp\/v2\/tags?post=8113"}],"curies":[{"name":"wp","href":"https:\/\/api.w.org\/{rel}","templated":true}]}}