{"id":811,"date":"2015-01-09T12:09:00","date_gmt":"2015-01-09T12:09:00","guid":{"rendered":"http:\/\/fmriachuelo.observatorioess.org.ar\/index.php\/2015\/01\/09\/rosario-recuerdan-el-asesinato-de-la-militante-mercedes-delgado\/"},"modified":"2025-03-25T14:57:15","modified_gmt":"2025-03-25T17:57:15","slug":"rosario-recuerdan-el-asesinato-de-la-militante-mercedes-delgado","status":"publish","type":"post","link":"http:\/\/fmriachuelo.it10.com.ar\/index.php\/2015\/01\/09\/rosario-recuerdan-el-asesinato-de-la-militante-mercedes-delgado\/","title":{"rendered":"ROSARIO: RECUERDAN EL ASESINATO DE LA MILITANTE MERCEDES DELGADO"},"content":{"rendered":"<p><span style=\"color: black;font-family: Verdana, sans-serif\"><strong>DERECHOS HUMANOS<\/strong><\/span>&nbsp;&nbsp; <\/p>\n<div align=\"left\" style=\"clear: both;text-align: center\">&nbsp;<\/div>\n<div style=\"clear: both;text-align: left\"><span style=\"color: red;font-family: Verdana\"><span style=\"font-size: large\"><strong>Dos a\u00f1os sin Mercedes Delgado y un renovado reclamo de justicia<\/strong><\/span>&nbsp;<\/span><span style=\"color: red\"><span style=\"font-family: Verdana, sans-serif\">&nbsp;<\/span><\/span><\/div>\n<div style=\"clear: both;text-align: center\"><a href=\"http:\/\/3.bp.blogspot.com\/-e2MIhGh0oxk\/VK_DGlHrwVI\/AAAAAAAACRM\/hesoFTakxaM\/s1600\/mercedes.jpg\" style=\"clear: left;float: left;margin-bottom: 1em;margin-right: 1em\"><img loading=\"lazy\" decoding=\"async\" border=\"0\" src=\"http:\/\/3.bp.blogspot.com\/-e2MIhGh0oxk\/VK_DGlHrwVI\/AAAAAAAACRM\/hesoFTakxaM\/s1600\/mercedes.jpg\" height=\"168\" width=\"320\" \/><\/a><\/div>\n<div><span style=\"font-family: Verdana, sans-serif\">[<strong>Por Francisco Farina] A dos a\u00f1os del asesinato de Mercedes Delgado, quien fuera alcanzada por la bala de una disputa narco en Rosario, Marcha dialog\u00f3 con Juan Ponce, uno de sus hijos. Hoy(08\/01), familiares y organizaciones sociales se movilizan en reclamo de justicia. <\/p>\n<p>Se cumplen dos a\u00f1os del asesinato de Mercedes \u00abMecha\u00bb Delgado en el barrio de Ludue\u00f1a, Rosario, pero con un contexto novedoso. Luego de la movilizaci\u00f3n y exigencia de justicia, el autor material que estuvo pr\u00f3fugo por m\u00e1s de un a\u00f1o y medio, hoy est\u00e1 procesado por la justicia. Hoy se realizar\u00e1 una concentraci\u00f3n y posteriormente un acto y festival frente a los tribunales rosarinos.<\/strong><\/span><\/div>\n<div style=\"clear: both;text-align: center\"><\/div>\n<div style=\"clear: both;text-align: left\"><a name='more'><\/a><span style=\"font-family: Verdana, sans-serif\">La Mecha sigue encendida<\/p>\n<p>A Mercedes la conoc\u00edan en el barrio como Mecha. Ten\u00eda 50 a\u00f1os y militaba en Ludue\u00f1a, colaboraba en el comedor comunitario y hab\u00eda comenzado sus trabajos desde el cristianismo de base.<\/p>\n<p>El 9 de enero de 2013, la disputa narco se cobraba una vida m\u00e1s: al escuchar una balacera entre bandas que se disputaban el territorio, Mecha sali\u00f3 de su casa para buscar a su hijo de 13 a\u00f1os. Una bala la hiri\u00f3 en la espalda y falleci\u00f3 horas m\u00e1s tarde en el hospital.<\/p>\n<p>El comedor del Centro Comunitario San Cayetano era el lugar donde realizaba sus trabajos y su militancia social. Tambi\u00e9n, por eso mismo, fue el lugar que sus familiares y compa\u00f1eros eligieron para despedirla y velarla.<\/p>\n<p>Juan Ponce, unos de los cinco hijos de Mecha, le cont\u00f3 a Marcha: \u201cque en el barrio la recuerdan con una sonrisa, ya que era muy alegre. Los compa\u00f1eros la recuerdan con alegr\u00eda. Su trabajo consisti\u00f3 en ayudar y dar a la gente humilde todo lo que m\u00e1s pod\u00eda\u201d. En relaci\u00f3n con la militancia en el barrio Juan destac\u00f3: \u201csu trabajo militante fue de 20 a\u00f1os, tambi\u00e9n fue catequista durante el mismo tiempo.Ten\u00eda talleres en su casa para que los chicos no est\u00e9n en la calle y daba talleres de costura para que las do\u00f1as tengan alguna salida laboral\u201d.<\/p>\n<p>Pero como dicen por Ludue\u00f1a, \u201cla Mecha sigue encendida\u201d, el ejemplo de Mercedes sigue en pie y con su recuerdo, distintas actividades. Juan explic\u00f3 que \u201choy por hoy se est\u00e1 haciendo un taller de cumbia para ni\u00f1os que se form\u00f3 despu\u00e9s de su p\u00e9rdida, donde los pibes hacen un homenaje con su m\u00fasica\u201d. Tambi\u00e9n cont\u00f3 que no se siente  solo y que recibe mucho apoyo: \u201cnos acompa\u00f1an organizaciones sociales, militantes y gente humilde de las barriadas de Rosario que se siente identificada con Mecha, por su humilde trabajo\u201d.<\/p>\n<p>La causa<\/p>\n<p>Por las declaraciones de los testigos se logr\u00f3 saber que H\u00e9ctor Riquelme fue el autor material de los hechos y el responsable de la bala que alcanz\u00f3 a la Mecha, y por eso estuvo pr\u00f3fugo por m\u00e1s de un a\u00f1o y medio. Finalmente, fue procesado el pasado 29 de diciembre por Irma Bilotta, jueza de Instrucci\u00f3n 10\u00b0 y actualmente se encuentra imputado como responsable de \u201chomicidio agravado por uso de arma de fuego\u201d. Con este nuevo panorama y al cumplirse un nuevo aniversario del asesinato, los familiares y compa\u00f1eros decidieron profundizar sus luchas para lograr una condena efectiva.<\/p>\n<p>Respecto de ambos temas, Juan expres\u00f3: \u201cEn lo judicial estamos peleando por mantener un procesamiento de homicidio simple con portaci\u00f3n de arma de guerra y participaci\u00f3n de un menor que tambi\u00e9n est\u00e1 acusado de coautor de homicidio entre bandas\u201d.<\/p>\n<p>Nuevamente, se activan y llevan adelante las investigaciones s\u00f3lo cuando los acontecimientos est\u00e1n acompa\u00f1ados e impulsados por la lucha de las distintas organizaciones de los territorios. Pero las situaciones de violencia y disputas narcos en el territorio todav\u00eda siguen sin resolverse. El mi\u00e9rcoles pasado, tambi\u00e9n en el barrio de Ludue\u00f1a, un joven fue asesinado tras una discusi\u00f3n con un supuesto narco del barrio. Los vecinos y familiares destrozaron la casa y el b\u00fanker de quien es se\u00f1alado como responsable.<\/p>\n<p>Acto y festival cultural<\/p>\n<p>Bajo el lema \u201cLa Mecha arde m\u00e1s que nunca\u201d hoy a las cinco de la tarde se realizar\u00e1 una concentraci\u00f3n y movilizaci\u00f3n para finalizar un acto y festival cultural frente a los tribunales provinciales de Rosario. Juan Ponce convoc\u00f3 a todos los rosarinos:  \u201clos esperamos, los necesitamos, la justicia la construimos entre todos\u201d.<\/p>\n<p>En la convocatoria realizada se llama a la solidaridad y participaci\u00f3n de \u201ctodas las organizaciones del campo popular, a los vecinos y vecinas, y a todo aquel que se sienta interpeladx, a participar de esta nueva jornada de lucha (\u2026). Seguimos necesitando la participaci\u00f3n de todos y todas para demostrar que no estamos solxs, que somos m\u00e1s, y que no nos vamos a dejar vencer por la fragmentaci\u00f3n que impone el sistema\u201d.<\/p>\n<p>Adem\u00e1s, como parte de la solidaridad de distintas organizaciones, en  Buenos Aires se realizar\u00e1 la entrega de una carta  a autoridades de la Casa de la provincia de Santa Fe en la que se exige justicia y que cuenta con adhesiones de distintos organismos y personalidades de Derechos Humanos.<\/p>\n<p><span style=\"color: blue\">Fuente: Revista Marcha, Producci\u00f3n Riachuelo<\/span><\/span><br \/><a href=\"http:\/\/2.bp.blogspot.com\/-pAO1T_rkG3s\/VK_EpajGadI\/AAAAAAAACRY\/voTVNgGYE4o\/s1600\/COOP%2BRIACHIUELO%2BPRODUCCIONES.jpg\" style=\"clear: left;float: left;margin-bottom: 1em;margin-right: 1em\"><\/a><a href=\"http:\/\/2.bp.blogspot.com\/-pAO1T_rkG3s\/VK_EpajGadI\/AAAAAAAACRY\/voTVNgGYE4o\/s1600\/COOP%2BRIACHIUELO%2BPRODUCCIONES.jpg\" style=\"clear: left;float: left;margin-bottom: 1em;margin-right: 1em\"><img loading=\"lazy\" decoding=\"async\" border=\"0\" src=\"http:\/\/2.bp.blogspot.com\/-pAO1T_rkG3s\/VK_EpajGadI\/AAAAAAAACRY\/voTVNgGYE4o\/s1600\/COOP%2BRIACHIUELO%2BPRODUCCIONES.jpg\" height=\"58\" width=\"200\" \/><\/a><br \/><a href=\"http:\/\/2.bp.blogspot.com\/-pAO1T_rkG3s\/VK_EpajGadI\/AAAAAAAACRY\/voTVNgGYE4o\/s1600\/COOP%2BRIACHIUELO%2BPRODUCCIONES.jpg\" style=\"clear: left;float: left;margin-bottom: 1em;margin-right: 1em\">&nbsp;<\/a><\/p>\n<p><\/p>\n<div style=\"clear: both;text-align: left\"><span style=\"font-family: Verdana, sans-serif\"><\/p>\n<p>&nbsp;<\/span><span style=\"color: red\"><span style=\"font-family: Verdana, sans-serif\"><\/span><\/span><span style=\"font-family: Verdana, sans-serif\"><\/span>\ufeff<\/div>\n<h2>&nbsp;<\/h2>\n<\/div>\n","protected":false},"excerpt":{"rendered":"<p>DERECHOS HUMANOS&nbsp;&nbsp; &nbsp; Dos a\u00f1os sin Mercedes Delgado y un renovado reclamo de justicia&nbsp;&nbsp; [Por Francisco Farina] A dos a\u00f1os del asesinato de Mercedes Delgado, quien fuera alcanzada por la bala de una disputa narco en Rosario, Marcha dialog\u00f3 con Juan Ponce, uno de sus hijos. Hoy(08\/01), familiares y organizaciones sociales se movilizan en reclamo [&hellip;]<\/p>\n","protected":false},"author":4,"featured_media":0,"comment_status":"open","ping_status":"open","sticky":false,"template":"","format":"standard","meta":{"_monsterinsights_skip_tracking":false,"_monsterinsights_sitenote_active":false,"_monsterinsights_sitenote_note":"","_monsterinsights_sitenote_category":0,"jnews-multi-image_gallery":[],"jnews_single_post":{"format":"standard"},"jnews_primary_category":[],"_joinchat":[],"footnotes":""},"categories":[58],"tags":[119,147],"class_list":["post-811","post","type-post","status-publish","format-standard","hentry","category-noticiariachuelo","tag-derechos-humanos","tag-habitat"],"_links":{"self":[{"href":"http:\/\/fmriachuelo.it10.com.ar\/index.php\/wp-json\/wp\/v2\/posts\/811","targetHints":{"allow":["GET"]}}],"collection":[{"href":"http:\/\/fmriachuelo.it10.com.ar\/index.php\/wp-json\/wp\/v2\/posts"}],"about":[{"href":"http:\/\/fmriachuelo.it10.com.ar\/index.php\/wp-json\/wp\/v2\/types\/post"}],"author":[{"embeddable":true,"href":"http:\/\/fmriachuelo.it10.com.ar\/index.php\/wp-json\/wp\/v2\/users\/4"}],"replies":[{"embeddable":true,"href":"http:\/\/fmriachuelo.it10.com.ar\/index.php\/wp-json\/wp\/v2\/comments?post=811"}],"version-history":[{"count":1,"href":"http:\/\/fmriachuelo.it10.com.ar\/index.php\/wp-json\/wp\/v2\/posts\/811\/revisions"}],"predecessor-version":[{"id":22250,"href":"http:\/\/fmriachuelo.it10.com.ar\/index.php\/wp-json\/wp\/v2\/posts\/811\/revisions\/22250"}],"wp:attachment":[{"href":"http:\/\/fmriachuelo.it10.com.ar\/index.php\/wp-json\/wp\/v2\/media?parent=811"}],"wp:term":[{"taxonomy":"category","embeddable":true,"href":"http:\/\/fmriachuelo.it10.com.ar\/index.php\/wp-json\/wp\/v2\/categories?post=811"},{"taxonomy":"post_tag","embeddable":true,"href":"http:\/\/fmriachuelo.it10.com.ar\/index.php\/wp-json\/wp\/v2\/tags?post=811"}],"curies":[{"name":"wp","href":"https:\/\/api.w.org\/{rel}","templated":true}]}}