{"id":8104,"date":"2018-09-13T15:44:47","date_gmt":"2018-09-13T15:44:47","guid":{"rendered":"http:\/\/fmriachuelo.com.ar\/?p=8104"},"modified":"2018-09-13T15:44:47","modified_gmt":"2018-09-13T15:44:47","slug":"jornada-nacional-de-lucha-de-los-movimientos-populares","status":"publish","type":"post","link":"http:\/\/fmriachuelo.it10.com.ar\/index.php\/2018\/09\/13\/jornada-nacional-de-lucha-de-los-movimientos-populares\/","title":{"rendered":"JORNADA NACIONAL DE LUCHA DE LOS MOVIMIENTOS POPULARES"},"content":{"rendered":"<p><strong>[FM Riachuelo 13\/09\/2018]Miles de trabajadores y trabajadoras nucleados en la CTEP, Barrios de Pie y la CCC, llevaron adelante una concentraci\u00f3n y movilizaron con ollas populares\u00a0 hacia la Avenida 9 de Julio, para exigir entre otras cosas\u00a0 la Emergencia Alimentaria. En el marco de plan de lucha iniciado la semana pasada \u00a0ante la crisis econ\u00f3mica, y el plan de ajuste que sostiene el Gobierno Nacional. Adhirieron a la masiva marcha distintas organizaciones sindicales.<\/strong><\/p>\n<p><img loading=\"lazy\" decoding=\"async\" class=\"alignnone size-full wp-image-8109\" src=\"http:\/\/fmriachuelo.com.ar\/wp-content\/uploads\/2018\/09\/ollaspopulares-4-3.jpg\" alt=\"\" width=\"2048\" height=\"1367\" \/><\/p>\n<p>Fm Riachuelo estuvo presente en la calle, acompa\u00f1ando y solidariz\u00e1ndose con lxs trabajadorxs del Ministerio de Salud, que ha sido eliminado recientemente por el gobierno de Cambiemos y que vienen sufriendo el ajuste. La Organizaci\u00f3n Social y Pol\u00edtica Los Pibes a la par realiz\u00f3 una olla popular para compartir entre los compa\u00f1eros de distintas identidades pol\u00edticas presentes en la movilizaci\u00f3n.<\/p>\n<p><img loading=\"lazy\" decoding=\"async\" class=\"alignnone size-full wp-image-8108\" src=\"http:\/\/fmriachuelo.com.ar\/wp-content\/uploads\/2018\/09\/ollaspopulares-6-copia-1.jpg\" alt=\"\" width=\"2048\" height=\"1365\" \/><\/p>\n<p><em>\u201cEsta es una gran jornada de lucha de los movimientos, confluyendo con otras expresiones del movimiento popular. Con una clara demostraci\u00f3n de un pueblo decidido a resistir las pol\u00edticas de hambre y saqueo. Por lo tanto, volvemos a entender que la calle y la lucha es el mejor camino\u00a0 de \u00a0ir construyendo la unidad de la organizaci\u00f3n para resistir y para construir otra sociedad en donde los nuestros tengan futuro\u201d<\/em>, expres\u00f3 Lito Borello Secretario de Derechos Humanos de la CTEP.<\/p>\n<p>Tambi\u00e9n Hugo \u00abCachorro\u00bb Godoy Secretario General de ATE, expres\u00f3,<em> \u00abCompa\u00f1eras, compa\u00f1eros: movilizaciones, ollas populares como esta, que nos encuentra hermanados en esta avenida fundamental de la Ciudad Aut\u00f3noma de Buenos Aires, parando movilizando, cortando rutas, dici\u00e9ndole al gobierno y a la sociedad Argentina que lxs trabajadorxs con empleo y sin empleo, los cooperativistas, los campesinos, los estatales y privados queremos trabajo, producci\u00f3n y soberan\u00eda. Es imposible pensar un pa\u00eds con justicia,si no es un pa\u00eds soberano\u00bb.\u00a0\u00a0<\/em><\/p>\n<p>H\u00e9ctor Carrica Secretario de Derechos Humanos de ATE durante su discurso repudi\u00f3 la eliminaci\u00f3n del Ministerio de Salud <em>\u201ccon la eliminaci\u00f3n del Ministerio perdemos la soberan\u00eda sanitaria nacional. El derecho a la salud est\u00e1 en riesgo, no es casualidad que se cambie la salud por el mercado, no hay ninguna garant\u00eda para asistir a nuestra poblaci\u00f3n. Lxs \u00fanicos que nos dan garant\u00edas son nuestros compa\u00f1eros y compa\u00f1eras que se movilizan en la calle como lo demostraron hoy\u00bb.<\/em><\/p>\n<p>Esteban Gringo Castro Secretario General de la CTEP, en el acto de cierre dijo entre otras cosas,<em>\u201centendiendo que somos nosotros los que cumplimos con lo que acordamos \u00a0y lo que prometemos en asamblea, es hora de que planteemos la pol\u00edtica no en t\u00e9rminos electorales, en eso que cada uno haga lo que quiera, sino en t\u00e9rminos estrat\u00e9gicos. La pol\u00edtica estrat\u00e9gica de los trabajadores es la unidad, es la acci\u00f3n. Y nuestra concepci\u00f3n es que \u00a0todos tienen que estar adentro y es en la lucha donde vamos a permitir que nuestro pueblo construya finalmente la victoria\u201d, adem\u00e1s ratific\u00f3 su apoyo\u00a0 al \u00a0paro del 25 de septiembre \u00a0dispuesto por la Confederaci\u00f3n General de Trabajo \u201csi nos siguen explotando nosotros le paramos el pa\u00eds\u201d. \u00a0<\/em><\/p>\n<p>A continuaci\u00f3n compartimos la Cobertura Riachuelo completa<\/p>\n<p><span style=\"color: #ff0000\"><strong><a href=\"https:\/\/soundcloud.com\/prensa-fm-riachuelo\/12-09-2018-gringo-castro-sg-ctep-es-hora-q-plantiemos-la-politica-estrategica-cierre?in=prensa-fm-riachuelo\/sets\/12-09-2018-cobertura-riachuelo\"><span style=\"color: #ff0000\">#COBERTURARIACHUELO<\/span><\/a><\/strong><\/span><\/p>\n","protected":false},"excerpt":{"rendered":"<p>[FM Riachuelo 13\/09\/2018]Miles de trabajadores y trabajadoras nucleados en la CTEP, Barrios de Pie y la CCC, llevaron adelante una concentraci\u00f3n y movilizaron con ollas populares\u00a0 hacia la Avenida 9 de Julio, para exigir entre otras cosas\u00a0 la Emergencia Alimentaria. En el marco de plan de lucha iniciado la semana pasada \u00a0ante la crisis econ\u00f3mica, [&hellip;]<\/p>\n","protected":false},"author":5,"featured_media":8107,"comment_status":"open","ping_status":"open","sticky":false,"template":"","format":"standard","meta":{"_monsterinsights_skip_tracking":false,"_monsterinsights_sitenote_active":false,"_monsterinsights_sitenote_note":"","_monsterinsights_sitenote_category":0,"jnews-multi-image_gallery":[],"jnews_single_post":[],"jnews_primary_category":[],"_joinchat":[],"footnotes":""},"categories":[78,76,74,75],"tags":[],"class_list":["post-8104","post","type-post","status-publish","format-standard","has-post-thumbnail","hentry","category-economia-popular","category-salud-comunitaria","category-san-cayetano","category-trabajo"],"_links":{"self":[{"href":"http:\/\/fmriachuelo.it10.com.ar\/index.php\/wp-json\/wp\/v2\/posts\/8104","targetHints":{"allow":["GET"]}}],"collection":[{"href":"http:\/\/fmriachuelo.it10.com.ar\/index.php\/wp-json\/wp\/v2\/posts"}],"about":[{"href":"http:\/\/fmriachuelo.it10.com.ar\/index.php\/wp-json\/wp\/v2\/types\/post"}],"author":[{"embeddable":true,"href":"http:\/\/fmriachuelo.it10.com.ar\/index.php\/wp-json\/wp\/v2\/users\/5"}],"replies":[{"embeddable":true,"href":"http:\/\/fmriachuelo.it10.com.ar\/index.php\/wp-json\/wp\/v2\/comments?post=8104"}],"version-history":[{"count":0,"href":"http:\/\/fmriachuelo.it10.com.ar\/index.php\/wp-json\/wp\/v2\/posts\/8104\/revisions"}],"wp:featuredmedia":[{"embeddable":true,"href":"http:\/\/fmriachuelo.it10.com.ar\/index.php\/wp-json\/"}],"wp:attachment":[{"href":"http:\/\/fmriachuelo.it10.com.ar\/index.php\/wp-json\/wp\/v2\/media?parent=8104"}],"wp:term":[{"taxonomy":"category","embeddable":true,"href":"http:\/\/fmriachuelo.it10.com.ar\/index.php\/wp-json\/wp\/v2\/categories?post=8104"},{"taxonomy":"post_tag","embeddable":true,"href":"http:\/\/fmriachuelo.it10.com.ar\/index.php\/wp-json\/wp\/v2\/tags?post=8104"}],"curies":[{"name":"wp","href":"https:\/\/api.w.org\/{rel}","templated":true}]}}