{"id":81,"date":"2015-09-01T16:31:00","date_gmt":"2015-09-01T16:31:00","guid":{"rendered":"http:\/\/fmriachuelo.observatorioess.org.ar\/index.php\/2015\/09\/01\/la-boca-a-remate-el-comedor-esperanza\/"},"modified":"2025-05-13T16:10:21","modified_gmt":"2025-05-13T19:10:21","slug":"la-boca-a-remate-el-comedor-esperanza","status":"publish","type":"post","link":"http:\/\/fmriachuelo.it10.com.ar\/index.php\/2015\/09\/01\/la-boca-a-remate-el-comedor-esperanza\/","title":{"rendered":"LA BOCA: A REMATE EL COMEDOR \u00abESPERANZA\u00bb"},"content":{"rendered":"<p><span style=\"color: red;font-family: Verdana, sans-serif;font-size: large\"><b>DESAMPARADOS<\/b><\/span><\/p>\n<div style=\"clear: both;text-align: center\"><\/div>\n<p><\/p>\n<div style=\"clear: both;text-align: center\"><a href=\"http:\/\/2.bp.blogspot.com\/-oCoJOuEXm_Y\/VeXRzXosUmI\/AAAAAAAAGNE\/5-n0SMtqSjc\/s1600\/esperanza.jpg\" style=\"clear: left;float: left;margin-bottom: 1em;margin-right: 1em\"><img decoding=\"async\" border=\"0\" src=\"http:\/\/2.bp.blogspot.com\/-oCoJOuEXm_Y\/VeXRzXosUmI\/AAAAAAAAGNE\/5-n0SMtqSjc\/s1600\/esperanza.jpg\" \/><\/a><\/div>\n<p><span style=\"font-family: Verdana, sans-serif;text-align: justify\">En el d\u00eda de la fecha a las 10:15 hrs el inmueble donde funciona el comedor comunitario Esperanza de La Boca, sera puesto a remate, nos solidarizamos con la gente que lleva adelante la tarea de dar de comer todos los d\u00edas a decenas de ni\u00f1os del barrio y vemos con gran preocupaci\u00f3n que una vez m\u00e1s la especulaci\u00f3n inmobiliaria, fomentada desde el Estado porte\u00f1o en la acci\u00f3n y en la omisi\u00f3n, atente y atropelle los derechos de los pibes y pibas de nuestro barrio.&nbsp;<\/span><br \/><span style=\"font-family: Verdana, sans-serif\"><\/p>\n<div style=\"text-align: justify\">Las autoridades de la instituci\u00f3n junto a padres y acompa\u00f1ados por distintas entidades del barrio se har\u00e1n presentes en el remate para tratar de impedirlo y exigir una prorroga que permita buscar una soluci\u00f3n que contemple la grave situaci\u00f3n que implicar\u00eda el cierre del comedor y las actividades que all\u00ed se desarrollan.&nbsp;<\/div>\n<div style=\"text-align: justify\">El remate se llevara adelante en la calle Jean Jaures 545, CABA.<\/div>\n<div style=\"text-align: justify\">Desde La Boca Resiste Y Propone Lbrp nos solidarizamos con el comedor Esperanza de La Boca y con todos los pibes y pibas que comen todos los d\u00edas all\u00ed.<\/div>\n<div style=\"text-align: justify\"><\/div>\n<div style=\"text-align: justify\"><span style=\"color: blue\">La Boca Resiste y Propone, Producci\u00f3n Riachuelo<\/span><\/div>\n<p><\/span><\/p>\n","protected":false},"excerpt":{"rendered":"<p>DESAMPARADOS En el d\u00eda de la fecha a las 10:15 hrs el inmueble donde funciona el comedor comunitario Esperanza de La Boca, sera puesto a remate, nos solidarizamos con la gente que lleva adelante la tarea de dar de comer todos los d\u00edas a decenas de ni\u00f1os del barrio y vemos con gran preocupaci\u00f3n que [&hellip;]<\/p>\n","protected":false},"author":4,"featured_media":0,"comment_status":"open","ping_status":"open","sticky":false,"template":"","format":"standard","meta":{"_monsterinsights_skip_tracking":false,"_monsterinsights_sitenote_active":false,"_monsterinsights_sitenote_note":"","_monsterinsights_sitenote_category":0,"jnews-multi-image_gallery":[],"jnews_single_post":{"format":"standard"},"jnews_primary_category":[],"_joinchat":[],"footnotes":""},"categories":[58],"tags":[64,147],"class_list":["post-81","post","type-post","status-publish","format-standard","hentry","category-noticiariachuelo","tag-economia-popular","tag-habitat"],"_links":{"self":[{"href":"http:\/\/fmriachuelo.it10.com.ar\/index.php\/wp-json\/wp\/v2\/posts\/81","targetHints":{"allow":["GET"]}}],"collection":[{"href":"http:\/\/fmriachuelo.it10.com.ar\/index.php\/wp-json\/wp\/v2\/posts"}],"about":[{"href":"http:\/\/fmriachuelo.it10.com.ar\/index.php\/wp-json\/wp\/v2\/types\/post"}],"author":[{"embeddable":true,"href":"http:\/\/fmriachuelo.it10.com.ar\/index.php\/wp-json\/wp\/v2\/users\/4"}],"replies":[{"embeddable":true,"href":"http:\/\/fmriachuelo.it10.com.ar\/index.php\/wp-json\/wp\/v2\/comments?post=81"}],"version-history":[{"count":1,"href":"http:\/\/fmriachuelo.it10.com.ar\/index.php\/wp-json\/wp\/v2\/posts\/81\/revisions"}],"predecessor-version":[{"id":24014,"href":"http:\/\/fmriachuelo.it10.com.ar\/index.php\/wp-json\/wp\/v2\/posts\/81\/revisions\/24014"}],"wp:attachment":[{"href":"http:\/\/fmriachuelo.it10.com.ar\/index.php\/wp-json\/wp\/v2\/media?parent=81"}],"wp:term":[{"taxonomy":"category","embeddable":true,"href":"http:\/\/fmriachuelo.it10.com.ar\/index.php\/wp-json\/wp\/v2\/categories?post=81"},{"taxonomy":"post_tag","embeddable":true,"href":"http:\/\/fmriachuelo.it10.com.ar\/index.php\/wp-json\/wp\/v2\/tags?post=81"}],"curies":[{"name":"wp","href":"https:\/\/api.w.org\/{rel}","templated":true}]}}