{"id":8090,"date":"2018-09-12T00:14:53","date_gmt":"2018-09-12T00:14:53","guid":{"rendered":"http:\/\/fmriachuelo.com.ar\/?p=8090"},"modified":"2018-09-12T00:14:53","modified_gmt":"2018-09-12T00:14:53","slug":"madres-de-la-bocacompaneras-en-lucha","status":"publish","type":"post","link":"http:\/\/fmriachuelo.it10.com.ar\/index.php\/2018\/09\/12\/madres-de-la-bocacompaneras-en-lucha\/","title":{"rendered":"MADRES DE LA BOCA:COMPA\u00d1ERAS EN LUCHA"},"content":{"rendered":"<p style=\"text-align: left\"><strong>[Por el Colectivo de Medios Populares* 12\/09\/2018] La lucha por justicia ante el asesinato de sus hijos las uni\u00f3 para organizar tambi\u00e9n la solidaridad barrial. En un acto en La Boca, las madres de Nehuen Rodr\u00edguez, Lucas Cabello y Juan Pablo Kukok anunciaron la creaci\u00f3n de un comedor popular, que abrir\u00e1 sus puertas el pr\u00f3ximo lunes 17 de septiembre en Palos y Pinz\u00f3n.<\/strong><\/p>\n<p>El dolor y la lucha unen. Ante el abismo de la muerte que nos enfrenta, ante la violencia que el Estado nos impone, se encuentra en la unidad la manera de enfrentar esta injusticia que nos rodea. As\u00ed lo entendieron una vez m\u00e1s Roxana Cainzos, Ivonne Kukok y Carolina Vila; madres que perdieron a sus hijos a manos de las fuerzas represivas, y que hoy anuncian un comedor popular para ayudar al barrio.<\/p>\n<p>\u201cLo m\u00e1s triste es la p\u00e9rdida de un hijo, por eso nos organizamos y salimos a la calle\u201d, dijo Roxana al inicio, hablando por ella y por todas las madres. \u201cLogramos de esta manera, convertir el dolor en lucha\u00bb, explic\u00f3.<\/p>\n<p>Pero no estuvieron solas (nunca lo est\u00e1n) para este anuncio que hoy realizaron, y que no fue el \u00fanico de la tarde en el local del Frente Popular Dar\u00edo Santill\u00e1n. Estuvo Alberto Santill\u00e1n, padre de Dar\u00edo, asesinado en el Puente Pueyrred\u00f3n hace 16 a\u00f1os; Emilia Vasallo, madre del Paly Alcorta asesinado en 2013 por un polic\u00eda de la Provincia de Buenos Aires en 2013; y Camila, hermana de Diego N\u00fa\u00f1ez, vecino de La Boca que fue asesinado por un polic\u00eda de Interpol el 12 de abril de 2012, el mismo d\u00eda de su cumplea\u00f1os.<\/p>\n<p>\u00abSi Dar\u00edo estuviera vivo estar\u00eda ac\u00e1 con ustedes, con estas madres, para ser lo que \u00e9l fue hay que tener mucho amor, porque sino no podes estar del lado de los que menos tienen\u00bb, indic\u00f3 Alberto Santill\u00e1n. \u00abLa justicia se consigue en la calle, si esperamos algo del Poder Judicial o de los pol\u00edticos estamos jodidos\u00bb, agreg\u00f3.<\/p>\n<p><img loading=\"lazy\" decoding=\"async\" class=\"alignnone size-full wp-image-8099\" src=\"http:\/\/fmriachuelo.com.ar\/wp-content\/uploads\/2018\/09\/IMG-20180912-WA0096.jpg\" alt=\"\" width=\"1280\" height=\"854\" \/><\/p>\n<p>Por su parte Emilia Vasallo se\u00f1al\u00f3 que \u201cac\u00e1 estamos con mis compa\u00f1eras de lucha, no nos vamos a dejar ningunear, a nosotros no nos importa si nuestro hijo estaba robando o no, porque la pena de muerte no existe en la Argentina\u201d. Y agreg\u00f3: \u00able dec\u00eda a Ivonne que si no quer\u00eda contar c\u00f3mo fue el caso de Juan Pablo no lo haga, porque nos pasa que cuando volvemos a contar nos duele porque sentimos que retrocedemos un poco\u201d.<\/p>\n<p>\u00abTodos sabemos lo que le pas\u00f3 a Juan Pablo y por qu\u00e9 estamos ac\u00e1. Chocobar no es un trabajador, es un represor\u201d, agreg\u00f3 Emilia. Y finaliz\u00f3 alertando por presente que transitamos: \u201cTenemos que estar atentos, porque ya sabemos que si hay hambre va haber represi\u00f3n\u201d.<\/p>\n<p>Tambi\u00e9n fueron invitados Lito Borello, Secretario de DDHH de la CTEP y Dina S\u00e1nchez, referente del Frente Popular Dar\u00edo Santill\u00e1n quienes aportaron su mirada sobre el tema.<\/p>\n<p>\u201cEl culpable de que pase esto es una sociedad injusta que expone a nuestros pibes y nuestras pibas todos los d\u00edas\u201d, dijo Lito Borello y agreg\u00f3, \u201c Es cada vez m\u00e1s necesario y urgente construir otra sociedad donde nuestros pibes puedan tener realmente un futuro digno\u201d.<br \/>\nPor su parte Dina S\u00e1nchez expres\u00f3, \u201cLo que nos une es la lucha, esa lucha por cambiar este sistema. Un sistema cruel donde siguen criminalizando y matando a nuestros pibes\u201d.<\/p>\n<p><img loading=\"lazy\" decoding=\"async\" class=\"alignnone size-full wp-image-8096\" src=\"http:\/\/fmriachuelo.com.ar\/wp-content\/uploads\/2018\/09\/IMG-20180912-WA0100.jpg\" alt=\"\" width=\"1280\" height=\"854\" \/><\/p>\n<p>El encuentro sirvi\u00f3 tambi\u00e9n para anunciar que tiene fecha el juicio que buscar\u00e1 lograr justicia para Lucas Cabello. Ser\u00e1 el 7 de febrero del pr\u00f3ximo a\u00f1o cuando de inicio, y all\u00ed se encuentra imputado el polic\u00eda Ricardo Luis Gabriel Ayala.<\/p>\n<p>\u00abMadres en lucha\u00bb es el nombre que eligieron Roxana Cainzos, Ivonne y Carolina para agruparse en La Boca. Ser\u00e1 el nombre del merendero, y resume muy bien el esp\u00edritu que las une. Estas mujeres son un ejemplo para pensar este presente que atravesamos, y que impulsa m\u00e1s que nunca a coordinar esfuerzos contra el ajuste y la represi\u00f3n que intentan imponernos.<\/p>\n<p><strong>*Radio Gr\u00e1fica, FM Riachuelo, La Retaguardia, Sur Capitalino, FM La Caterva, Agencia Paco Urondo.<\/strong><\/p>\n","protected":false},"excerpt":{"rendered":"<p>[Por el Colectivo de Medios Populares* 12\/09\/2018] La lucha por justicia ante el asesinato de sus hijos las uni\u00f3 para organizar tambi\u00e9n la solidaridad barrial. En un acto en La Boca, las madres de Nehuen Rodr\u00edguez, Lucas Cabello y Juan Pablo Kukok anunciaron la creaci\u00f3n de un comedor popular, que abrir\u00e1 sus puertas el pr\u00f3ximo [&hellip;]<\/p>\n","protected":false},"author":5,"featured_media":8098,"comment_status":"open","ping_status":"open","sticky":false,"template":"","format":"standard","meta":{"_monsterinsights_skip_tracking":false,"_monsterinsights_sitenote_active":false,"_monsterinsights_sitenote_note":"","_monsterinsights_sitenote_category":0,"jnews-multi-image_gallery":[],"jnews_single_post":[],"jnews_primary_category":[],"_joinchat":[],"footnotes":""},"categories":[78,79,76],"tags":[],"class_list":["post-8090","post","type-post","status-publish","format-standard","has-post-thumbnail","hentry","category-economia-popular","category-nadie-se-salva-solo","category-salud-comunitaria"],"_links":{"self":[{"href":"http:\/\/fmriachuelo.it10.com.ar\/index.php\/wp-json\/wp\/v2\/posts\/8090","targetHints":{"allow":["GET"]}}],"collection":[{"href":"http:\/\/fmriachuelo.it10.com.ar\/index.php\/wp-json\/wp\/v2\/posts"}],"about":[{"href":"http:\/\/fmriachuelo.it10.com.ar\/index.php\/wp-json\/wp\/v2\/types\/post"}],"author":[{"embeddable":true,"href":"http:\/\/fmriachuelo.it10.com.ar\/index.php\/wp-json\/wp\/v2\/users\/5"}],"replies":[{"embeddable":true,"href":"http:\/\/fmriachuelo.it10.com.ar\/index.php\/wp-json\/wp\/v2\/comments?post=8090"}],"version-history":[{"count":0,"href":"http:\/\/fmriachuelo.it10.com.ar\/index.php\/wp-json\/wp\/v2\/posts\/8090\/revisions"}],"wp:featuredmedia":[{"embeddable":true,"href":"http:\/\/fmriachuelo.it10.com.ar\/index.php\/wp-json\/"}],"wp:attachment":[{"href":"http:\/\/fmriachuelo.it10.com.ar\/index.php\/wp-json\/wp\/v2\/media?parent=8090"}],"wp:term":[{"taxonomy":"category","embeddable":true,"href":"http:\/\/fmriachuelo.it10.com.ar\/index.php\/wp-json\/wp\/v2\/categories?post=8090"},{"taxonomy":"post_tag","embeddable":true,"href":"http:\/\/fmriachuelo.it10.com.ar\/index.php\/wp-json\/wp\/v2\/tags?post=8090"}],"curies":[{"name":"wp","href":"https:\/\/api.w.org\/{rel}","templated":true}]}}