{"id":809,"date":"2015-01-09T15:22:00","date_gmt":"2015-01-09T15:22:00","guid":{"rendered":"http:\/\/fmriachuelo.observatorioess.org.ar\/index.php\/2015\/01\/09\/nueva-agresion-policial-a-los-musicos-ambulantes\/"},"modified":"2025-03-25T15:01:34","modified_gmt":"2025-03-25T18:01:34","slug":"nueva-agresion-policial-a-los-musicos-ambulantes","status":"publish","type":"post","link":"http:\/\/fmriachuelo.it10.com.ar\/index.php\/2015\/01\/09\/nueva-agresion-policial-a-los-musicos-ambulantes\/","title":{"rendered":"NUEVA AGRESION POLICIAL A LOS MUSICOS AMBULANTES"},"content":{"rendered":"<div><span style=\"color: red;font-family: Verdana, sans-serif;font-size: large\"><strong>LAS POLITICAS DEL GOBIERNO DE LA CIUDAD<\/strong><\/span><\/p>\n<div style=\"clear: both;text-align: center\"><a href=\"http:\/\/1.bp.blogspot.com\/-BChcF2Xea4g\/VK_xist_EiI\/AAAAAAAACR0\/NyiFVVpQyWs\/s1600\/la%2Bmusica%2Ben%2Bla....jpg\" style=\"clear: left;float: left;margin-bottom: 1em;margin-right: 1em\"><img loading=\"lazy\" decoding=\"async\" border=\"0\" src=\"http:\/\/1.bp.blogspot.com\/-BChcF2Xea4g\/VK_xist_EiI\/AAAAAAAACR0\/NyiFVVpQyWs\/s1600\/la%2Bmusica%2Ben%2Bla....jpg\" height=\"320\" width=\"240\" \/><\/a><\/div>\n<p><strong>&nbsp;<span style=\"font-family: Verdana, sans-serif\">Reproducimos<\/span><\/strong><\/p>\n<p><span style=\"font-family: Verdana, sans-serif\"><strong>AGRESI\u00d3N POLICIAL A UN ARTISTA AMBULANTE.<\/p>\n<p> Ciudad de Buenos Aires.San Telmo.Plaza Dorrego.<\/strong><br \/> <strong>El sabado 3 de Enero de 2015&nbsp;a las 23 hs la Policia de la Comisaria 2da (Policia Federal) agredi\u00f3 fisicamente a un joven que pacificamente se encontraba haciendo malabares en Plaza Dorrego ( espacio P\u00fablico). No conforme lo llev\u00f3 detenido y le rob\u00f3 sus elementos de trabajo ( clavas y efectos personales varios) Porque decimos que le rob\u00f3??? porque no le entreg\u00f3 ning\u00fan inventario de lo &#8230;secuestrado.<\/strong><\/span><br \/><span style=\"font-family: Verdana, sans-serif\"><\/span><a name='more'><\/a><span style=\"font-family: Verdana, sans-serif\"><br \/>&nbsp;Algo m\u00e1s ??? si Al joven se le arm\u00f3 una causa por \u00abresistencia y atentado a la autoridad\u00bb<\/p>\n<p> REPUDIAMOS ENERGICAMENTE ESTE ACCIONAR VIOLENTO Y COBARDE DE LA POLICIA Y SABEMOS PERFECTAMENTE QUE EST\u00c1 LIGADO A LAS \u00abDONACIONES\u00bb ( COIMA) QUE RECIBE LA POLICIA DE LA COMISARIA 2 DE PARTE DE ALGUNOS COMERCIANTES .PARA ACTUAR COMO FUERZA PRIVADA.<\/p>\n<p> Vamos a acompa\u00f1ar \u00e9ste caso hasta saber que los autores materiales y los que ordenan queden expulsados de la Policia y con una causa penal.<\/p>\n<p> Alejandro Cabrera Britos Prensa , Difusi\u00f3n e Institucionales FAAO (Frente de Artistas Ambulantes Organizados)<\/span><\/div>\n<div><span style=\"color: blue;font-family: Verdana\">Fuente: Asamblea del Parque Lezama, Producci\u00f3n Riachuelo<\/span><\/div>\n<div style=\"clear: both;text-align: center\"><a href=\"http:\/\/4.bp.blogspot.com\/-eAqV7mXdc0I\/VK_yLn8kggI\/AAAAAAAACR8\/GIqlRXGOZ_c\/s1600\/COOP%2BRIACHIUELO%2BPRODUCCIONES.jpg\" style=\"clear: left;float: left;margin-bottom: 1em;margin-right: 1em\"><img loading=\"lazy\" decoding=\"async\" border=\"0\" src=\"http:\/\/4.bp.blogspot.com\/-eAqV7mXdc0I\/VK_yLn8kggI\/AAAAAAAACR8\/GIqlRXGOZ_c\/s1600\/COOP%2BRIACHIUELO%2BPRODUCCIONES.jpg\" height=\"58\" width=\"200\" \/><\/a><\/div>\n<div>&nbsp;<\/div>\n","protected":false},"excerpt":{"rendered":"<p>LAS POLITICAS DEL GOBIERNO DE LA CIUDAD &nbsp;Reproducimos AGRESI\u00d3N POLICIAL A UN ARTISTA AMBULANTE. Ciudad de Buenos Aires.San Telmo.Plaza Dorrego. El sabado 3 de Enero de 2015&nbsp;a las 23 hs la Policia de la Comisaria 2da (Policia Federal) agredi\u00f3 fisicamente a un joven que pacificamente se encontraba haciendo malabares en Plaza Dorrego ( espacio P\u00fablico). [&hellip;]<\/p>\n","protected":false},"author":4,"featured_media":0,"comment_status":"open","ping_status":"open","sticky":false,"template":"","format":"standard","meta":{"_monsterinsights_skip_tracking":false,"_monsterinsights_sitenote_active":false,"_monsterinsights_sitenote_note":"","_monsterinsights_sitenote_category":0,"jnews-multi-image_gallery":[],"jnews_single_post":{"format":"standard"},"jnews_primary_category":[],"_joinchat":[],"footnotes":""},"categories":[58],"tags":[152,119],"class_list":["post-809","post","type-post","status-publish","format-standard","hentry","category-noticiariachuelo","tag-cultura","tag-derechos-humanos"],"_links":{"self":[{"href":"http:\/\/fmriachuelo.it10.com.ar\/index.php\/wp-json\/wp\/v2\/posts\/809","targetHints":{"allow":["GET"]}}],"collection":[{"href":"http:\/\/fmriachuelo.it10.com.ar\/index.php\/wp-json\/wp\/v2\/posts"}],"about":[{"href":"http:\/\/fmriachuelo.it10.com.ar\/index.php\/wp-json\/wp\/v2\/types\/post"}],"author":[{"embeddable":true,"href":"http:\/\/fmriachuelo.it10.com.ar\/index.php\/wp-json\/wp\/v2\/users\/4"}],"replies":[{"embeddable":true,"href":"http:\/\/fmriachuelo.it10.com.ar\/index.php\/wp-json\/wp\/v2\/comments?post=809"}],"version-history":[{"count":1,"href":"http:\/\/fmriachuelo.it10.com.ar\/index.php\/wp-json\/wp\/v2\/posts\/809\/revisions"}],"predecessor-version":[{"id":22252,"href":"http:\/\/fmriachuelo.it10.com.ar\/index.php\/wp-json\/wp\/v2\/posts\/809\/revisions\/22252"}],"wp:attachment":[{"href":"http:\/\/fmriachuelo.it10.com.ar\/index.php\/wp-json\/wp\/v2\/media?parent=809"}],"wp:term":[{"taxonomy":"category","embeddable":true,"href":"http:\/\/fmriachuelo.it10.com.ar\/index.php\/wp-json\/wp\/v2\/categories?post=809"},{"taxonomy":"post_tag","embeddable":true,"href":"http:\/\/fmriachuelo.it10.com.ar\/index.php\/wp-json\/wp\/v2\/tags?post=809"}],"curies":[{"name":"wp","href":"https:\/\/api.w.org\/{rel}","templated":true}]}}