{"id":808,"date":"2015-01-09T18:12:00","date_gmt":"2015-01-09T18:12:00","guid":{"rendered":"http:\/\/fmriachuelo.observatorioess.org.ar\/index.php\/2015\/01\/09\/vivienda-digna\/"},"modified":"2025-03-25T15:04:07","modified_gmt":"2025-03-25T18:04:07","slug":"vivienda-digna","status":"publish","type":"post","link":"http:\/\/fmriachuelo.it10.com.ar\/index.php\/2015\/01\/09\/vivienda-digna\/","title":{"rendered":"VIVIENDA DIGNA"},"content":{"rendered":"<p><strong><span style=\"color: red;font-family: Verdana, sans-serif;font-size: large\">\u00a1NUNCA ES TARDE!<\/span><\/strong><br \/><span style=\"font-family: Verdana, sans-serif\"><span style=\"font-size: large\"><strong>La casa digna a los cien a\u00f1os<\/strong><\/span><\/span><\/p>\n<div style=\"clear: both;text-align: center\"><a href=\"http:\/\/1.bp.blogspot.com\/-PsxjgoHPb9s\/VLAYpVcaaHI\/AAAAAAAACSQ\/puW1UTCM-wc\/s1600\/regular_casadigna_jpg.jpg\" style=\"clear: left;float: left;margin-bottom: 1em;margin-right: 1em\"><img loading=\"lazy\" decoding=\"async\" border=\"0\" src=\"http:\/\/1.bp.blogspot.com\/-PsxjgoHPb9s\/VLAYpVcaaHI\/AAAAAAAACSQ\/puW1UTCM-wc\/s1600\/regular_casadigna_jpg.jpg\" height=\"289\" width=\"320\" \/><\/a><\/div>\n<p><span style=\"font-family: Verdana, sans-serif\"><br \/><strong>Un excombatiente de la Guerra del Chaco accede a la llave de una vivienda en el d\u00eda de sus cumplea\u00f1os.<\/strong><\/span><br \/><span style=\"font-family: Verdana, sans-serif\"><strong>Jos\u00e9 Anacleto Escobar y Cayetana Rom\u00e1n llevan 78 a\u00f1os de casados. \u00c9l hab\u00eda ido a la Guerra del Chaco y a su regreso, conoci\u00f3 a Cayetana. Tuvieron seis hijos propios, pero criaron a otros seis ni\u00f1os m\u00e1s, hijos de parientes y vecinos. <\/strong>  <br \/> <strong>Este lunes fue un d\u00eda especial. Jos\u00e9 Anacleto cumpl\u00eda 100 a\u00f1os y ahora su fotograf\u00eda recorre el mundo. En un acto oficial, en el que recibi\u00f3 como donaci\u00f3n una vivienda dotada de un ba\u00f1o privado y aire acondicionado, Jos\u00e9 dio un beso a Cayetana.<\/strong>&nbsp; <\/span><br \/><span style=\"font-family: Verdana, sans-serif\"><\/span><br \/><a name='more'><\/a><span style=\"font-family: Verdana, sans-serif\"><br \/> La fotograf\u00eda de ese momento se viraliz\u00f3 en las redes sociales y en horas, recibi\u00f3  15 mil \u00abMe gusta\u00bb en el Facebook y fue compartida 1.600 veces. <\/p>\n<p> La vivienda es un derecho humano fundamental, pero las pol\u00edticas p\u00fablicas pocas veces llegan a los m\u00e1s necesitados, m\u00e1s a\u00fan en el interior del pa\u00eds. El d\u00e9ficit de vivienda en Paraguay no siempre se incluye en la agenda.<\/p>\n<p> El Gobernador de \u00d1eembuc\u00fa, Carlos Silva, destac\u00f3 la importancia del acto como manera de reconocer el esfuerzo que Jos\u00e9 Anacleto realiz\u00f3 en su juventud, arriesgando su vida en nombre de la patria en la contienda contra Bolivia. <\/p>\n<p> Timoteo D\u00edaz, presidente de la Asociaci\u00f3n de Descendientes de Veteranos de la Guerra del Chaco, destac\u00f3 que es el \u00fanico caso de reconocimiento, de este tipo, a un excombatiente en todo el Paraguay. <\/p>\n<p>No confiaba en la promesa<\/p>\n<p> La periodista Karen Quintana, trabajadora del \u00e1rea de prensa de la Gobernaci\u00f3n de \u00d1eembuc\u00fa, coment\u00f3, a Paraguay.com, c\u00f3mo conoci\u00f3 a la familia Escobar-Rom\u00e1n, un d\u00eda de octubre de 2014. <\/p>\n<p> \u00abRecuerdo tan bien, salimos una ma\u00f1ana rumbo al interior del departamento, Don Carlos ten\u00eda la misi\u00f3n de entregar distinciones enviadas por la C\u00e1mara de Diputados a todos los excombatientes de la Guerra del Chaco que aun viv\u00edan en nuestro departamento. Fuimos a Mburica, Lagunaita, Isla Umb\u00fa, Mayor Mart\u00ednez y Pilar. Llegamos al Barrio Obrero, Don Anacleto estaba almorzando con su se\u00f1ora Do\u00f1a Cayetana, hac\u00eda un calor de 40\u00baC, estaban en una mesita bajo un techo bajito, h\u00famedo, repleto de cosas soportando miles de carencias, la imagen era realmente triste\u00bb, escribi\u00f3 Karen. <\/p>\n<p> \u00abNot\u00e9 la expresi\u00f3n en el rostro del Gobernador, se notaba el dolor, la decepci\u00f3n, le costaba hablar, su voz resquebrajada se atin\u00f3 tan solo a decir \u00ab\u00bfikatupa rojapo ndeve nde kotyra don Anacleto? El h\u00e9roe de la Guerra del Chaco respondi\u00f3 como sin confianza: \u00abla peepejapotoramo oipora, porque che ndarekoi ajapohagua\u00bb, se\u00f1al\u00f3. <\/p>\n<p> Toda la comitiva se mantuvo en silencio por largo rato. Nadie pod\u00eda decir una sola palabra, la imagen de la pobreza y olvido hab\u00eda golpeado a todos. \u00abKo karai peicha ndikatui oiko, le tenemos que hacer una pieza con todas las comodidades, un aire acondicionado y un roperito\u00bb, orden\u00f3 el gobernador.  Y se cumpli\u00f3. <\/span><br \/><span style=\"color: blue;font-family: Verdana\">Fuente: Paraguay.com, Producci\u00f3n Riachuelo<\/span><\/p>\n<div style=\"clear: both;text-align: center\"><a href=\"http:\/\/1.bp.blogspot.com\/-ELPK0D-k7mA\/VLAZrmTxM9I\/AAAAAAAACSY\/_-EOIbTSLII\/s1600\/COOP%2BRIACHIUELO%2BPRODUCCIONES.jpg\" style=\"clear: left;float: left;margin-bottom: 1em;margin-right: 1em\"><img loading=\"lazy\" decoding=\"async\" border=\"0\" src=\"http:\/\/1.bp.blogspot.com\/-ELPK0D-k7mA\/VLAZrmTxM9I\/AAAAAAAACSY\/_-EOIbTSLII\/s1600\/COOP%2BRIACHIUELO%2BPRODUCCIONES.jpg\" height=\"58\" width=\"200\" \/><\/a><\/div>\n","protected":false},"excerpt":{"rendered":"<p>\u00a1NUNCA ES TARDE!La casa digna a los cien a\u00f1os Un excombatiente de la Guerra del Chaco accede a la llave de una vivienda en el d\u00eda de sus cumplea\u00f1os.Jos\u00e9 Anacleto Escobar y Cayetana Rom\u00e1n llevan 78 a\u00f1os de casados. \u00c9l hab\u00eda ido a la Guerra del Chaco y a su regreso, conoci\u00f3 a Cayetana. Tuvieron [&hellip;]<\/p>\n","protected":false},"author":4,"featured_media":0,"comment_status":"open","ping_status":"open","sticky":false,"template":"","format":"standard","meta":{"_monsterinsights_skip_tracking":false,"_monsterinsights_sitenote_active":false,"_monsterinsights_sitenote_note":"","_monsterinsights_sitenote_category":0,"jnews-multi-image_gallery":[],"jnews_single_post":{"format":"standard"},"jnews_primary_category":[],"_joinchat":[],"footnotes":""},"categories":[58],"tags":[70,147],"class_list":["post-808","post","type-post","status-publish","format-standard","hentry","category-noticiariachuelo","tag-de-la-patria-grande","tag-habitat"],"_links":{"self":[{"href":"http:\/\/fmriachuelo.it10.com.ar\/index.php\/wp-json\/wp\/v2\/posts\/808","targetHints":{"allow":["GET"]}}],"collection":[{"href":"http:\/\/fmriachuelo.it10.com.ar\/index.php\/wp-json\/wp\/v2\/posts"}],"about":[{"href":"http:\/\/fmriachuelo.it10.com.ar\/index.php\/wp-json\/wp\/v2\/types\/post"}],"author":[{"embeddable":true,"href":"http:\/\/fmriachuelo.it10.com.ar\/index.php\/wp-json\/wp\/v2\/users\/4"}],"replies":[{"embeddable":true,"href":"http:\/\/fmriachuelo.it10.com.ar\/index.php\/wp-json\/wp\/v2\/comments?post=808"}],"version-history":[{"count":1,"href":"http:\/\/fmriachuelo.it10.com.ar\/index.php\/wp-json\/wp\/v2\/posts\/808\/revisions"}],"predecessor-version":[{"id":22254,"href":"http:\/\/fmriachuelo.it10.com.ar\/index.php\/wp-json\/wp\/v2\/posts\/808\/revisions\/22254"}],"wp:attachment":[{"href":"http:\/\/fmriachuelo.it10.com.ar\/index.php\/wp-json\/wp\/v2\/media?parent=808"}],"wp:term":[{"taxonomy":"category","embeddable":true,"href":"http:\/\/fmriachuelo.it10.com.ar\/index.php\/wp-json\/wp\/v2\/categories?post=808"},{"taxonomy":"post_tag","embeddable":true,"href":"http:\/\/fmriachuelo.it10.com.ar\/index.php\/wp-json\/wp\/v2\/tags?post=808"}],"curies":[{"name":"wp","href":"https:\/\/api.w.org\/{rel}","templated":true}]}}