{"id":807,"date":"2015-01-11T21:39:00","date_gmt":"2015-01-11T21:39:00","guid":{"rendered":"http:\/\/fmriachuelo.observatorioess.org.ar\/index.php\/2015\/01\/11\/francia-y-la-violencia\/"},"modified":"2025-03-25T15:08:27","modified_gmt":"2025-03-25T18:08:27","slug":"francia-y-la-violencia","status":"publish","type":"post","link":"http:\/\/fmriachuelo.it10.com.ar\/index.php\/2015\/01\/11\/francia-y-la-violencia\/","title":{"rendered":"FRANCIA Y LA VIOLENCIA"},"content":{"rendered":"<p><span style=\"color: red;font-family: Verdana, sans-serif;font-size: large\"><strong>El gobierno franc\u00e9s co-responsable de la masacre de \u201cCharlie Hebdo\u201d<\/strong><\/span><br \/><strong><span style=\"color: red;font-family: Verdana;font-size: large\"><\/span><\/strong><\/p>\n<div style=\"clear: both;text-align: center\"><a href=\"http:\/\/3.bp.blogspot.com\/-0AwtPrtCDew\/VLLtPnGvvMI\/AAAAAAAACSo\/4S0oIIsXlPk\/s1600\/Francias-francotiradores.jpg\" style=\"clear: left;float: left;margin-bottom: 1em;margin-right: 1em\"><img loading=\"lazy\" decoding=\"async\" border=\"0\" src=\"http:\/\/3.bp.blogspot.com\/-0AwtPrtCDew\/VLLtPnGvvMI\/AAAAAAAACSo\/4S0oIIsXlPk\/s1600\/Francias-francotiradores.jpg\" height=\"212\" width=\"320\" \/><\/a><\/div>\n<p><span style=\"font-family: Verdana, sans-serif\"><span style=\"font-size: x-small\"><strong>[Resumen Latinoamericano\/Carlos Azn\u00e1rez, 10 de enero de 2015]<\/strong> <\/span>&#8211; Francia est\u00e1 convulsionada, surcada por la confusi\u00f3n e invadida por los miedos (que casi siempre desembocan en comportamientos xen\u00f3fobos), porque esta vez la guerra que tanto provocaron y alentaron sus gobernantes ya no alcanza para verla solamente en los televisores. Ahora las balas de un lado y del otro resuenan en las calles de Par\u00eds y sus alrededores, y como no pod\u00eda ser de otra manera hay muertos. Algunos, como los colaboradores del peri\u00f3dico \u201cCharlie Hebdo\u201d, masacrados en su lugar de trabajo. Otros, fusilados por la polic\u00eda francesa, que en su af\u00e1n de \u201cencontrar culpables\u201d militariza con m\u00e1s de 80 mil efectivos la capital y sus pueblos adyacentes.<\/span><br \/><span style=\"font-family: Verdana, sans-serif\"><\/span><a name='more'><\/a><span style=\"font-family: Verdana, sans-serif\"><br \/>Esta es la foto que muestra al mundo, en este particular principio de a\u00f1o, un pa\u00eds que a diferencia de los Estados Unidos siempre se las ha arreglado para disimular su afici\u00f3n a la violencia, y dentro de ella, las \u201chaza\u00f1as\u201d de a\u00f1os de terrorismo estatal.<\/p>\n<p>Francia, la de la guillotina en la que perdieron la vida tantos inocentes (desoladoramente pobres la mayor\u00eda de ellos, que no tuvieron el m\u00e1s m\u00ednimo derecho a la defensa). Francia, la de cuatro centenares de pruebas at\u00f3micas en otros tantos sitios del planeta, contaminando y destruyendo el ecosistema. Francia, la de las guerras imperiales y colonialistas en Argelia, en Chad, en \u00c1frica y el Medio Oriente. Basta recordar el poder\u00edo militar franc\u00e9s, capaz de arrojar al vertedero aquellas frases ilustres de \u201cLibertad, Igualdad y Fraternidad\u201d, arrasando con sus uniformados poblaciones enteras, bombardeando territorios muy lejanos de sus lugares habituales de residencia, torturando salvajemente a los revolucionarios haitianos y argelinos, encarcelando por cientos a militantes vascos, bretones o corsos (todos ellos, embarcados en rebeld\u00edas independentistas), o exportando la doctrina militar de exterminio hacia diversos puntos del planeta, como Argentina, por ejemplo, en que los militares gorilas locales leyeron y releyeron manuales elaborados por sus colegas vecinos de la Torre Eiffel.<\/p>\n<p>El caso al que ahora se refiere con indisimulado morbo la mayor\u00eda de la prensa corporativa mundial, no escapa a las generales de la ley. Un grupo comando simpatizante de Al Qaeda o el ISIS (qu\u00e9 m\u00e1s da), irrumpe en la redacci\u00f3n de un semanario humor\u00edstico y asesina a gran parte de la redacci\u00f3n, algunos de cuyos integrantes eran conocid\u00edsimos por sus caricaturas y vi\u00f1etas cargadas de un humor irreverente, que a veces sol\u00eda causar gracia y otras, decididamente no. Se trata, desde ya, de un crimen brutal, pero no menos importante que el de cientos de periodistas asesinados gota a gota en Honduras, en M\u00e9xico o en Guatemala.<\/p>\n<p>Ahora bien, p\u00e1rrafo aparte merece este tipo de \u201cjournal humor\u00edstico\u201d que, como en el caso de \u201cCharlie H.\u201d la hab\u00eda emprendido desde hace varios a\u00f1os -entre otros temas urticantes de los que les toc\u00f3 burlarse- contra el profeta Muhammad y por ende contra todo el Islam. Por ello, las amenazas les llov\u00edan a granel, pero jam\u00e1s pensaron sus directivos, que iban a ser v\u00edctimas de un \u201cjueves negro\u201d.<\/p>\n<p>Lo que ocurre es que en los tiempos que corren el humor no otorga luz verde, y hay temas que no se pueden tomar en broma. Sobre todo, si ofenden la elecci\u00f3n religiosa de millones de personas en el mundo. Por un lado, porque si bien es cierto que las religiones son generalmente manipuladas por los poderosos o son parte importante del Sistema de opresi\u00f3n, en otras ocasiones, como ya ha ocurrido con los movimientos cristianos latinoamericanos denominados \u201cdel Tercer Mundo\u201d, o con distintas experiencias del Islam, pueden ser utilizadas como una herramienta de toma de conciencia y de lucha anticolonial.<\/p>\n<p>Ahora bien, el grupo ultra que atac\u00f3 las oficinas de \u201cCharlie H.\u201d no era desconocido para la Inteligencia francesa, ya que varios de ellos, en ocasiones totalmente distintas a las actuales, hab\u00edan salido del pa\u00eds para formar parte de las \u201cmilicias de la libertad\u201d que intentaron, sin \u00e9xito, derrocar al presidente sirio Bachar Al Assad. Otros, hermanos, primos o vecinos de estos que ahora fueron fusilados por la polic\u00eda francesa, hab\u00edan combatido del lado de la OTAN, en Libia y en Iraq. Equipados con armamento de primera tecnolog\u00eda, ayudados econ\u00f3micamente por el dinero que depositaban en bancos europeos o de Medio Oriente, jeques, emires o monarcas, pero tambi\u00e9n por no pocos empresarios europeos. Los mismos que hoy se rasgan las vestiduras y claman al cielo por la \u201clibertad de opini\u00f3n\u201d, palabra que sistem\u00e1ticamente les sirve para violarla y perseguir a quienes la practican.<\/p>\n<p>Hay un momento (lo mismo le pas\u00f3 a los jerarcas de Washington) que el Frankestein construido con tanto esmero y disciplina, decide caminar por pie propio. Ya se pudo ver con los talibanes afganos, o con las mismas milicias mercenarias en Libia. El denominado \u201cEstado Isl\u00e1mico\u201d no es otra cosa que eso, y cuando se llega a ese punto, la guerra que antes era bien vista por la codicia Occidental, se convierte en un akelarre de horror y miedo desesperado en sus propios territorios. Se lo pudo ver y palpar esta semana, con los trenes y el metro londinense interrumpidos por una simple llamada con \u201caviso de bomba\u201d, o en Madrid, con amenazas que mencionaban el 11\/M de la Estaci\u00f3n Atocha, o en Par\u00eds, con el caso de \u201cCharlie Hebdo\u201d.<\/p>\n<p>El gran problema es que los tiempos siguen cambiando para mal, ya que el poder\u00edo capitalista en su af\u00e1n de extender sus conquistas econ\u00f3micas sigue apelando a invadir territorios que les pueden dar dividendos importantes, y comienza a sufrir las consecuencias de una guerra asim\u00e9trica que muchas veces se les escapa de la mano y les estalla en pleno rostro. Esto es lo que, sin dudas, han provocado personajes siniestros como el ex presidente Nicol\u00e1s Sarkozy y el actual mandatario Francois Hollande. El primero fue el principal instigador del brutal crimen del jefe libio Muhammar Gadafi, y en 2009 hab\u00eda recibido en su despacho a uno de los yihadistas que ahora atac\u00f3 la redacci\u00f3n de \u201cCharlie H.\u201d. El mismo Sarkozy que en el colmo del cinismo ahora clama al cielo se\u00f1alando que \u201cLos b\u00e1rbaros est\u00e1n atacando a Francia\u201d.<\/p>\n<p>No se queda atr\u00e1s el actual mandatario Francois Hollande, aliado fundamental de Estados Unidos en cuanta tropel\u00eda se les ocurre emprender a los genocidas de Washington y figura aborrecible por su pr\u00e9dica fascista contra los inmigrantes de ascendencia musulmana.<\/p>\n<p>Hacia ellos y no s\u00f3lo contra los atacantes al \u201cCharlie H.\u201d (mercenarios c\u00f3mplices de su pol\u00edtica imperial) deber\u00edan ir dirigidas todas las acusaciones por lo ocurrido en estos d\u00edas. Y sin embargo, como esos boxeadores que demuestran tener buena cintura, ambos convierten la hipocres\u00eda criminal que los arropa desde siempre en una carga de gigantesco victimismo.  Muy sueltos de cuerpo, convocan a \u201cla unidad del pueblo franc\u00e9s\u201d para \u201cdetener al terrorismo\u201d. Adem\u00e1s, intentan convertir el ataque al \u201cCharlie Hebdo\u201d en una excusa para blanquear cientos de asesinatos provo<br \/>\ncados por sus soldados colonialistas en diversos pa\u00edses, y por \u00faltimo, convocan a una marcha de repudio al crimen de los periodistas en la que participen la izquierda y la derecha representada por ellos mismos. \u201cMillones de franceses debemos salir a las calles este domingo\u201d, sostiene Hollande, cuando \u00e9l  y muchos de los que lo acompa\u00f1ar\u00e1n ese d\u00eda callaron frente a las masacres de palestinos en Gaza, o los ataques similares realizados por los mercenarios en Siria, Iraq y el L\u00edbano. Es f\u00e1cil reclamarse ahora \u201cv\u00edctimas del terrorismo\u201d y convertirse en blancas palomas de la \u201cunidad y la tolerancia\u201d. Son los mismos que en estas tristes circunstancias desempolvan nuevamente la bandera del chauvinismo anti musulm\u00e1n, neg\u00e1ndole a esa comunidad el derecho a la educaci\u00f3n, a la atenci\u00f3n m\u00e9dica o el acceso a trabajos dignos. En fin, excluy\u00e9ndoles de la vida social, con expresiones de un racismo que en ese pa\u00eds no es s\u00f3lo privativo de la ultraderecha de Le Pen.<\/p>\n<p>Por todo ello, ser\u00eda loable que el pueblo franc\u00e9s exija en la calle el castigo a los culpables de la masacre de \u201cCharlie H.\u201d pero tambi\u00e9n se pronuncie a favor de la retirada de los militares franceses de las fuerzas de exterminio de la OTAN, y deje de apoyar al paramilitarismo mercenario que tantos muertos causa diariamente en Medio Oriente. La impunidad con que vienen actuando los gobernantes franceses no puede ser premiada ni glorificada con la excusa de un crimen brutal. Menos a\u00fan marchando juntos con quienes han provocado este estado de cosas. \u00bfQu\u00e9 se podr\u00eda pensar si el presidente mexicano Enrique Pe\u00f1a Nieto convocara en estos d\u00edas a una manifestaci\u00f3n junto a los familiares de los estudiantes masacrados en Atyozinapa, para exigir justicia, cuando es el propio poder gubernamental el culpable de esas muertes?<\/span><br \/><span style=\"color: blue;font-family: Verdana\">Fuente: Resumen Latinoamericano, Producci\u00f3n Riachuelo<\/span><\/p>\n<div style=\"clear: both;text-align: center\"><a href=\"http:\/\/3.bp.blogspot.com\/-CsBBtfGSEHw\/VLLtl1rv-KI\/AAAAAAAACSw\/pPgH4PTfZic\/s1600\/COOP%2BRIACHIUELO%2BPRODUCCIONES.jpg\" style=\"clear: left;float: left;margin-bottom: 1em;margin-right: 1em\"><img loading=\"lazy\" decoding=\"async\" border=\"0\" src=\"http:\/\/3.bp.blogspot.com\/-CsBBtfGSEHw\/VLLtl1rv-KI\/AAAAAAAACSw\/pPgH4PTfZic\/s1600\/COOP%2BRIACHIUELO%2BPRODUCCIONES.jpg\" height=\"58\" width=\"200\" \/><\/a><\/div>\n","protected":false},"excerpt":{"rendered":"<p>El gobierno franc\u00e9s co-responsable de la masacre de \u201cCharlie Hebdo\u201d [Resumen Latinoamericano\/Carlos Azn\u00e1rez, 10 de enero de 2015] &#8211; Francia est\u00e1 convulsionada, surcada por la confusi\u00f3n e invadida por los miedos (que casi siempre desembocan en comportamientos xen\u00f3fobos), porque esta vez la guerra que tanto provocaron y alentaron sus gobernantes ya no alcanza para verla [&hellip;]<\/p>\n","protected":false},"author":4,"featured_media":0,"comment_status":"open","ping_status":"open","sticky":false,"template":"","format":"standard","meta":{"_monsterinsights_skip_tracking":false,"_monsterinsights_sitenote_active":false,"_monsterinsights_sitenote_note":"","_monsterinsights_sitenote_category":0,"jnews-multi-image_gallery":[],"jnews_single_post":{"format":"standard"},"jnews_primary_category":[],"_joinchat":[],"footnotes":""},"categories":[58],"tags":[167],"class_list":["post-807","post","type-post","status-publish","format-standard","hentry","category-noticiariachuelo","tag-politica-internacional"],"_links":{"self":[{"href":"http:\/\/fmriachuelo.it10.com.ar\/index.php\/wp-json\/wp\/v2\/posts\/807","targetHints":{"allow":["GET"]}}],"collection":[{"href":"http:\/\/fmriachuelo.it10.com.ar\/index.php\/wp-json\/wp\/v2\/posts"}],"about":[{"href":"http:\/\/fmriachuelo.it10.com.ar\/index.php\/wp-json\/wp\/v2\/types\/post"}],"author":[{"embeddable":true,"href":"http:\/\/fmriachuelo.it10.com.ar\/index.php\/wp-json\/wp\/v2\/users\/4"}],"replies":[{"embeddable":true,"href":"http:\/\/fmriachuelo.it10.com.ar\/index.php\/wp-json\/wp\/v2\/comments?post=807"}],"version-history":[{"count":1,"href":"http:\/\/fmriachuelo.it10.com.ar\/index.php\/wp-json\/wp\/v2\/posts\/807\/revisions"}],"predecessor-version":[{"id":22256,"href":"http:\/\/fmriachuelo.it10.com.ar\/index.php\/wp-json\/wp\/v2\/posts\/807\/revisions\/22256"}],"wp:attachment":[{"href":"http:\/\/fmriachuelo.it10.com.ar\/index.php\/wp-json\/wp\/v2\/media?parent=807"}],"wp:term":[{"taxonomy":"category","embeddable":true,"href":"http:\/\/fmriachuelo.it10.com.ar\/index.php\/wp-json\/wp\/v2\/categories?post=807"},{"taxonomy":"post_tag","embeddable":true,"href":"http:\/\/fmriachuelo.it10.com.ar\/index.php\/wp-json\/wp\/v2\/tags?post=807"}],"curies":[{"name":"wp","href":"https:\/\/api.w.org\/{rel}","templated":true}]}}