{"id":8064,"date":"2018-09-10T00:41:25","date_gmt":"2018-09-10T00:41:25","guid":{"rendered":"http:\/\/fmriachuelo.com.ar\/?p=8064"},"modified":"2018-09-10T00:41:25","modified_gmt":"2018-09-10T00:41:25","slug":"cuando-nos-paso-los-que-nos-paso-solo-respondio-el-barrio-y-las-organizaciones","status":"publish","type":"post","link":"http:\/\/fmriachuelo.it10.com.ar\/index.php\/2018\/09\/10\/cuando-nos-paso-los-que-nos-paso-solo-respondio-el-barrio-y-las-organizaciones\/","title":{"rendered":"\u201cCUANDO NOS PAS\u00d3 LO QUE NOS PAS\u00d3, SOLO RESPONDI\u00d3 EL BARRIO Y LAS ORGANIZACIONES\u201d"},"content":{"rendered":"<p><strong>[FM Riachuelo 09\/09\/2018] <\/strong><b>Este viernes en Cazadores de Zonceras estuvieron en el piso tres madres unidas por casos de violencia institucional: Roxana Cainzos mam\u00e1 de Nehu\u00e9n Rodriguez, asesinado por la polic\u00eda metropolitana; Carolina Vila madre de Lucas Cabello, baleado tambi\u00e9n por la polic\u00eda metropolitana e Ivonne Kukoc mam\u00e1 de Juan Pablo Kukoc, asesinado por el polic\u00eda Luis Chocobar. Durante el programa hicieron un balance sobre la Marcha Nacional Contra el Gatillo F\u00e1cil realizada \u00a0el 27 de agosto; \u00a0el inicio del juicio para pedir justicia para Lucas Cabello y sobre el caso de Juan Pablo Kukoc, que el gobierno nacional en alianza con el poder medi\u00e1tico\u00a0utiliz\u00f3 para instalar la doctrina Chocobar d\u00e1ndole\u00a0aire al accionar represivo de las fuerzas de seguridad en los barrios populares.<\/b><\/p>\n<p><strong>_CAZADORES DE ZONCERAS:<\/strong> <b>\u00bfEn qu\u00e9 situaci\u00f3n est\u00e1 la causa de\u00a0 Lucas Cabello y la de Juan Pablo Kukoc? Hace una semana se realiz\u00f3 la marcha contra el gatillo f\u00e1cil, \u00bfQu\u00e9 balance pueden hacer de su participaci\u00f3n, sabemos que en el caso de Ivonne y\u00a0 Carolina fue la primera vez que participaban?<\/b><\/p>\n<p><strong>CAROLINA: <\/strong>Esta semana tuvimos novedades del juicio, gracias a la lucha e insistencia de todxs logramos tener una fecha de juicio\u00a0 para febrero de 2019.<\/p>\n<p><strong>IVONNE: <\/strong>Mi causa sigue avanzando. A pesar que estoy triste porque tuve la noticia que a este asesino le dieron un arma para volver a trabajar despu\u00e9s de ocho meses, como si no hubiera hecho nada. Creo que se tiene que hacer justicia, tiene que haber un castigo. Estando con estas mam\u00e1s me siento m\u00e1s apoyada y organizada. Por eso fui a la marcha contra el gatillo f\u00e1cil. Me sent\u00ed muy triste ah\u00ed porque no pod\u00eda creer la cantidad de casos que hay, pens\u00e9 que hab\u00eda pocos y me quede sorprendida de ver a tantas mam\u00e1s llorando y pidiendo justicia por algo que es l\u00f3gico.<\/p>\n<p><strong>ROXANA<\/strong>: Fue muy importante para nosotras participar de la marcha contra el gatillo f\u00e1cil. Estuve muy triste por la diversidad de casos que hay. Creemos que en base a eso tambi\u00e9n \u00a0se fortalecieron y vieron que es la \u00fanica manera de llegar a la justicia, ya sea por medio del juicio o la justicia social. Entendemos que hay que\u00a0 organizarse y mantenernos en pie\u00a0 para empezar a dar lucha desde el barrio, que siempre nos fue un apoyo muy grande, sobre todo los medios barriales.<\/p>\n<p>Decidimos juntarnos para apoyarnos entre nosotras para compartir un mate, una charla, de nuestras vivencias, nuestros dolores, lo que impacta en nuestras familias. La violencia hacia nuestros hijos, desgraciadamente en este pa\u00eds los casos de gatillo f\u00e1cil se multiplican. El caso Chocobar que instalaron para que maten a nuestros pibes por la espalda, nos parece aberrante que el presidente lo felicite y que siga trabajando en la polic\u00eda. Por todo esto, creemos que junt\u00e1ndonos podemos apalear el dolor que sentimos y hacer algo por el barrio.<\/p>\n<p><strong>_CZ: Este martes 11 de septiembre a las seis de la tarde est\u00e1n convocando a una charla \u00bfCu\u00e1l es el mensaje que quieren transmitir con esta convocatoria que van a realizar en el barrio, donde convocan a organizaciones y medios comunitarios? <\/strong><\/p>\n<p><strong>_I: <\/strong>De mi parte es para mostrarle a la gente el abandono que realiza el Estado a las familias que pasan estos casos de violencia y por otro lado, denunciar al polic\u00eda que sali\u00f3 a trabajar de nuevo, a pesar que estar sancionado y esperando un juicio. Y tambi\u00e9n\u00a0 mostrar que estamos acompa\u00f1adas por las organizaciones, conoc\u00ed gente maravillosa que me hizo ver lo que yo no ve\u00eda y me di cuenta que estamos unidos por la misma causa.<\/p>\n<p><strong>_C: <\/strong>Nos uni\u00f3 el dolor de los que nos pas\u00f3, pero tambi\u00e9n queremos sacar algo bueno de esto. Cuando nos pas\u00f3 lo que nos pas\u00f3 a nosotras, solo respondi\u00f3 el barrio y las agrupaciones. No hubo nadie de los responsables que nos garantice que se iba a hacer justicia o que iban\u00a0 a dejar que la justica trabaje. Y es eso lo que queremos brindar, un espacio que si alguien tiene que pasar por una situaci\u00f3n similar, que tenga donde ir a buscar ayuda.<\/p>\n<p><strong>_CZ \u00bfEn las experiencias que pasaron, en que situaciones concretas \u00a0sintieron la impunidad, el abandono, la responsabilidad incumplida del Estado?<\/strong><\/p>\n<p><strong>_I<\/strong>: En mi caso, cuando Macri felicito al polic\u00eda. Sent\u00ed el abandono total porque \u00e9ramos tambi\u00e9n una familia afectada, a mi hijo lo hab\u00edan matado. Ponerse del lado del asesino es el abandono que hizo. A mi hijo no le dieron la oportunidad a que lo juzgue la justica, a mi hijo directamente le dieron la pena de muerte. No tuvo la suerte como el polic\u00eda de ser juzgado. En eso siento el abandono del Estado, porque hay presi\u00f3n en no dejar que la justicia aclare esto.<\/p>\n<p><b>_C: <\/b>Nosotras\u00a0en medio del dolor tenemos que salir a justificar y aclarar quienes son nuestros hijos, porque se juzga a la v\u00edctima. Y en un pa\u00eds \u00a0donde no hay pena de muerte, \u00a0ellos son Jueces y verdugos.<\/p>\n<p><strong>_R:<\/strong> El Estado es responsable en el sentido que est\u00e1n para cuidarnos y matan\u00a0 a nuestros pibes cada d\u00eda m\u00e1s, con total impunidad, criminalizando y estigmatizando a nuestros pibes de todas maneras. Por eso creemos que hay que darle lucha, que la \u00fanica forma es la organizaci\u00f3n. En estos barrios humildes es donde m\u00e1s sucede lamentablemente.<\/p>\n<p><strong>_CZ: Ustedes est\u00e1n por inaugurar un merendero, con respecto a esto y que tiene que ver tambi\u00e9n con el abandono del Estado porque no garantiza derechos b\u00e1sicos como la educaci\u00f3n, la vivienda, el trabajo, la salud.\u00a0 Entonces ya que el Estado no lo hace nos ocupamos nosotros. \u00bfSu proyecto tiene que ver con esto, como lo plantean?<\/strong><\/p>\n<p><strong>_I: <\/strong>Si, tambi\u00e9n para demostrar que podemos dar una mano. Tendr\u00eda que venir del Estado: poner escuelas, generar m\u00e1s trabajo, para que nuestros pibes no salgan a las esquinas. Siempre esto pasa en los barrios pobres, el humilde es el delincuente.<\/p>\n<p><strong>_C:<\/strong> Lo que tendr\u00eda que ser derecho, cuando son para unos pocos ya dejan de ser derechos y se convierte en privilegios. Nosotras queremos poner nuestro granito de arena, tanto con el merendero como en el asesoramiento legal que podemos brindar. como siempre digo, aunque a veces me sent\u00ed triste pero nunca sola y eso es gracias al barrio y las agrupaciones que nos acompa\u00f1an desde el minuto cero.<\/p>\n<p>Este martes 11 las seis de la tarde, \u00a0Roxana, Ivonne y Carolina convocan a una charla de familiares que sufrieron violencia institucional. Se realizara \u00a0en Mart\u00edn Rodr\u00edguez 948, entre Su\u00e1rez y Olavarr\u00eda .Para hablar sobre los casos de gatillo f\u00e1cil, y la situaci\u00f3n que atraviesa el pa\u00eds. \u00a0Acompa\u00f1ar\u00e1 Alberto Santill\u00e1n padre de Dar\u00edo Santill\u00e1n asesinado en la Masacre de Avellaneda en el a\u00f1o 2002.<\/p>\n<p>A Continuaci\u00f3n compartimos el Link de\u00a0 la entrevista completa<\/p>\n<p><a href=\"https:\/\/radiocut.fm\/audiocut\/del-dolor-a-la-organizacion-y-la-lucha\/#\">\u00a0ENTREVISTA RIACHUELO <\/a><\/p>\n","protected":false},"excerpt":{"rendered":"<p>[FM Riachuelo 09\/09\/2018] Este viernes en Cazadores de Zonceras estuvieron en el piso tres madres unidas por casos de violencia institucional: Roxana Cainzos mam\u00e1 de Nehu\u00e9n Rodriguez, asesinado por la polic\u00eda metropolitana; Carolina Vila madre de Lucas Cabello, baleado tambi\u00e9n por la polic\u00eda metropolitana e Ivonne Kukoc mam\u00e1 de Juan Pablo Kukoc, asesinado por el [&hellip;]<\/p>\n","protected":false},"author":5,"featured_media":8065,"comment_status":"open","ping_status":"open","sticky":false,"template":"","format":"standard","meta":{"_monsterinsights_skip_tracking":false,"_monsterinsights_sitenote_active":false,"_monsterinsights_sitenote_note":"","_monsterinsights_sitenote_category":0,"jnews-multi-image_gallery":[],"jnews_single_post":[],"jnews_primary_category":[],"_joinchat":[],"footnotes":""},"categories":[79,76],"tags":[],"class_list":["post-8064","post","type-post","status-publish","format-standard","has-post-thumbnail","hentry","category-nadie-se-salva-solo","category-salud-comunitaria"],"_links":{"self":[{"href":"http:\/\/fmriachuelo.it10.com.ar\/index.php\/wp-json\/wp\/v2\/posts\/8064","targetHints":{"allow":["GET"]}}],"collection":[{"href":"http:\/\/fmriachuelo.it10.com.ar\/index.php\/wp-json\/wp\/v2\/posts"}],"about":[{"href":"http:\/\/fmriachuelo.it10.com.ar\/index.php\/wp-json\/wp\/v2\/types\/post"}],"author":[{"embeddable":true,"href":"http:\/\/fmriachuelo.it10.com.ar\/index.php\/wp-json\/wp\/v2\/users\/5"}],"replies":[{"embeddable":true,"href":"http:\/\/fmriachuelo.it10.com.ar\/index.php\/wp-json\/wp\/v2\/comments?post=8064"}],"version-history":[{"count":0,"href":"http:\/\/fmriachuelo.it10.com.ar\/index.php\/wp-json\/wp\/v2\/posts\/8064\/revisions"}],"wp:featuredmedia":[{"embeddable":true,"href":"http:\/\/fmriachuelo.it10.com.ar\/index.php\/wp-json\/"}],"wp:attachment":[{"href":"http:\/\/fmriachuelo.it10.com.ar\/index.php\/wp-json\/wp\/v2\/media?parent=8064"}],"wp:term":[{"taxonomy":"category","embeddable":true,"href":"http:\/\/fmriachuelo.it10.com.ar\/index.php\/wp-json\/wp\/v2\/categories?post=8064"},{"taxonomy":"post_tag","embeddable":true,"href":"http:\/\/fmriachuelo.it10.com.ar\/index.php\/wp-json\/wp\/v2\/tags?post=8064"}],"curies":[{"name":"wp","href":"https:\/\/api.w.org\/{rel}","templated":true}]}}