{"id":8057,"date":"2018-09-06T18:29:40","date_gmt":"2018-09-06T18:29:40","guid":{"rendered":"http:\/\/fmriachuelo.com.ar\/?p=8057"},"modified":"2018-09-06T18:29:40","modified_gmt":"2018-09-06T18:29:40","slug":"organizaciones-sociales-marchan-al-anses-contra-el-ajuste","status":"publish","type":"post","link":"http:\/\/fmriachuelo.it10.com.ar\/index.php\/2018\/09\/06\/organizaciones-sociales-marchan-al-anses-contra-el-ajuste\/","title":{"rendered":"ORGANIZACIONES SOCIALES MARCHAN AL ANSES CONTRA EL AJUSTE"},"content":{"rendered":"<p><strong>[FM Riachuelo 06\/09\/2018] Los trabajadores y trabajadoras de las organizaciones sociales, se movilizaron desde el obelisco, donde concentraron a partir de las 10hs para marchar hacia la sede central del ANSES. Bajo la consigna Fuera el FMI, Basta de Hambre. En el marco del plan de lucha que se decidi\u00f3 en el d\u00eda de ayer en asamblea convocada por los movimientos populares.<\/strong><\/p>\n<p>Ante \u00a0la crisis econ\u00f3mica, y el \u00a0plan de ajuste que sostiene el Gobierno Nacional, lxs trabajadorxs de la Econom\u00eda Popular de CTEP, la Corriente Clasista Y Combativa, Barrios de Pie, en unidad con lxs trabajadorx \u00a0de la\u00a0 CTA\u00a0 y \u00a0CTA Aut\u00f3noma marcharon al ANSES local exigiendo el aumento del Salario Social Complementario, la \u00a0Asignaci\u00f3n Universal por Hijo\u00a0 y \u00a0Jubilaciones.<\/p>\n<p>Fm Riachuelo, fue parte de la movilizaci\u00f3n y dialogo con Luciano<strong> \u201cTano\u201d Nardulli, referente de la \u00a0Corriente Clasista y Combativa: \u201cEstamos ac\u00e1 porque la pol\u00edtica econ\u00f3mica de Macri es insostenible, nos afecta a todos. Hoy estamos ac\u00e1 en el ANSES para reclamar los aumentos.\u00a0 Y \u00a0\u00a0para decirle a Macri que si sigue\u00a0 empujando la tormenta hacia el pueblo nosotros vamos a desatar un tsunami popular contra su pol\u00edtica\u201d.<\/strong><\/p>\n<p>Esteban Gringo Castro estuvo presente en la movilizaci\u00f3n, se refiri\u00f3 al plan de lucha que impulsan los movimientos sociales en contra de las pol\u00edticas de hambre del Gobierno de Macri, dijo a FM Riachuelo <strong>\u201cel 12 vamos a la movilizaci\u00f3n que vamos a hacer en la 9 de Julio, va a ser una movilizaci\u00f3n muy grande, al estilo San Cayetano; el 19 vamos a pelear en contra de las tarifas y el 25 acompa\u00f1amos el paro general, para nosotros \u00a0es imprescindible como gesto de un unidad\u201d.<\/strong><\/p>\n<p>&nbsp;<\/p>\n<p>Por su parte Jaquelina Flores\u00a0 del MTE expres\u00f3 que<strong> \u201clos movimientos sociales decidimos retomar las fuerzas \u00a0de la lucha. Hoy estamos en el ANSES porque no le vamos a permitir al presidente Macri le mienta a la sociedad, en su \u00faltimo discurso por cadena nacional dio a entender que se preocupa por \u00a0los pobres que el mismo est\u00e1 generando. Los trabajadores de los barrios populares \u00a0no necesitan ning\u00fan plus, necesitan sus derechos cumplidos\u201d.<\/strong><\/p>\n<p><img loading=\"lazy\" decoding=\"async\" class=\"alignnone size-full wp-image-8061\" src=\"http:\/\/fmriachuelo.com.ar\/wp-content\/uploads\/2018\/09\/WhatsApp-Image-2018-09-06-at-11.20.13-AM.jpeg\" alt=\"\" width=\"1280\" height=\"854\" \/><\/p>\n<p>Lito Borello<strong>\u00a0 <\/strong>dijo<strong> \u201cllego el momento que los movimientos populares no solamente peleemos por algunas \u00a0reivindicaciones que son justas y necesarias, sino que vay\u00e1monos dando cuenca que tenemos que \u00a0ser constructores de nuestro destino, constructores de nuestra propia historia. Por lo tanto, no solo resistir sino, empezar a construir el Poder Popular necesario para tener un programa alternativo para construir un pa\u00eds alternativo. <\/strong><\/p>\n<p>La movilizaci\u00f3n finaliz\u00f3 como estaba previsto en las oficinas del ANSES. Donde un grupo de referentes ingresaron \u00a0para reunirse y hacer entrega del documento con los reclamos exigidos.<\/p>\n<p><strong>\u00a0<\/strong><\/p>\n","protected":false},"excerpt":{"rendered":"<p>[FM Riachuelo 06\/09\/2018] Los trabajadores y trabajadoras de las organizaciones sociales, se movilizaron desde el obelisco, donde concentraron a partir de las 10hs para marchar hacia la sede central del ANSES. Bajo la consigna Fuera el FMI, Basta de Hambre. En el marco del plan de lucha que se decidi\u00f3 en el d\u00eda de ayer [&hellip;]<\/p>\n","protected":false},"author":5,"featured_media":8058,"comment_status":"open","ping_status":"open","sticky":false,"template":"","format":"standard","meta":{"_monsterinsights_skip_tracking":false,"_monsterinsights_sitenote_active":false,"_monsterinsights_sitenote_note":"","_monsterinsights_sitenote_category":0,"jnews-multi-image_gallery":[],"jnews_single_post":[],"jnews_primary_category":[],"_joinchat":[],"footnotes":""},"categories":[78,76,74,75],"tags":[],"class_list":["post-8057","post","type-post","status-publish","format-standard","has-post-thumbnail","hentry","category-economia-popular","category-salud-comunitaria","category-san-cayetano","category-trabajo"],"_links":{"self":[{"href":"http:\/\/fmriachuelo.it10.com.ar\/index.php\/wp-json\/wp\/v2\/posts\/8057","targetHints":{"allow":["GET"]}}],"collection":[{"href":"http:\/\/fmriachuelo.it10.com.ar\/index.php\/wp-json\/wp\/v2\/posts"}],"about":[{"href":"http:\/\/fmriachuelo.it10.com.ar\/index.php\/wp-json\/wp\/v2\/types\/post"}],"author":[{"embeddable":true,"href":"http:\/\/fmriachuelo.it10.com.ar\/index.php\/wp-json\/wp\/v2\/users\/5"}],"replies":[{"embeddable":true,"href":"http:\/\/fmriachuelo.it10.com.ar\/index.php\/wp-json\/wp\/v2\/comments?post=8057"}],"version-history":[{"count":0,"href":"http:\/\/fmriachuelo.it10.com.ar\/index.php\/wp-json\/wp\/v2\/posts\/8057\/revisions"}],"wp:featuredmedia":[{"embeddable":true,"href":"http:\/\/fmriachuelo.it10.com.ar\/index.php\/wp-json\/wp\/v2\/media\/8058"}],"wp:attachment":[{"href":"http:\/\/fmriachuelo.it10.com.ar\/index.php\/wp-json\/wp\/v2\/media?parent=8057"}],"wp:term":[{"taxonomy":"category","embeddable":true,"href":"http:\/\/fmriachuelo.it10.com.ar\/index.php\/wp-json\/wp\/v2\/categories?post=8057"},{"taxonomy":"post_tag","embeddable":true,"href":"http:\/\/fmriachuelo.it10.com.ar\/index.php\/wp-json\/wp\/v2\/tags?post=8057"}],"curies":[{"name":"wp","href":"https:\/\/api.w.org\/{rel}","templated":true}]}}