{"id":805,"date":"2015-01-13T01:38:00","date_gmt":"2015-01-13T01:38:00","guid":{"rendered":"http:\/\/fmriachuelo.observatorioess.org.ar\/index.php\/2015\/01\/13\/venezuela-conspiradores-en-contra-del-pueblo\/"},"modified":"2025-03-25T15:10:43","modified_gmt":"2025-03-25T18:10:43","slug":"venezuela-conspiradores-en-contra-del-pueblo","status":"publish","type":"post","link":"http:\/\/fmriachuelo.it10.com.ar\/index.php\/2015\/01\/13\/venezuela-conspiradores-en-contra-del-pueblo\/","title":{"rendered":"VENEZUELA: CONSPIRADORES EN CONTRA DEL PUEBLO"},"content":{"rendered":"<p><span style=\"color: red;font-family: Verdana, sans-serif;font-size: large\"><strong>\u00a1\u00a1INSISTEN!!<\/strong><\/span><br \/><span style=\"color: black;font-family: Verdana, sans-serif;font-size: large\"><strong>Capriles Radonski llama a las calles a sus seguidores<\/strong><\/span><br \/><strong><span style=\"color: red;font-family: Verdana;font-size: large\"><\/span><\/strong><\/p>\n<div style=\"clear: both;text-align: center\"><a href=\"http:\/\/4.bp.blogspot.com\/-jmUVjuGL8LI\/VLR2lhki2HI\/AAAAAAAACTg\/hvrWxoUnMuA\/s1600\/Capriles-radonski.jpg\" style=\"clear: left;float: left;margin-bottom: 1em;margin-right: 1em\"><img decoding=\"async\" border=\"0\" src=\"http:\/\/4.bp.blogspot.com\/-jmUVjuGL8LI\/VLR2lhki2HI\/AAAAAAAACTg\/hvrWxoUnMuA\/s1600\/Capriles-radonski.jpg\" \/><\/a><\/div>\n<p><span style=\"font-family: Verdana, sans-serif\"><strong>El gobernador del estado Miranda, Henrique Capriles Radonski, mediante las redes sociales insta a sectores de derecha y opositores del Gobierno leg\u00edtimo de Venezuela a movilizarse para rechazar la \u201cgrave crisis econ\u00f3mica, social y pol\u00edtica\u201d.<\/strong><\/span><br \/><span style=\"font-family: Verdana, sans-serif\"><strong>A trav\u00e9s de su usuario en la red social Twitter @hcapriles: el gobernador asegura que este \u201cs\u00ed es el momento para la movilizaci\u00f3n de los venezolanos, el \u00fanico que est\u00e1 desestabilizando el pa\u00eds son los enchufados del Gobierno\u201d.<\/strong><\/span><a name='more'><\/a><span style=\"font-family: Verdana, sans-serif\"><br \/>Agreg\u00f3 que es la hora de exigir respuestas \u201cal caos, est\u00e1n bien pelados en el Gobierno si creen que la gente se la tiene que calar\u201d.<\/p>\n<p>En otra interacci\u00f3n manifest\u00f3 que el Gobierno Nacional es quien est\u00e1 alterando la paz del pa\u00eds por no haber cambiado el \u201cmodelo\u201d.<\/p>\n<p>El gobernador del estado Miranda realiz\u00f3 un llamado similar en el a\u00f1o 2013 tras haber perdido las elecciones presidenciales, por segunda ocasi\u00f3n consecutiva, en el mes de abril, cuando llam\u00f3 a \u201cdescargar la arrechera\u201d en las calles, hechos que dejaron el lamentable saldo de 14 v\u00edctimas mortales producto de la violencia opositora.<\/span><br \/><span style=\"color: blue;font-family: Verdana\">Fuente: Correo del Orinoco, Producci\u00f3n Riachuelo<\/span><\/p>\n<div style=\"clear: both;text-align: center\"><a href=\"http:\/\/4.bp.blogspot.com\/-nJQDh_LhQLk\/VLR2-mIGtpI\/AAAAAAAACTo\/_YjIZcCha-g\/s1600\/COOP%2BRIACHIUELO%2BPRODUCCIONES.jpg\" style=\"clear: left;float: left;margin-bottom: 1em;margin-right: 1em\"><img loading=\"lazy\" decoding=\"async\" border=\"0\" src=\"http:\/\/4.bp.blogspot.com\/-nJQDh_LhQLk\/VLR2-mIGtpI\/AAAAAAAACTo\/_YjIZcCha-g\/s1600\/COOP%2BRIACHIUELO%2BPRODUCCIONES.jpg\" height=\"58\" width=\"200\" \/><\/a><\/div>\n","protected":false},"excerpt":{"rendered":"<p>\u00a1\u00a1INSISTEN!!Capriles Radonski llama a las calles a sus seguidores El gobernador del estado Miranda, Henrique Capriles Radonski, mediante las redes sociales insta a sectores de derecha y opositores del Gobierno leg\u00edtimo de Venezuela a movilizarse para rechazar la \u201cgrave crisis econ\u00f3mica, social y pol\u00edtica\u201d.A trav\u00e9s de su usuario en la red social Twitter @hcapriles: el [&hellip;]<\/p>\n","protected":false},"author":4,"featured_media":0,"comment_status":"open","ping_status":"open","sticky":false,"template":"","format":"standard","meta":{"_monsterinsights_skip_tracking":false,"_monsterinsights_sitenote_active":false,"_monsterinsights_sitenote_note":"","_monsterinsights_sitenote_category":0,"jnews-multi-image_gallery":[],"jnews_single_post":{"format":"standard"},"jnews_primary_category":[],"_joinchat":[],"footnotes":""},"categories":[58],"tags":[70],"class_list":["post-805","post","type-post","status-publish","format-standard","hentry","category-noticiariachuelo","tag-de-la-patria-grande"],"_links":{"self":[{"href":"http:\/\/fmriachuelo.it10.com.ar\/index.php\/wp-json\/wp\/v2\/posts\/805","targetHints":{"allow":["GET"]}}],"collection":[{"href":"http:\/\/fmriachuelo.it10.com.ar\/index.php\/wp-json\/wp\/v2\/posts"}],"about":[{"href":"http:\/\/fmriachuelo.it10.com.ar\/index.php\/wp-json\/wp\/v2\/types\/post"}],"author":[{"embeddable":true,"href":"http:\/\/fmriachuelo.it10.com.ar\/index.php\/wp-json\/wp\/v2\/users\/4"}],"replies":[{"embeddable":true,"href":"http:\/\/fmriachuelo.it10.com.ar\/index.php\/wp-json\/wp\/v2\/comments?post=805"}],"version-history":[{"count":1,"href":"http:\/\/fmriachuelo.it10.com.ar\/index.php\/wp-json\/wp\/v2\/posts\/805\/revisions"}],"predecessor-version":[{"id":22258,"href":"http:\/\/fmriachuelo.it10.com.ar\/index.php\/wp-json\/wp\/v2\/posts\/805\/revisions\/22258"}],"wp:attachment":[{"href":"http:\/\/fmriachuelo.it10.com.ar\/index.php\/wp-json\/wp\/v2\/media?parent=805"}],"wp:term":[{"taxonomy":"category","embeddable":true,"href":"http:\/\/fmriachuelo.it10.com.ar\/index.php\/wp-json\/wp\/v2\/categories?post=805"},{"taxonomy":"post_tag","embeddable":true,"href":"http:\/\/fmriachuelo.it10.com.ar\/index.php\/wp-json\/wp\/v2\/tags?post=805"}],"curies":[{"name":"wp","href":"https:\/\/api.w.org\/{rel}","templated":true}]}}