{"id":8049,"date":"2018-09-05T22:13:33","date_gmt":"2018-09-05T22:13:33","guid":{"rendered":"http:\/\/fmriachuelo.com.ar\/?p=8049"},"modified":"2018-09-05T22:13:33","modified_gmt":"2018-09-05T22:13:33","slug":"marcha-de-lxs-trabajadorxs-de-prensa-al-centro-cultural-kirchner","status":"publish","type":"post","link":"http:\/\/fmriachuelo.it10.com.ar\/index.php\/2018\/09\/05\/marcha-de-lxs-trabajadorxs-de-prensa-al-centro-cultural-kirchner\/","title":{"rendered":"MARCHA DE LXS TRABAJADORXS DE PRENSA AL CENTRO CULTURAL KIRCHNER"},"content":{"rendered":"<p><strong>[FM Riachuelo 05\/09\/2018] Se realiz\u00f3 una marcha Nacional de Prensa desde el \u00a0Obelisco al Centro Cultural N\u00e9stor Kirchner \u00a0en repudio a los 357 despidos en la Agencia de Noticias T\u00e9lam, y tambi\u00e9n en defensa de los contenidos de gesti\u00f3n estatal y el ajuste que est\u00e1n viviendo lxs trabajadorxs de prensa.<\/strong><\/p>\n<p>Luego de 72 d\u00edas de permanencia pac\u00edfica \u00a0y paro, \u00a0lxs trabajadorxs\u00a0 del Sindicato de Prensa de Buenos Aires (SiPreBA), se concentraron a partir de las 14:00hs con cese de tareas, para marchar junto a Organizaciones Sindicales, Pol\u00edticas, de Derechos Humanos y\u00a0 diferentes trabajadorxs de lxs\u00a0 medios comunitarios y figuras de la cultura, para seguir con el reclamo y \u00a0acci\u00f3n de lucha en la calle.<img loading=\"lazy\" decoding=\"async\" class=\"alignnone size-full wp-image-8054\" src=\"http:\/\/fmriachuelo.com.ar\/wp-content\/uploads\/2018\/09\/WhatsApp-Image-2018-09-05-at-14.45.51-1.jpeg\" alt=\"\" width=\"1040\" height=\"780\" srcset=\"http:\/\/fmriachuelo.it10.com.ar\/wp-content\/uploads\/2018\/09\/WhatsApp-Image-2018-09-05-at-14.45.51-1.jpeg 1040w, http:\/\/fmriachuelo.it10.com.ar\/wp-content\/uploads\/2018\/09\/WhatsApp-Image-2018-09-05-at-14.45.51-1-300x225.jpeg 300w, http:\/\/fmriachuelo.it10.com.ar\/wp-content\/uploads\/2018\/09\/WhatsApp-Image-2018-09-05-at-14.45.51-1-1024x768.jpeg 1024w, http:\/\/fmriachuelo.it10.com.ar\/wp-content\/uploads\/2018\/09\/WhatsApp-Image-2018-09-05-at-14.45.51-1-768x576.jpeg 768w, http:\/\/fmriachuelo.it10.com.ar\/wp-content\/uploads\/2018\/09\/WhatsApp-Image-2018-09-05-at-14.45.51-1-750x563.jpeg 750w\" sizes=\"auto, (max-width: 1040px) 100vw, 1040px\" \/><\/p>\n<p>Fm Riachuelo estuvo en la movilizaci\u00f3n y convers\u00f3 con Mariano Suarez\u00a0 delegado de T\u00e9lam que dijo,<em><strong> \u201cEstamos ac\u00e1 por el proceso de destrucci\u00f3n de contenidos que hay en radio Nacional, en\u00a0 la televisi\u00f3n \u00a0P\u00fablica, en todas las estructuras de contenidos vinculadas a la gesti\u00f3n estatal\u00a0 y tambi\u00e9n en repudio al achicamiento del sector privado. Nos encontramos ante un gobierno que tiene una alianza estrat\u00e9gica con el sector m\u00e1s concentrado de la comunicaci\u00f3n, lo pagan los medios p\u00fablicos, los medios privados, lo pagan los medios populares que tienen atrasos inconmensurables en materia de pol\u00edticas de fomento que est\u00e1n establecidas por ley\u201d. \u00a0<\/strong><\/em><\/p>\n<p>La marcha finaliz\u00f3 a las 16hs en el CCK, con el discurso del Secretario General\u00a0 de SiPreBA Fernando \u201cTato\u201d Dondero Y Mariano Su\u00e1rez Delegado de la Agencia T\u00e9lam.<\/p>\n","protected":false},"excerpt":{"rendered":"<p>[FM Riachuelo 05\/09\/2018] Se realiz\u00f3 una marcha Nacional de Prensa desde el \u00a0Obelisco al Centro Cultural N\u00e9stor Kirchner \u00a0en repudio a los 357 despidos en la Agencia de Noticias T\u00e9lam, y tambi\u00e9n en defensa de los contenidos de gesti\u00f3n estatal y el ajuste que est\u00e1n viviendo lxs trabajadorxs de prensa. Luego de 72 d\u00edas de [&hellip;]<\/p>\n","protected":false},"author":5,"featured_media":8053,"comment_status":"open","ping_status":"open","sticky":false,"template":"","format":"standard","meta":{"_monsterinsights_skip_tracking":false,"_monsterinsights_sitenote_active":false,"_monsterinsights_sitenote_note":"","_monsterinsights_sitenote_category":0,"jnews-multi-image_gallery":[],"jnews_single_post":[],"jnews_primary_category":[],"_joinchat":[],"footnotes":""},"categories":[78,76,77,75],"tags":[],"class_list":["post-8049","post","type-post","status-publish","format-standard","has-post-thumbnail","hentry","category-economia-popular","category-salud-comunitaria","category-soberania","category-trabajo"],"_links":{"self":[{"href":"http:\/\/fmriachuelo.it10.com.ar\/index.php\/wp-json\/wp\/v2\/posts\/8049","targetHints":{"allow":["GET"]}}],"collection":[{"href":"http:\/\/fmriachuelo.it10.com.ar\/index.php\/wp-json\/wp\/v2\/posts"}],"about":[{"href":"http:\/\/fmriachuelo.it10.com.ar\/index.php\/wp-json\/wp\/v2\/types\/post"}],"author":[{"embeddable":true,"href":"http:\/\/fmriachuelo.it10.com.ar\/index.php\/wp-json\/wp\/v2\/users\/5"}],"replies":[{"embeddable":true,"href":"http:\/\/fmriachuelo.it10.com.ar\/index.php\/wp-json\/wp\/v2\/comments?post=8049"}],"version-history":[{"count":0,"href":"http:\/\/fmriachuelo.it10.com.ar\/index.php\/wp-json\/wp\/v2\/posts\/8049\/revisions"}],"wp:featuredmedia":[{"embeddable":true,"href":"http:\/\/fmriachuelo.it10.com.ar\/index.php\/wp-json\/wp\/v2\/media\/8053"}],"wp:attachment":[{"href":"http:\/\/fmriachuelo.it10.com.ar\/index.php\/wp-json\/wp\/v2\/media?parent=8049"}],"wp:term":[{"taxonomy":"category","embeddable":true,"href":"http:\/\/fmriachuelo.it10.com.ar\/index.php\/wp-json\/wp\/v2\/categories?post=8049"},{"taxonomy":"post_tag","embeddable":true,"href":"http:\/\/fmriachuelo.it10.com.ar\/index.php\/wp-json\/wp\/v2\/tags?post=8049"}],"curies":[{"name":"wp","href":"https:\/\/api.w.org\/{rel}","templated":true}]}}