{"id":804,"date":"2015-01-13T01:48:00","date_gmt":"2015-01-13T01:48:00","guid":{"rendered":"http:\/\/fmriachuelo.observatorioess.org.ar\/index.php\/2015\/01\/13\/presidente-venezolano-en-gira-por-paises-de-la-opep\/"},"modified":"2025-03-25T15:11:17","modified_gmt":"2025-03-25T18:11:17","slug":"presidente-venezolano-en-gira-por-paises-de-la-opep","status":"publish","type":"post","link":"http:\/\/fmriachuelo.it10.com.ar\/index.php\/2015\/01\/13\/presidente-venezolano-en-gira-por-paises-de-la-opep\/","title":{"rendered":"PRESIDENTE VENEZOLANO EN GIRA POR PAISES DE LA OPEP"},"content":{"rendered":"<p><span style=\"color: red;font-family: Verdana, sans-serif;font-size: large\"><strong>LA UNION HACE LA FUERZA<\/strong><\/span><\/p>\n<h1><span style=\"font-family: Verdana, sans-serif\"><span style=\"font-size: small\">Maduro en Catar: \u00abEstamos construyendo una nueva etapa del mercado petrolero\u00bb<\/span> <\/span><\/h1>\n<p><span style=\"font-family: Verdana, sans-serif\"><\/p>\n<h1 style=\"clear: both;text-align: center\"><a href=\"http:\/\/3.bp.blogspot.com\/-Bo1GofX9pok\/VLR4N1oQZPI\/AAAAAAAACT0\/pUVrozfnkSI\/s1600\/MADURO.jpg\" style=\"clear: left;float: left;margin-bottom: 1em;margin-right: 1em\"><img loading=\"lazy\" decoding=\"async\" border=\"0\" src=\"http:\/\/3.bp.blogspot.com\/-Bo1GofX9pok\/VLR4N1oQZPI\/AAAAAAAACT0\/pUVrozfnkSI\/s1600\/MADURO.jpg\" height=\"181\" width=\"320\" \/><\/a><\/h1>\n<p><\/span><span style=\"font-family: Verdana, sans-serif\"><strong>El presidente venezolano, Nicol\u00e1s Maduro, inform\u00f3 este lunes, en el marco de su gira internacional por pa\u00edses de la Organizaci\u00f3n de Pa\u00edses Exportadores de Petr\u00f3leo (OPEP), que \u00abestamos construyendo una nueva del etapa mercado petrolero\u00bb para responder de manera eficiente a la ca\u00edda de los precios del crudo. <\/p>\n<p>Tras mantener una reuni\u00f3n con las autoridades de Catar, el mandatario dijo que este pa\u00eds \u00able ha dado el voto de confianza\u00bb para seguir buscando el consenso entre los pa\u00edses petroleros, y adem\u00e1s, asegur\u00f3 que se han establecido m\u00e1s convenios bilaterales en las \u00e1reas de alimentaci\u00f3n, turismo, econom\u00eda y petr\u00f3leo.<\/strong><\/span><br \/><span style=\"font-family: Verdana, sans-serif\"><strong><\/strong><\/span><a name='more'><\/a><span style=\"font-family: Verdana, sans-serif\">El presidente de Venezuela, Nicol\u00e1s Maduro, arrib\u00f3 este domingo a Qatar, en el marco de una gira emprendida hace una semana por pa\u00edses petroleros, en la que se est\u00e1n afinando estrategias para estabilizar los precios del crudo, que actualmente est\u00e1n en ca\u00edda<\/span><br \/><span style=\"font-family: Verdana, sans-serif\"><\/span><br \/><span style=\"font-family: Verdana, sans-serif\">El jefe de Estado enfatiz\u00f3 que con Catar \u201cse han encontrado muchas coincidencias en los mecanismos para estabilizar los precios del barril de crudo\u201d y se\u00f1al\u00f3 que en las conversaciones con las autoridades de este pa\u00eds se hizo \u00e9nfasis en la explotaci\u00f3n de la Faja Petrol\u00edfera del Orinoco, el tratamiento del crudo y la petroqu\u00edmica. <\/p>\n<p>\u201cVenezuela y Catar rechazamos la utilizaci\u00f3n del petr\u00f3leo como arma geopol\u00edtica contra Rusia, nosotros en la OPEP utilizamos el petr\u00f3leo para poner de rodillas a Estados Unidos, lo utilizamos como un recurso natural (&#8230;) Catar y Venezuela apuntan hacia una nueva etapa del fortalecimiento de la OPEP\u201d, destac\u00f3 el mandatario a teleSUR.<\/p>\n<p>El enviado especial de teleSUR, Rolando Segura, report\u00f3 desde Doha que el pa\u00eds \u00e1rabe \u201cha reconocido la valent\u00eda del Presidente venezolano al liderar este esfuerzo internacional por estabilizar el mercado petrolero\u201d y a su vez \u201ccomenzar a tratar una estrategia que permita articular el consenso para la estabilidad de la econom\u00eda internacional\u201d.<br \/> <span style=\"color: blue\">Fuente: Telesur, Producci\u00f3n Riachuelo<\/span><\/span><br \/><span style=\"font-family: Verdana, sans-serif\"><\/p>\n<div style=\"clear: both;text-align: center\"><a href=\"http:\/\/4.bp.blogspot.com\/-nJQDh_LhQLk\/VLR2-mIGtpI\/AAAAAAAACTo\/_YjIZcCha-g\/s1600\/COOP%2BRIACHIUELO%2BPRODUCCIONES.jpg\" style=\"clear: left;float: left;margin-bottom: 1em;margin-right: 1em\"><img loading=\"lazy\" decoding=\"async\" border=\"0\" src=\"http:\/\/4.bp.blogspot.com\/-nJQDh_LhQLk\/VLR2-mIGtpI\/AAAAAAAACTo\/_YjIZcCha-g\/s1600\/COOP%2BRIACHIUELO%2BPRODUCCIONES.jpg\" height=\"58\" width=\"200\" \/><\/a><\/div>\n<p>&nbsp;<\/span><\/p>\n<h1>&nbsp;<\/h1>\n<p><\/p>\n<div>&lt;!&#8211;<a>                        <\/a>&#8211;&gt;           <\/div>\n","protected":false},"excerpt":{"rendered":"<p>LA UNION HACE LA FUERZA Maduro en Catar: \u00abEstamos construyendo una nueva etapa del mercado petrolero\u00bb El presidente venezolano, Nicol\u00e1s Maduro, inform\u00f3 este lunes, en el marco de su gira internacional por pa\u00edses de la Organizaci\u00f3n de Pa\u00edses Exportadores de Petr\u00f3leo (OPEP), que \u00abestamos construyendo una nueva del etapa mercado petrolero\u00bb para responder de manera [&hellip;]<\/p>\n","protected":false},"author":4,"featured_media":0,"comment_status":"open","ping_status":"open","sticky":false,"template":"","format":"standard","meta":{"_monsterinsights_skip_tracking":false,"_monsterinsights_sitenote_active":false,"_monsterinsights_sitenote_note":"","_monsterinsights_sitenote_category":0,"jnews-multi-image_gallery":[],"jnews_single_post":{"format":"standard"},"jnews_primary_category":[],"_joinchat":[],"footnotes":""},"categories":[58],"tags":[70,167],"class_list":["post-804","post","type-post","status-publish","format-standard","hentry","category-noticiariachuelo","tag-de-la-patria-grande","tag-politica-internacional"],"_links":{"self":[{"href":"http:\/\/fmriachuelo.it10.com.ar\/index.php\/wp-json\/wp\/v2\/posts\/804","targetHints":{"allow":["GET"]}}],"collection":[{"href":"http:\/\/fmriachuelo.it10.com.ar\/index.php\/wp-json\/wp\/v2\/posts"}],"about":[{"href":"http:\/\/fmriachuelo.it10.com.ar\/index.php\/wp-json\/wp\/v2\/types\/post"}],"author":[{"embeddable":true,"href":"http:\/\/fmriachuelo.it10.com.ar\/index.php\/wp-json\/wp\/v2\/users\/4"}],"replies":[{"embeddable":true,"href":"http:\/\/fmriachuelo.it10.com.ar\/index.php\/wp-json\/wp\/v2\/comments?post=804"}],"version-history":[{"count":1,"href":"http:\/\/fmriachuelo.it10.com.ar\/index.php\/wp-json\/wp\/v2\/posts\/804\/revisions"}],"predecessor-version":[{"id":22259,"href":"http:\/\/fmriachuelo.it10.com.ar\/index.php\/wp-json\/wp\/v2\/posts\/804\/revisions\/22259"}],"wp:attachment":[{"href":"http:\/\/fmriachuelo.it10.com.ar\/index.php\/wp-json\/wp\/v2\/media?parent=804"}],"wp:term":[{"taxonomy":"category","embeddable":true,"href":"http:\/\/fmriachuelo.it10.com.ar\/index.php\/wp-json\/wp\/v2\/categories?post=804"},{"taxonomy":"post_tag","embeddable":true,"href":"http:\/\/fmriachuelo.it10.com.ar\/index.php\/wp-json\/wp\/v2\/tags?post=804"}],"curies":[{"name":"wp","href":"https:\/\/api.w.org\/{rel}","templated":true}]}}