{"id":8037,"date":"2018-09-04T18:04:15","date_gmt":"2018-09-04T18:04:15","guid":{"rendered":"http:\/\/fmriachuelo.com.ar\/?p=8037"},"modified":"2018-09-04T18:04:15","modified_gmt":"2018-09-04T18:04:15","slug":"segundo-paro-y-movilizacion-migrante","status":"publish","type":"post","link":"http:\/\/fmriachuelo.it10.com.ar\/index.php\/2018\/09\/04\/segundo-paro-y-movilizacion-migrante\/","title":{"rendered":"SEGUNDO PARO Y MOVILIZACI\u00d3N MIGRANTE"},"content":{"rendered":"<p><strong>[FM Riachuelo 04\/09\/2018] Se llevo a cabo el segundo Paro Migrante organizado por los integrantes de la Campa\u00f1a Nacional \u00abMigrar no es delito\u00bb. Para exigirle al Gobierno la anulaci\u00f3n del DNU 70\/2017, para que se respeten sus derechos y por el reconocimiento de sus aportes. \u00a0La concentraci\u00f3n fue en Tribunales (Talcahuano 600) para luego marchar hasta el Congreso Nacional. El paro se replic\u00f3 en la Plata, Misiones, Jujuy, C\u00f3rdoba y Mendoza.<\/strong><\/p>\n<p>En la puerta de Tribunales bajo la consigna: \u201cMIGRAR NO ES DELITO\u201d, se instal\u00f3 una radio abierta para denunciar las pol\u00edticas racistas y xen\u00f3fobas del Gobierno Nacional. Estuvieron solidariz\u00e1ndose distintas colectividades migrantes, lxs trabajadorxs de T\u00e9lam, distintas organizaciones sociales y de \u00a0Derechos Humanos.<\/p>\n<p>Tom\u00e1s Eliaschev en representaci\u00f3n del Sindicato de Prensa, estuvo acompa\u00f1ando el reclamo <em>\u201ccomo trabajadores de prensa planteamos que enfrentar la represi\u00f3n y el racismo y pelear por un periodismo que est\u00e9 al servicio de los trabajadores que promueva los derechos humanos. Esa es nuestra lucha y por eso estamos ac\u00e1\u201d, <\/em>dijo a FM Riachuelo.<\/p>\n<p>Alexander integrante de la Campa\u00f1a Nacional que organiz\u00f3 el 2do Paro Migrante nos expres\u00f3, <em>\u201cHoy se celebra el d\u00eda del migrante en Argentina, y claramente vemos que los migrantes no tenemos nada que festejar. Hoy Argentina tuvo un retroceso en defensa de los derechos humanos, porque se cerraron las fronteras, hacen pasar al migrante legal como un inmigrante ilegal. Le manifestamos al gobierno que el DNU 70\/17 Y la aplicaci\u00f3n para detectar migrantes ilegales en los hospitales es una vulneraci\u00f3n a los derechos humanos e internacionales\u201d.<\/em><\/p>\n<p>Durante la radio abierta una delegaci\u00f3n de la campa\u00f1a #MigrarNoEsDelito ingres\u00f3 a \u00a0Tribunales para dejar una nota y exigir a la Corte Suprema que ratifique la inconstitucionalidad del DNU 70\/2017. Luego se march\u00f3\u00a0 hasta Plaza Congreso, donde se ley\u00f3 un documento y finaliz\u00f3 con actividades culturales.<\/p>\n<p><img loading=\"lazy\" decoding=\"async\" class=\"alignnone size-full wp-image-8039\" src=\"http:\/\/fmriachuelo.com.ar\/wp-content\/uploads\/2018\/09\/WhatsApp-Image-2018-09-04-at-2.35.36-PM.jpeg\" alt=\"\" width=\"800\" height=\"780\" \/><\/p>\n","protected":false},"excerpt":{"rendered":"<p>[FM Riachuelo 04\/09\/2018] Se llevo a cabo el segundo Paro Migrante organizado por los integrantes de la Campa\u00f1a Nacional \u00abMigrar no es delito\u00bb. Para exigirle al Gobierno la anulaci\u00f3n del DNU 70\/2017, para que se respeten sus derechos y por el reconocimiento de sus aportes. \u00a0La concentraci\u00f3n fue en Tribunales (Talcahuano 600) para luego marchar [&hellip;]<\/p>\n","protected":false},"author":5,"featured_media":8040,"comment_status":"open","ping_status":"open","sticky":false,"template":"","format":"standard","meta":{"_monsterinsights_skip_tracking":false,"_monsterinsights_sitenote_active":false,"_monsterinsights_sitenote_note":"","_monsterinsights_sitenote_category":0,"jnews-multi-image_gallery":[],"jnews_single_post":[],"jnews_primary_category":[],"_joinchat":[],"footnotes":""},"categories":[78,79,76],"tags":[],"class_list":["post-8037","post","type-post","status-publish","format-standard","has-post-thumbnail","hentry","category-economia-popular","category-nadie-se-salva-solo","category-salud-comunitaria"],"_links":{"self":[{"href":"http:\/\/fmriachuelo.it10.com.ar\/index.php\/wp-json\/wp\/v2\/posts\/8037","targetHints":{"allow":["GET"]}}],"collection":[{"href":"http:\/\/fmriachuelo.it10.com.ar\/index.php\/wp-json\/wp\/v2\/posts"}],"about":[{"href":"http:\/\/fmriachuelo.it10.com.ar\/index.php\/wp-json\/wp\/v2\/types\/post"}],"author":[{"embeddable":true,"href":"http:\/\/fmriachuelo.it10.com.ar\/index.php\/wp-json\/wp\/v2\/users\/5"}],"replies":[{"embeddable":true,"href":"http:\/\/fmriachuelo.it10.com.ar\/index.php\/wp-json\/wp\/v2\/comments?post=8037"}],"version-history":[{"count":0,"href":"http:\/\/fmriachuelo.it10.com.ar\/index.php\/wp-json\/wp\/v2\/posts\/8037\/revisions"}],"wp:featuredmedia":[{"embeddable":true,"href":"http:\/\/fmriachuelo.it10.com.ar\/index.php\/wp-json\/wp\/v2\/media\/8040"}],"wp:attachment":[{"href":"http:\/\/fmriachuelo.it10.com.ar\/index.php\/wp-json\/wp\/v2\/media?parent=8037"}],"wp:term":[{"taxonomy":"category","embeddable":true,"href":"http:\/\/fmriachuelo.it10.com.ar\/index.php\/wp-json\/wp\/v2\/categories?post=8037"},{"taxonomy":"post_tag","embeddable":true,"href":"http:\/\/fmriachuelo.it10.com.ar\/index.php\/wp-json\/wp\/v2\/tags?post=8037"}],"curies":[{"name":"wp","href":"https:\/\/api.w.org\/{rel}","templated":true}]}}