{"id":8031,"date":"2018-09-04T00:35:54","date_gmt":"2018-09-04T00:35:54","guid":{"rendered":"http:\/\/fmriachuelo.com.ar\/?p=8031"},"modified":"2018-09-04T00:35:54","modified_gmt":"2018-09-04T00:35:54","slug":"estatales-marcharon-contra-los-despidos-en-agroindustria-debemos-ejercer-poder-popular-y-ocupar-los-edificios-publicos","status":"publish","type":"post","link":"http:\/\/fmriachuelo.it10.com.ar\/index.php\/2018\/09\/04\/estatales-marcharon-contra-los-despidos-en-agroindustria-debemos-ejercer-poder-popular-y-ocupar-los-edificios-publicos\/","title":{"rendered":"ESTATALES MARCHARON CONTRA LOS DESPIDOS EN AGROINDUSTRIA: \u00abDEBEMOS EJERCER PODER POPULAR Y OCUPAR LOS EDIFICIOS P\u00daBLICOS\u00bb"},"content":{"rendered":"<p><strong>[FM RIACHUELO 03\/09\/2018] Hoy las y los trabajadores de agroindustria realizaron una movilizaci\u00f3n desde la sede del Ministerio que mantienen ocupado (ahora convertido en secretar\u00eda) hasta Plaza de Mayo para exigir la reincorporaci\u00f3n de los 560 despedidos de esa cartera. Repudiaron el achique estatal y los despidos en todos los sectores.<\/strong><\/p>\n<p><strong>Rompe el Cerco Informativo entrevist\u00f3 a Carina Maloberti, secretaria general de ATE SENASA<\/strong>, quien explic\u00f3 que luego de una asamblea decidieron\u00a0 movilizarse por el centro porte\u00f1o para visibilizar la situaci\u00f3n de los estatales: <em>\u00aben la segunda asamblea que se realiz\u00f3 a la tarde, se ratific\u00f3 la permanencia pac\u00edfica en el edificio (ya es el quinto d\u00eda de ocupaci\u00f3n). Son d\u00edas y noches que pasamos en ese lugar junto a los y las compa\u00f1eras, con todo lo que implica, como el cansancio y la tensi\u00f3n de tener que pasar las noches tambi\u00e9n junto a la infanter\u00eda que esta apostada en el patio del ministerio, para resguardar el despacho de Etchevehere\u00bb.<\/em><\/p>\n<p>La referente de ATE tambi\u00e9n habl\u00f3 de la decisi\u00f3n del gobierno de Macri de eliminar la mitad de los Ministerios, entre ellos el de Agroindustria que ahora ser\u00e1 una Secretar\u00eda que depender\u00e1 del Ministerio de Producci\u00f3n y Trabajo: <em>\u00abesa medida responde a un debilitamiento progresivo y desguace del Estado Nacional para poner de rodillas a la Naci\u00f3n y la autodeterminaci\u00f3n de nuestro pueblo para dejarlo sometido a las corporaciones e intereses for\u00e1neos\u00bb<\/em>. Desde que asumi\u00f3 la alianza CAMBIEMOS, las econom\u00edas regionales quedaron a merced del libre mercado y las pol\u00edticas destinadas a proteger a los peque\u00f1os productores (de la agricultura familiar) fueron suspendidas, la situaci\u00f3n del campo que produce los alimentos de todos los argentinos es angustiante en comparaci\u00f3n con la que viven los grandes exportadores de granos, que se vieron beneficiados con el modelo econ\u00f3mico actual de hambre y exclusi\u00f3n.<\/p>\n<p>Con respecto a las pr\u00f3ximas medidas de lucha de los y las trabajadoras de Agroindustria, la secretaria general de ATE SENASA explic\u00f3 que <em>\u00abno tenemos muchas expectativas de que vuelvan atr\u00e1s con los despidos, pero estamos decididos a tomar los organismos en nuestras manos, y pedir que den un paso al costado las personas que no tienen nada que hacer en la pol\u00edtica p\u00fablica\u00bb y remarc\u00f3 que esa \u00abes una forma de decir basta, es empezar a ejercer poder popular y hacernos cargo de nuestros edificios p\u00fablicos, levantar la voz y ejercer el derecho de resistir a un gobierno que no responde al pueblo\u00bb.<\/em><\/p>\n<p>Escucha la entrevista completa en el siguiente link:<\/p>\n<p><a href=\"https:\/\/radiocut.fm\/audiocut\/trabajadores-estatales-protestaron-por-los-despedidos-en-agroindustria\/\">ENTREVISTA A CARINA MALOBERTI SEC. GRAL. ATE SENASA<\/a><\/p>\n<p>&nbsp;<\/p>\n<p>&nbsp;<\/p>\n","protected":false},"excerpt":{"rendered":"<p>[FM RIACHUELO 03\/09\/2018] Hoy las y los trabajadores de agroindustria realizaron una movilizaci\u00f3n desde la sede del Ministerio que mantienen ocupado (ahora convertido en secretar\u00eda) hasta Plaza de Mayo para exigir la reincorporaci\u00f3n de los 560 despedidos de esa cartera. Repudiaron el achique estatal y los despidos en todos los sectores. Rompe el Cerco Informativo [&hellip;]<\/p>\n","protected":false},"author":5,"featured_media":8032,"comment_status":"open","ping_status":"open","sticky":false,"template":"","format":"standard","meta":{"_monsterinsights_skip_tracking":false,"_monsterinsights_sitenote_active":false,"_monsterinsights_sitenote_note":"","_monsterinsights_sitenote_category":0,"jnews-multi-image_gallery":[],"jnews_single_post":[],"jnews_primary_category":[],"_joinchat":[],"footnotes":""},"categories":[76],"tags":[],"class_list":["post-8031","post","type-post","status-publish","format-standard","has-post-thumbnail","hentry","category-salud-comunitaria"],"_links":{"self":[{"href":"http:\/\/fmriachuelo.it10.com.ar\/index.php\/wp-json\/wp\/v2\/posts\/8031","targetHints":{"allow":["GET"]}}],"collection":[{"href":"http:\/\/fmriachuelo.it10.com.ar\/index.php\/wp-json\/wp\/v2\/posts"}],"about":[{"href":"http:\/\/fmriachuelo.it10.com.ar\/index.php\/wp-json\/wp\/v2\/types\/post"}],"author":[{"embeddable":true,"href":"http:\/\/fmriachuelo.it10.com.ar\/index.php\/wp-json\/wp\/v2\/users\/5"}],"replies":[{"embeddable":true,"href":"http:\/\/fmriachuelo.it10.com.ar\/index.php\/wp-json\/wp\/v2\/comments?post=8031"}],"version-history":[{"count":0,"href":"http:\/\/fmriachuelo.it10.com.ar\/index.php\/wp-json\/wp\/v2\/posts\/8031\/revisions"}],"wp:featuredmedia":[{"embeddable":true,"href":"http:\/\/fmriachuelo.it10.com.ar\/index.php\/wp-json\/wp\/v2\/media\/8032"}],"wp:attachment":[{"href":"http:\/\/fmriachuelo.it10.com.ar\/index.php\/wp-json\/wp\/v2\/media?parent=8031"}],"wp:term":[{"taxonomy":"category","embeddable":true,"href":"http:\/\/fmriachuelo.it10.com.ar\/index.php\/wp-json\/wp\/v2\/categories?post=8031"},{"taxonomy":"post_tag","embeddable":true,"href":"http:\/\/fmriachuelo.it10.com.ar\/index.php\/wp-json\/wp\/v2\/tags?post=8031"}],"curies":[{"name":"wp","href":"https:\/\/api.w.org\/{rel}","templated":true}]}}