{"id":803,"date":"2015-01-13T02:13:00","date_gmt":"2015-01-13T02:13:00","guid":{"rendered":"http:\/\/fmriachuelo.observatorioess.org.ar\/index.php\/2015\/01\/13\/brasil-despiden-a-trabajadores-en-automotriz\/"},"modified":"2025-03-25T15:12:00","modified_gmt":"2025-03-25T18:12:00","slug":"brasil-despiden-a-trabajadores-en-automotriz","status":"publish","type":"post","link":"http:\/\/fmriachuelo.it10.com.ar\/index.php\/2015\/01\/13\/brasil-despiden-a-trabajadores-en-automotriz\/","title":{"rendered":"BRASIL: DESPIDEN A TRABAJADORES EN AUTOMOTRIZ"},"content":{"rendered":"<table align=\"center\" border=\"0\" cellpadding=\"3\" cellspacing=\"0\" style=\"width: 100%px\">\n<tbody>\n<tr>\n<td valign=\"top\"><span style=\"color: red;font-family: Verdana, sans-serif;font-size: large\"><strong>PARO INDEFINIDO EN VOLKSWAGEN POR 800 TRABAJADORES DESPEDIDOS<\/strong><\/span>&nbsp;<strong>&nbsp;&nbsp;&nbsp;&nbsp;&nbsp;&nbsp;&nbsp;<\/strong>&nbsp;<span style=\"color: #999999;font-family: Verdana, Arial, Helvetica, sans-serif;font-size: xx-small\"><strong><\/strong><\/span><span style=\"color: #000033;font-family: Verdana, Arial, Helvetica, sans-serif;font-size: xx-small\"><strong><\/strong><\/span>&nbsp;&nbsp;&nbsp;&nbsp;&nbsp;&nbsp;&nbsp;&nbsp;&nbsp;&nbsp;&nbsp;&nbsp;&nbsp;&nbsp;&nbsp;&nbsp; <\/td>\n<\/tr>\n<tr>\n<td colspan=\"2\" valign=\"top\"><span style=\"color: #f58220;font-family: Trebuchet MS, Verdana, Arial, Helvetica, sans-serif;font-size: large\">&nbsp;<\/p>\n<div style=\"clear: both;text-align: center\"><a href=\"http:\/\/1.bp.blogspot.com\/-WpRQA4IcCQU\/VLR99aAS5dI\/AAAAAAAACUE\/E1D_Q3f3rFk\/s1600\/brasil1.jpg\" style=\"clear: left;float: left;margin-bottom: 1em;margin-right: 1em\"><img loading=\"lazy\" decoding=\"async\" border=\"0\" src=\"http:\/\/1.bp.blogspot.com\/-WpRQA4IcCQU\/VLR99aAS5dI\/AAAAAAAACUE\/E1D_Q3f3rFk\/s1600\/brasil1.jpg\" height=\"240\" width=\"320\" \/><\/a><\/div>\n<p><\/span><span style=\"font-family: Verdana, sans-serif\"> <strong>Lo anunci\u00f3 el Sindicato de Metal\u00fargicos del cord\u00f3n industrial de San Pablo. Es en respuesta a la masiva despedida de unos 800 trabajadores de la filial en Brasil de la automotriz Volkswagen. La empresa se justific\u00f3 y dijo en un comunicado que \u201clos despidos buscan mejorar la competitividad de la f\u00e1brica frente al escenario actual\u201d.<\/strong><br \/><\/span><span style=\"font-family: Verdana, sans-serif\">La resoluci\u00f3n fue tomada en una serie de asambleas en las que participaron m\u00e1s de 13.000 empleados de la empresa alemana. As\u00ed, el Sindicato de Metal\u00fargicos del ABC (como se conoce al cord\u00f3n industrial de los municipios de Santo Andr\u00e9, San Bernardo do Campo y San Caetano del Sur) aprob\u00f3 el \u00faltimo martes una huelga por tiempo indeterminado, en rechazo a la medida que deja a unos 800 trabajadores y empleados desocupados.<\/span><a name='more'><\/a><span style=\"font-family: Verdana, sans-serif\"><br \/>Las cesant\u00edas y despidos, est\u00e1n \u201cenfocadas en el mejoramiento de la competitividad de la f\u00e1brica frente al escenario actual del mercado y las proyecciones para 2015\u201d, seg\u00fan inform\u00f3 la empresa en un comunicado. Se trata de la unidad que la filial que la empresa alemana tiene en Sao Bernardo do Campo, en la regi\u00f3n metropolitana de San Pablo.<\/span><br \/><span style=\"font-family: Verdana\">\u201cLa industria pasa por retracci\u00f3n y buscamos desde julio a noviembre un acuerdo de reducci\u00f3n de costos junto al sindicato; en 2014 las ventas de la industria automotriz cayeron 7 por ciento en ventas y las exportaciones, sobre todo para la Argentina, 40 por ciento\u201d, explic\u00f3 un porta voz de la empresa en dialogo con medios locales.<\/span><span style=\"color: blue;font-family: Verdana\">Fuente: Anred, Producci\u00f3n Riachuelo<\/span><\/p>\n<div style=\"clear: both;text-align: center\"><a href=\"http:\/\/4.bp.blogspot.com\/-nJQDh_LhQLk\/VLR2-mIGtpI\/AAAAAAAACTo\/_YjIZcCha-g\/s1600\/COOP%2BRIACHIUELO%2BPRODUCCIONES.jpg\" style=\"clear: left;float: left;margin-bottom: 1em;margin-right: 1em\"><img loading=\"lazy\" decoding=\"async\" border=\"0\" src=\"http:\/\/4.bp.blogspot.com\/-nJQDh_LhQLk\/VLR2-mIGtpI\/AAAAAAAACTo\/_YjIZcCha-g\/s1600\/COOP%2BRIACHIUELO%2BPRODUCCIONES.jpg\" height=\"58\" width=\"200\" \/><\/a><\/div>\n<p>&nbsp;<\/td>\n<\/tr>\n<\/tbody>\n<\/table>\n","protected":false},"excerpt":{"rendered":"<p>PARO INDEFINIDO EN VOLKSWAGEN POR 800 TRABAJADORES DESPEDIDOS&nbsp;&nbsp;&nbsp;&nbsp;&nbsp;&nbsp;&nbsp;&nbsp;&nbsp;&nbsp;&nbsp;&nbsp;&nbsp;&nbsp;&nbsp;&nbsp;&nbsp;&nbsp;&nbsp;&nbsp;&nbsp;&nbsp;&nbsp;&nbsp;&nbsp; &nbsp; Lo anunci\u00f3 el Sindicato de Metal\u00fargicos del cord\u00f3n industrial de San Pablo. Es en respuesta a la masiva despedida de unos 800 trabajadores de la filial en Brasil de la automotriz Volkswagen. La empresa se justific\u00f3 y dijo en un comunicado que \u201clos despidos buscan mejorar [&hellip;]<\/p>\n","protected":false},"author":4,"featured_media":0,"comment_status":"open","ping_status":"open","sticky":false,"template":"","format":"standard","meta":{"_monsterinsights_skip_tracking":false,"_monsterinsights_sitenote_active":false,"_monsterinsights_sitenote_note":"","_monsterinsights_sitenote_category":0,"jnews-multi-image_gallery":[],"jnews_single_post":{"format":"standard"},"jnews_primary_category":[],"_joinchat":[],"footnotes":""},"categories":[58],"tags":[70,148],"class_list":["post-803","post","type-post","status-publish","format-standard","hentry","category-noticiariachuelo","tag-de-la-patria-grande","tag-trabajo"],"_links":{"self":[{"href":"http:\/\/fmriachuelo.it10.com.ar\/index.php\/wp-json\/wp\/v2\/posts\/803","targetHints":{"allow":["GET"]}}],"collection":[{"href":"http:\/\/fmriachuelo.it10.com.ar\/index.php\/wp-json\/wp\/v2\/posts"}],"about":[{"href":"http:\/\/fmriachuelo.it10.com.ar\/index.php\/wp-json\/wp\/v2\/types\/post"}],"author":[{"embeddable":true,"href":"http:\/\/fmriachuelo.it10.com.ar\/index.php\/wp-json\/wp\/v2\/users\/4"}],"replies":[{"embeddable":true,"href":"http:\/\/fmriachuelo.it10.com.ar\/index.php\/wp-json\/wp\/v2\/comments?post=803"}],"version-history":[{"count":1,"href":"http:\/\/fmriachuelo.it10.com.ar\/index.php\/wp-json\/wp\/v2\/posts\/803\/revisions"}],"predecessor-version":[{"id":22260,"href":"http:\/\/fmriachuelo.it10.com.ar\/index.php\/wp-json\/wp\/v2\/posts\/803\/revisions\/22260"}],"wp:attachment":[{"href":"http:\/\/fmriachuelo.it10.com.ar\/index.php\/wp-json\/wp\/v2\/media?parent=803"}],"wp:term":[{"taxonomy":"category","embeddable":true,"href":"http:\/\/fmriachuelo.it10.com.ar\/index.php\/wp-json\/wp\/v2\/categories?post=803"},{"taxonomy":"post_tag","embeddable":true,"href":"http:\/\/fmriachuelo.it10.com.ar\/index.php\/wp-json\/wp\/v2\/tags?post=803"}],"curies":[{"name":"wp","href":"https:\/\/api.w.org\/{rel}","templated":true}]}}